{"id":7534,"date":"2017-02-23T15:37:03","date_gmt":"2017-02-23T18:37:03","guid":{"rendered":"https:\/\/quasarcomunicacion.com.ar\/web\/?p=7534"},"modified":"2017-02-23T15:37:03","modified_gmt":"2017-02-23T18:37:03","slug":"taller-abierto-y-gratuito-en-pilar-como-planificar-un-ano-exitoso-2","status":"publish","type":"post","link":"https:\/\/quasarcomunicacion.com.ar\/web\/taller-abierto-y-gratuito-en-pilar-como-planificar-un-ano-exitoso-2\/","title":{"rendered":"Taller abierto y gratuito en Pilar: \u00abC\u00f3mo planificar un a\u00f1o exitoso\u00bb"},"content":{"rendered":"<p style=\"text-align: left;\" align=\"center\"><span style=\"font-family: Verdana; font-size: small;\">El pr\u00f3ximo <\/span><b style=\"font-family: Verdana; font-size: small;\">VIERNES 03 de marzo a las 10 hs<\/b><span style=\"font-family: Verdana; font-size: small;\">, los profesionales de <\/span><b style=\"font-family: Verdana; font-size: small;\">Erit Training<\/b><span style=\"font-family: Verdana; font-size: small;\">, formadores de la Certificaci\u00f3n de Coaching Ontol\u00f3gico Profesional, brindar\u00e1n el segundo <\/span><b style=\"font-family: Verdana; font-size: small;\">Taller abierto y gratuito a la comunidad sobre \u00abC\u00f3mo planificar un a\u00f1o exitoso\u00bb<\/b><span style=\"font-family: Verdana; font-size: small;\">. El mismo ser\u00e1 en la oficina 413 del cuarto piso de<\/span><b style=\"font-family: Verdana; font-size: small;\"> Pilar Point<\/b><span style=\"font-family: Verdana; font-size: small;\"> (Ruta 8 e Ituzaing\u00f3, Pilar centro).<!--more--><\/span><\/p>\n<p align=\"left\"><img loading=\"lazy\" class=\"aligncenter\" alt=\"\" src=\"http:\/\/www.quasarcomunicacion.com.ar\/erit\/taller2302a.gif\" width=\"550\" height=\"384\" border=\"0\" \/><\/p>\n<p><span style=\"font-family: Verdana; font-size: small;\">La entrada es libre y gratuita, s\u00f3lo requiere acreditaci\u00f3n previa completando el siguiente formulario: <a href=\"http:\/\/www.erit.com.ar\/inscripcion\"> http:\/\/www.erit.com.ar\/inscripcion<\/a> o enviando sus datos a <a href=\"mailto:gba@erit-training.com\">gba@erit-training.com<\/a> <\/span><\/p>\n<p><span style=\"font-family: Verdana; font-size: small;\">Durante la capacitaci\u00f3n se tratar\u00e1n los siguientes temas:<\/span><\/p>\n<p><span style=\"font-family: Verdana; font-size: small;\">\u2022 C\u00f3mo fijar metas, y enfocar sobre lo importante<br \/>\n\u2022 Identificando mi identidad operativa contextual.<br \/>\n\u2022 Descubriendo qui\u00e9n estoy siendo; apertura y flexibilidad para auto-descubrirme como potenciador de nuevas realidades<br \/>\n\u2022 La forma m\u00e1s efectiva de abrir el juego sobre lo que deseo alcanzar.<br \/>\n\u2022 C\u00f3mo afectan mis creencias sobre aquello que aspiro. <\/span><\/p>\n<p>&nbsp;<\/p>\n<p><span style=\"font-family: Verdana; font-size: small;\">\u00abNuestra propuesta para trabajar la idea de planificaci\u00f3n exitosa se basa en el reconocimiento personal de cada participante, es decir; en que cada uno se descubra a s\u00ed mismo, y con eso poder tomar mejores decisiones, con el auxilio de aquellos recursos con los que no contaba (no los conoc\u00eda o no sab\u00eda que los ten\u00eda) antes de darse cuenta que los llevaba consigo todo el tiempo pero ocultos en su mente\u00bb, indican los profesionales de <b>Erit<\/b>.<\/span><\/p>\n<p><span style=\"font-family: Verdana; font-size: small;\">La charla estar\u00e1 a cargo de los coaches Marina Berrutti, Male Alem e Isidro Odil\u00f3n L\u00f3pez, del staff de <b>Erit<\/b> que adem\u00e1s presentar\u00e1n la carrera de <b>Coaching Ontol\u00f3gico Profesional <\/b>que comenzar\u00e1 a dictarse en Pilar desde el mes de abril.<\/span><\/p>\n<p><span style=\"font-family: Verdana; font-size: small;\"><b>Acerca de la carrera de Coaching Ontol\u00f3gico Profesional en Pilar<\/b><\/span><\/p>\n<p><span style=\"font-family: Verdana; font-size: small;\"> A partir del mes de abril, en la oficina 413 de Pilar Point se comenzar\u00e1 a dictar la carrera de Coaching Ontol\u00f3gico con al aval de la fundaci\u00f3n Integrarse y alineada a los valores de la OCC &#8211; Internacional de Espa\u00f1a para su certificaci\u00f3n. La misma ya la ven\u00eda dictando <b>ERIT<\/b> en otras sedes de la entidad.<\/span><\/p>\n<p><span style=\"font-family: Verdana; font-size: small;\">La carrera tiene una duraci\u00f3n de 4 cuatrimestres, con un certificado intermedio al cabo de los primeros dos de Coach Life. <\/span><\/p>\n<p><span style=\"font-family: Verdana; font-size: small;\">Las modalidades de estudio <b> ERIT<\/b> han sido dise\u00f1adas con la flexibilidad necesaria para darle la oportunidad a sus alumnos de poder cursarla de forma intensiva y presencial. La cursada de los cuatrimestre es diurna y permite vivenciar la experiencia, en contacto con compa\u00f1eros y profesores. Solo se cursa una vez al mes de manera intensiva.<\/span><\/p>\n<p><span style=\"font-family: Verdana; font-size: small;\">Adem\u00e1s, <b>ERIT<\/b> otorga la posibilidad de adquirir experiencia realizando pr\u00e1cticas junto al Staff de Profesionales de la consultora. Esta actividad le dar\u00e1 a los alumnos la posibilidad de experimentar c\u00f3mo guiar y asistir did\u00e1cticamente a los grupos de estudio en su cursada.<\/span><\/p>\n<p><span style=\"font-family: Verdana; font-size: small;\">Cabe recordar que el coaching es un sistema de comunicaci\u00f3n positiva y efectiva que ense\u00f1a a preguntar, a escuchar, a responder, a tomar conciencia y a establecer un plan en acci\u00f3n con nuevas y mejores expectativas.<\/span><\/p>\n<p><span style=\"font-family: Verdana; font-size: small;\">Consiste en liberar el potencial de una persona para incrementar al m\u00e1ximo su desempe\u00f1o<\/span><\/p>\n<p><span style=\"font-family: Verdana; font-size: small;\">Con este sistema se logra alcanzar los objetivos y desarrollar todo el<br \/>\npotencial; generar habilidades interpersonales; proactividad y creatividad; mejorar la relaci\u00f3n con tus hijos adolescentes; conseguir dinero extra haciendo coaching; armoniza la comunicaci\u00f3n con tus padres; conseguir una salida laboral y aumentar tus ingresos; mejorar la relaci\u00f3n con tu pareja y ense\u00f1ar coaching para impactar a otras personas<\/span><\/p>\n<p><span style=\"font-family: Verdana; font-size: small;\">M\u00e1s info en <a href=\"http:\/\/www.erit.com.ar\/\">http:\/\/www.erit.com.ar<\/a> \/\/ <a href=\"https:\/\/www.facebook.com\/eritgba\"> https:\/\/www.facebook.com\/eritgba<\/a> \/\/ +54 9 115580-6527 \/\/ MAIL: <a href=\"mailto:gbs@erit-training.com\"> gbs@erit-training.com<\/a> <\/span><\/p>\n<p align=\"left\"><span style=\"font-size: small;\"><b><i><span style=\"font-family: Arial;\">Por otras im\u00e1genes, audios o entrevistas no dude en contactarse<\/span><\/i><\/b><\/span><\/p>\n<p align=\"center\"><span style=\"font-size: small;\"><b><i> Contactos de Prensa<\/i><\/b><\/span><\/p>\n<div align=\"left\">\n<table width=\"100%\" border=\"1\" cellpadding=\"2\" align=\"left\">\n<tbody>\n<tr>\n<td width=\"50%\">\n<p align=\"left\"><span style=\"font-size: medium;\"><strong> <span style=\"color: #808080; font-family: Arial; font-size: small;\"> Mayra Ibarra &#8211; Asistente de Cuentas<\/span><\/strong><\/span><\/p>\n<p><span style=\"font-size: xx-small;\"><span style=\"color: #ff0000;\"> Directo<\/span><b>: <\/b> 0230<\/span><span style=\"font-size: xx-small;\">-4664772<br \/>\n<\/span><span style=\"color: #ff0000; font-size: xx-small;\"> Skype:<\/span><span style=\"font-size: xx-small;\"> quasarcomunicacion<br \/>\n<\/span><span style=\"color: #ff0000; font-size: xx-small;\"> Twitter:<\/span><span style=\"font-size: xx-small;\"> @quasarpilar<br \/>\n<\/span><span style=\"color: #ff0000; font-size: xx-small;\"> Gr<\/span><span style=\"color: #ff0000; font-size: xx-small;\">upo y p\u00e1gina en Facebook: <\/span> <span style=\"color: #808080; font-size: xx-small;\">www.facebook.com\/<\/span><a href=\"mailto:mfipata@gmail.com\"><span style=\"font-size: xx-small;\">Quasar<\/span><\/a><span style=\"font-size: xx-small;\">Comunicacion<br \/>\n<\/span><span style=\"color: #ff0000; font-size: xx-small;\"> Web:<\/span><b><\/b> <a href=\"http:\/\/www.quasarcomunicacion.com.ar\/\"> <span style=\"font-size: xx-small;\">www.quasarcomunicacion.com.ar<\/span><\/a><\/p>\n<p align=\"left\"><span style=\"font-size: xx-small;\"> <span style=\"color: #ff0000;\">Mail<\/span><b>:<\/b><\/span><span style=\"font-size: xx-small;\"> <a href=\"mailto:fernanda@quasarcomunicacion.com.ar\"> quasar@quasarcomunicacion.com.ar<\/a><\/span><\/p>\n<\/td>\n<td width=\"50%\">\n<p align=\"right\"><span style=\"font-size: medium;\"><strong> <span style=\"color: #808080; font-family: Arial; font-size: small;\"> Lic. Mar\u00eda Fernanda Ipata &#8211; Directora<br \/>\n<\/span> <\/strong><\/span> <span style=\"font-size: xx-small;\"><span style=\"color: #ff0000;\"><br \/>\nDirecto<\/span><b>: <\/b> 0230<\/span><span style=\"font-size: xx-small;\">-4664772<\/span><span style=\"font-size: xx-small;\"><br \/>\n<\/span><span style=\"font-size: xx-small;\"> <span style=\"color: #ff0000;\">M\u00f3vil:<\/span><b> <\/b> 0230<\/span><span style=\"font-size: xx-small;\">-15-4584535<br \/>\n011-15-6096-4656 ID 558*3763<br \/>\n<\/span><span style=\"color: #ff0000; font-size: xx-small;\"> Skype:<\/span><span style=\"font-size: xx-small;\"> quasarcomunicacion<br \/>\n<\/span><span style=\"color: #ff0000; font-size: xx-small;\"> Twitter:<\/span><span style=\"font-size: xx-small;\"> @quasarpilar<br \/>\n<\/span><span style=\"color: #ff0000; font-size: xx-small;\"> Gr<\/span><span style=\"color: #ff0000; font-size: xx-small;\">upo y p\u00e1gina en Facebook: <\/span> <span style=\"color: #808080; font-size: xx-small;\">www.facebook.com\/<\/span><a href=\"mailto:mfipata@gmail.com\"><span style=\"font-size: xx-small;\">Quasar<\/span><\/a><span style=\"font-size: xx-small;\">Comunicacion<br \/>\n<\/span><span style=\"font-size: xx-small;\"> <span style=\"color: #ff0000;\">LinkedIn<\/span><b>:\u00a0 <\/b><\/span> <span style=\"font-size: xx-small;\"><b> <a href=\"http:\/\/www.linkedin.com\/in\/mfipata\"> http:\/\/www.linkedin.com\/in\/mfipata<\/a><\/b><\/span><span style=\"font-size: xx-small;\"><br \/>\n<\/span><span style=\"color: #ff0000; font-size: xx-small;\"> Web:<\/span><b><\/b> <a href=\"http:\/\/www.quasarcomunicacion.com.ar\/\"> <span style=\"font-size: xx-small;\">www.quasarcomunicacion.com.ar<\/span><\/a><span style=\"font-size: xx-small;\"><br \/>\n<\/span><span style=\"font-size: xx-small;\"> <span style=\"color: #ff0000;\"> Mail<\/span><b>:<\/b><\/span><span style=\"font-size: xx-small;\"><a href=\"mailto:fernanda@quasarcomunicacion.com.ar\"> fernanda@quasarcomunicacion.com.ar<\/a><\/span><\/p>\n<\/td>\n<\/tr>\n<\/tbody>\n<\/table>\n<\/div>\n","protected":false},"excerpt":{"rendered":"<p>El pr\u00f3ximo VIERNES 03 de marzo a las 10 hs, los profesionales de Erit Training, formadores de la Certificaci\u00f3n de [&hellip;]<\/p>\n","protected":false},"author":2,"featured_media":7535,"comment_status":"open","ping_status":"open","sticky":false,"template":"","format":"standard","meta":[],"categories":[2],"tags":[],"_links":{"self":[{"href":"https:\/\/quasarcomunicacion.com.ar\/web\/wp-json\/wp\/v2\/posts\/7534"}],"collection":[{"href":"https:\/\/quasarcomunicacion.com.ar\/web\/wp-json\/wp\/v2\/posts"}],"about":[{"href":"https:\/\/quasarcomunicacion.com.ar\/web\/wp-json\/wp\/v2\/types\/post"}],"author":[{"embeddable":true,"href":"https:\/\/quasarcomunicacion.com.ar\/web\/wp-json\/wp\/v2\/users\/2"}],"replies":[{"embeddable":true,"href":"https:\/\/quasarcomunicacion.com.ar\/web\/wp-json\/wp\/v2\/comments?post=7534"}],"version-history":[{"count":0,"href":"https:\/\/quasarcomunicacion.com.ar\/web\/wp-json\/wp\/v2\/posts\/7534\/revisions"}],"wp:featuredmedia":[{"embeddable":true,"href":"https:\/\/quasarcomunicacion.com.ar\/web\/wp-json\/wp\/v2\/media\/7535"}],"wp:attachment":[{"href":"https:\/\/quasarcomunicacion.com.ar\/web\/wp-json\/wp\/v2\/media?parent=7534"}],"wp:term":[{"taxonomy":"category","embeddable":true,"href":"https:\/\/quasarcomunicacion.com.ar\/web\/wp-json\/wp\/v2\/categories?post=7534"},{"taxonomy":"post_tag","embeddable":true,"href":"https:\/\/quasarcomunicacion.com.ar\/web\/wp-json\/wp\/v2\/tags?post=7534"}],"curies":[{"name":"wp","href":"https:\/\/api.w.org\/{rel}","templated":true}]}}