{"id":7526,"date":"2017-02-16T14:44:44","date_gmt":"2017-02-16T17:44:44","guid":{"rendered":"https:\/\/quasarcomunicacion.com.ar\/web\/?p=7526"},"modified":"2017-02-16T14:44:44","modified_gmt":"2017-02-16T17:44:44","slug":"juan-maria-segura-hay-que-extraer-de-los-chicos-su-mejor-version","status":"publish","type":"post","link":"https:\/\/quasarcomunicacion.com.ar\/web\/juan-maria-segura-hay-que-extraer-de-los-chicos-su-mejor-version\/","title":{"rendered":"Juan Mar\u00eda Segura \u201cHay que extraer de los chicos su mejor versi\u00f3n\u201d"},"content":{"rendered":"<p style=\"text-align: left;\" align=\"center\"><span style=\"font-family: Verdana; font-size: small;\">En el marco del <\/span><b style=\"font-family: Verdana; font-size: small;\">XIII Congreso de Educaci\u00f3n<\/b><span style=\"font-family: Verdana; font-size: small;\"> organizado por el <\/span><b style=\"font-family: Verdana; font-size: small;\">Polo Educativo Pilar<\/b><span style=\"font-family: Verdana; font-size: small;\">, llevado a cabo el 16 de este mes en la Universidad del Salvador sede Pilar, los asistentes tuvieron la oportunidad de escuchar la disertaci\u00f3n del Ing. Juan Mar\u00eda Segura.<!--more--><\/span><\/p>\n<p align=\"left\"><a href=\"https:\/\/quasarcomunicacion.com.ar\/web\/wp-content\/uploads\/2017\/02\/segura.gif\"><img class=\"aligncenter\" alt=\"segura\" src=\"https:\/\/quasarcomunicacion.com.ar\/web\/wp-content\/uploads\/2017\/02\/segura.gif\" \/><\/a><\/p>\n<p align=\"left\"><span style=\"font-family: Verdana; font-size: small;\">En su conferencia <b>\u201cEl Hombre en busca de Significado\u201d<\/b>, que fue la cuarta de la jornada, el orador fij\u00f3 su objetivo en \u201ctratar de hacer entender a los docentes que la pr\u00e1ctica educativa institucionalizada tiene que propiciar una educaci\u00f3n para la paz, y que eso es independiente del momento hist\u00f3rico en el que vivamos\u201d<\/span><\/p>\n<p align=\"left\"><span style=\"font-family: Verdana; font-size: small;\">Segura, experto en innovaci\u00f3n y gesti\u00f3n educativa, sostiene que \u201cla transformaci\u00f3n tecnol\u00f3gica ha desafiado la pr\u00e1ctica de acuerdos institucionales de todas las \u00e1reas, como la econom\u00eda, la religi\u00f3n, ha desafiado conceptos b\u00e1sicos de management y naturalmente ha desafiado pr\u00e1cticas de largo arraigo del sistema educativo. Tener la posibilidad de hablar haciendo un marco hist\u00f3rico de todas las innovaciones que ha habido en los \u00faltimos 20 a\u00f1os, nos puede dar la posibilidad de entender a los docentes participantes que hoy estamos desafiados a reencontrarle la val\u00eda a nuestro obrar, a nuestra forma de hacer y que a la vez tenemos que reinterpretar quien es la persona, hist\u00f3ricamente llamada alumno, a la que tengo que ayudar para que desarrolle en plenitud una vida y eventualmente una vocaci\u00f3n\u201d <\/span><\/p>\n<p align=\"left\"><span style=\"font-family: Verdana; font-size: small;\">\u201cHablar bajo el lema de hoy es un desaf\u00edo interesante porque en este momento el concepto de ciudadan\u00eda esta muy en cuestionamiento. Ciudadan\u00eda es un concepto referido a una practica civil, entonces tambi\u00e9n tenemos que poner entre signos de pregunta si nosotros definitivamente queremos propiciar una educaci\u00f3n para los ciudadanos o si tenemos que buscar un objetivo superior a los ciudadanos, que probablemente sea educar para la paz\u201d, continu\u00f3 Segura, haciendo referencia al lema del Congreso, Nuevos Alumnos, Nuevos Ciudadanos.<br \/>\n\u201cHay que educar para la paz, m\u00e1s que para la ciudadan\u00eda\u201d, asegur\u00f3<\/span><\/p>\n<p align=\"left\"><span style=\"font-family: Verdana; font-size: small;\">Al igual que todos los disertantes de la jornada, Juan Mar\u00eda Segura tambi\u00e9n dio su opini\u00f3n acerca de la pr\u00e1ctica docente actual, \u201cveo a los docentes preocupados, desconcertados, lidiando entre el tener que meterse en esta discusi\u00f3n de entender este nuevo mundo y tener que cumplir con las asignaturas cotidianas. Algunos de ellos los veo entusiasmados, alegres, y a otros, a muchos, los veo participando de esta discusi\u00f3n de manera intelectualmente deshonesta\u201d, sostuvo.<\/span><\/p>\n<p align=\"left\"><span style=\"font-family: Verdana; font-size: small;\">Adem\u00e1s, siendo autocr\u00edtico, destac\u00f3 que la parte m\u00e1s antip\u00e1tica de su charla, fue decir que \u201clos docentes nos ocupamos de trabajar con chicos que se saben y se reconocen ignorantes y por eso se abren al aprendizaje, y eso sobre lo que nosotros trabajamos todo el tiempo, los docentes y los adultos lo hemos abandonado. Se tiene que cambiar el chip y ponerse en la misma sinton\u00eda que los chicos. Eso va a lograr el acercamiento con los alumnos, que hoy se esta reclamando, reconocerse iguales\u201d<\/span><\/p>\n<p align=\"left\"><span style=\"font-family: Verdana; font-size: small;\">Finaliz\u00f3 diciendo que los docentes \u201ctienen que entender que el momento hist\u00f3rico que estamos viviendo es un momento de enormes oportunidades y esas oportunidades son capitalizables si uno cambia su forma de interactuar con el entorno y que eso abre un mundo de posibilidades, como lo que se vio hoy en el congreso\u201d<\/span><\/p>\n<p align=\"left\"><span style=\"font-family: Verdana; font-size: small;\"><b>Acerca del Lic. Juan Mar\u00eda Segura<\/b><\/span><span style=\"font-family: Verdana; font-size: xx-small;\"><br \/>\nEl Lic. Juan Mar\u00eda Segura es asesor, consultor y experto en innovaci\u00f3n y gesti\u00f3n educativa, con una extensa trayectoria profesional que combina posiciones directivas en proyectos e instituciones de educaci\u00f3n con una s\u00f3lida formaci\u00f3n acad\u00e9mica y pr\u00e1ctica de aula<br \/>\nOcup\u00f3 los cargos de Director de Reclutamiento para Cono Sur de Minerva Schools, Director de Desarrollo Institucional en la Universidad de San Andr\u00e9s, Director General de Educaci\u00f3n Digital del Gobierno de la Ciudad de Buenos Aires y Director Acad\u00e9mico y Director del MBA de UADE Business School, en la Universidad Argentina de la Empresa.<br \/>\nEs vicepresidente de la Asociaci\u00f3n de Graduados de la University of Chicago en Argentina e integrante del equipo de educaci\u00f3n de la Asociaci\u00f3n Civil Educar 2050.<br \/>\nDicta conferencias en Argentina y en el extranjero, y publica columnas de opini\u00f3n sobre cuestiones de innovaci\u00f3n educativa en diarios, revistas y medios especializados.<br \/>\nSu formaci\u00f3n acad\u00e9mica incluye un Master of Arts in Public Policy, University of Chicago (USA); un Mag\u00edster en Econom\u00eda y Ciencias Pol\u00edticas, Escuela Superior de Econom\u00eda y Administraci\u00f3n de Empresas, Argentina; un Mag\u00edster en Administraci\u00f3n de Empresas, Universidad Austral, Argentina. Es Ingeniero Agr\u00f3nomo, egresado de la Universidad de Buenos Aires, Argentina.<\/span><\/p>\n<p><span style=\"font-family: Verdana; font-size: small;\">M\u00e1s info escribiendo a <a href=\"mailto:congresos@poloeducativopilar.org.ar\"> congresos@poloeducativopilar.org.ar<\/a>.\u00a0 M\u00e1s Info en <a href=\"http:\/\/www.poloeducativopilar.org.ar\/\"> www.poloeducativopilar.org.ar<\/a> <\/span><\/p>\n<div align=\"left\">\n<table width=\"100%\" border=\"1\" cellpadding=\"2\" align=\"left\">\n<tbody>\n<tr>\n<td align=\"center\" width=\"50%\">\n<p align=\"left\"><strong> <span style=\"color: #ff0000; font-family: Arial; font-size: small;\">Candela Villanueva<\/span><\/strong><span style=\"font-size: medium;\"><strong><span style=\"color: #808080; font-family: Arial; font-size: small;\"> &#8211; Asistente de Cuentas<\/p>\n<p><\/span> <\/strong><\/span> <span style=\"font-size: xx-small;\"><span style=\"color: #ff0000;\"> Directo<\/span><b>: <\/b> 0230<\/span><span style=\"font-size: xx-small;\">-4664772<br \/>\n<\/span><span style=\"color: #ff0000; font-size: xx-small;\"> Skype:<\/span><span style=\"font-size: xx-small;\"> quasarcomunicacion<br \/>\n<\/span><span style=\"color: #ff0000; font-size: xx-small;\"> Twitter:<\/span><span style=\"font-size: xx-small;\"> @quasarpilar<br \/>\n<\/span><span style=\"color: #ff0000; font-size: xx-small;\"> Gr<\/span><span style=\"color: #ff0000; font-size: xx-small;\">upo y p\u00e1gina en Facebook: <\/span> <span style=\"color: #808080; font-size: xx-small;\">www.facebook.com\/<\/span><a href=\"mailto:mfipata@gmail.com\"><span style=\"font-size: xx-small;\">Quasar<\/span><\/a><span style=\"font-size: xx-small;\">Comunicacion<br \/>\n<\/span><span style=\"color: #ff0000; font-size: xx-small;\"> Web:<\/span><b><\/b> <a href=\"http:\/\/www.quasarcomunicacion.com.ar\/\"> <span style=\"font-size: xx-small;\">www.quasarcomunicacion.com.ar<\/span><\/a><\/p>\n<p align=\"left\"><span style=\"font-size: xx-small;\"> <span style=\"color: #ff0000;\">Mail<\/span><b>:<\/b><\/span><span style=\"font-size: xx-small;\"> <a href=\"mailto:fernanda@quasarcomunicacion.com.ar\"> candela@quasarcomunicacion.com.ar<\/a><\/span><\/p>\n<\/td>\n<td align=\"center\" width=\"50%\">\n<p align=\"left\"><span style=\"font-size: medium;\"><strong> <span style=\"color: #808080; font-family: Arial; font-size: small;\"> Mayra Ibarra &#8211; Asistente de Cuentas<\/p>\n<p><\/span> <\/strong><\/span> <span style=\"font-size: xx-small;\"><span style=\"color: #ff0000;\"> Directo<\/span><b>: <\/b> 0230<\/span><span style=\"font-size: xx-small;\">-4664772<br \/>\n<\/span><span style=\"color: #ff0000; font-size: xx-small;\"> Skype:<\/span><span style=\"font-size: xx-small;\"> quasarcomunicacion<br \/>\n<\/span><span style=\"color: #ff0000; font-size: xx-small;\"> Twitter:<\/span><span style=\"font-size: xx-small;\"> @quasarpilar<br \/>\n<\/span><span style=\"color: #ff0000; font-size: xx-small;\"> Gr<\/span><span style=\"color: #ff0000; font-size: xx-small;\">upo y p\u00e1gina en Facebook: <\/span> <span style=\"color: #808080; font-size: xx-small;\">www.facebook.com\/<\/span><a href=\"mailto:mfipata@gmail.com\"><span style=\"font-size: xx-small;\">Quasar<\/span><\/a><span style=\"font-size: xx-small;\">Comunicacion<br \/>\n<\/span><span style=\"color: #ff0000; font-size: xx-small;\"> Web:<\/span><b><\/b> <a href=\"http:\/\/www.quasarcomunicacion.com.ar\/\"> <span style=\"font-size: xx-small;\">www.quasarcomunicacion.com.ar<\/span><\/a><\/p>\n<p align=\"left\"><span style=\"font-size: xx-small;\"> <span style=\"color: #ff0000;\">Mail<\/span><b>:<\/b><\/span><span style=\"font-size: xx-small;\"> <a href=\"mailto:fernanda@quasarcomunicacion.com.ar\"> quasar@quasarcomunicacion.com.ar<\/a><\/span>\n<\/p>\n<\/td>\n<\/tr>\n<\/tbody>\n<\/table>\n<\/div>\n<p>&nbsp;<\/p>\n","protected":false},"excerpt":{"rendered":"<p>En el marco del XIII Congreso de Educaci\u00f3n organizado por el Polo Educativo Pilar, llevado a cabo el 16 de [&hellip;]<\/p>\n","protected":false},"author":2,"featured_media":7527,"comment_status":"open","ping_status":"open","sticky":false,"template":"","format":"standard","meta":[],"categories":[2],"tags":[],"_links":{"self":[{"href":"https:\/\/quasarcomunicacion.com.ar\/web\/wp-json\/wp\/v2\/posts\/7526"}],"collection":[{"href":"https:\/\/quasarcomunicacion.com.ar\/web\/wp-json\/wp\/v2\/posts"}],"about":[{"href":"https:\/\/quasarcomunicacion.com.ar\/web\/wp-json\/wp\/v2\/types\/post"}],"author":[{"embeddable":true,"href":"https:\/\/quasarcomunicacion.com.ar\/web\/wp-json\/wp\/v2\/users\/2"}],"replies":[{"embeddable":true,"href":"https:\/\/quasarcomunicacion.com.ar\/web\/wp-json\/wp\/v2\/comments?post=7526"}],"version-history":[{"count":0,"href":"https:\/\/quasarcomunicacion.com.ar\/web\/wp-json\/wp\/v2\/posts\/7526\/revisions"}],"wp:featuredmedia":[{"embeddable":true,"href":"https:\/\/quasarcomunicacion.com.ar\/web\/wp-json\/wp\/v2\/media\/7527"}],"wp:attachment":[{"href":"https:\/\/quasarcomunicacion.com.ar\/web\/wp-json\/wp\/v2\/media?parent=7526"}],"wp:term":[{"taxonomy":"category","embeddable":true,"href":"https:\/\/quasarcomunicacion.com.ar\/web\/wp-json\/wp\/v2\/categories?post=7526"},{"taxonomy":"post_tag","embeddable":true,"href":"https:\/\/quasarcomunicacion.com.ar\/web\/wp-json\/wp\/v2\/tags?post=7526"}],"curies":[{"name":"wp","href":"https:\/\/api.w.org\/{rel}","templated":true}]}}