{"id":7523,"date":"2017-02-16T13:37:32","date_gmt":"2017-02-16T16:37:32","guid":{"rendered":"https:\/\/quasarcomunicacion.com.ar\/web\/?p=7523"},"modified":"2017-02-16T13:37:32","modified_gmt":"2017-02-16T16:37:32","slug":"presentaron-la-plataforma-pilar-aprende-en-el-congreso-de-educacion","status":"publish","type":"post","link":"https:\/\/quasarcomunicacion.com.ar\/web\/presentaron-la-plataforma-pilar-aprende-en-el-congreso-de-educacion\/","title":{"rendered":"Presentaron la plataforma Pilar Aprende en el Congreso de Educaci\u00f3n"},"content":{"rendered":"<p style=\"text-align: left;\" align=\"center\"><span style=\"font-family: Verdana; font-size: small;\">La Secretaria de Educaci\u00f3n de la Municipalidad de Pilar, Dra. Marcela Campagnoli se hizo presente en la <b>XIII Edici\u00f3n del Congreso de Educaci\u00f3n<\/b>, organizado por el<b> Polo Educativo Pilar<\/b>, el jueves 16 de febrero en la Universidad del Salvador, para dar su discurso como autoridad del Municipio de Pilar. Adem\u00e1s, la <\/span> <span style=\"font-family: Verdana; font-size: small;\">Lic. Denise Abulafia present\u00f3 detalles <\/span> de la plataforma digital Pilar Aprende.<!--more--><\/p>\n<p><a href=\"https:\/\/quasarcomunicacion.com.ar\/web\/wp-content\/uploads\/2017\/02\/campagnoli.gif\"><img class=\"aligncenter\" alt=\"campagnoli\" src=\"https:\/\/quasarcomunicacion.com.ar\/web\/wp-content\/uploads\/2017\/02\/campagnoli.gif\" \/><\/a><\/p>\n<p><span style=\"font-family: Verdana; font-size: small;\">En primer lugar hizo una s\u00edntesis de lo realizado durante su gesti\u00f3n.<\/span><\/p>\n<p><span style=\"font-family: Verdana; font-size: small;\">\u201cMe emociona cada vez que vengo al Congreso c\u00f3mo hay docentes tan comprometidos que buscan siempre la manera, sorteando las reglas, de cumplir el milagro de la educaci\u00f3n. No importa las dificultades que tenga el alumno, siempre hay un docente que se preocupa por \u00e9l y por todos para poder acercarlo a la sabidur\u00eda, al conocimiento\u201d, dijo la funcionaria.<\/span><\/p>\n<p><span style=\"font-family: Verdana; font-size: small;\">Acerca de la gesti\u00f3n mencion\u00f3 \u201cestamos muy felices, falta mucho porque todav\u00eda no hemos podido intervenir en todos los edificios, pero estamos muy conformes en poder contribuir a que Pilar sea una ciudad educadora, ampliando la oferta acad\u00e9mica de terciarios y universitarios, mejorando los edificios, acercando programas de padrinazgo a las escuelas para que puedan realizarse en las cosas que est\u00e1n limitadas econ\u00f3micamente\u201d y continu\u00f3 \u201ces una oportunidad muy linda la que estamos teniendo, porque estamos trabajando todos en conjunto, decidiendo cuales son las prioridades que hay que darle a las obras que estamos haciendo en los distintos establecimientos educativos\u201d<\/span><\/p>\n<p><span style=\"font-family: Verdana; font-size: small;\">Campagnoli se demostr\u00f3 complacida al ver docentes y autoridades de escuelas municipales, p\u00fablicas y privadas participando del Congreso, \u201cme gratifica que seamos todos una comunidad comprometida con la educaci\u00f3n, porque dificultades en el aprendizaje hay en todos los extractos sociales, para que se realice este milagro de la educaci\u00f3n, que le permite a una persona proyectarse y armar su futuro\u201d<\/span><\/p>\n<p>&nbsp;<\/p>\n<p><span style=\"font-family: Verdana; font-size: small;\">En una conversaci\u00f3n se le pregunt\u00f3 acerca de la plataforma Pilar Aprende, en la que alumnos, docentes y padres podr\u00e1n acceder de manera gratuita a videos explicativos y ejercicios de toda la curr\u00edcula oficial de la Provincia de Buenos Aires correspondiente al nivel secundario.<\/span><\/p>\n<p><span style=\"font-family: Verdana; font-size: small;\">\u201cPilar Aprende, arranc\u00f3 en septiembre pero para diciembre ya hab\u00eda mas de 4000 inscriptos entre alumnos y docentes\u201d, declar\u00f3 Campagnoli. <\/span><\/p>\n<p><span style=\"font-family: Verdana; font-size: small;\">Los videos se encuentras disponibles y ordenados por a\u00f1o de cursada, materias y temas para que su b\u00fasqueda sea sencilla, directa y \u00e1gil. Tanto alumnos, docentes, y hasta los padres podr\u00e1n registrarse y armar un lugar de colaboraci\u00f3n para que los chicos puedan aprender en su propio tiempo y espacio.<\/span><\/p>\n<p><span style=\"font-family: Verdana; font-size: small;\">Y por \u00faltimo, la funcionaria destac\u00f3 \u201cLa plataforma se lanz\u00f3 en septiembre del a\u00f1o pasado para que los alumnos que se llevaban materias ya pudieran comenzar a usarlo, y ahora se comenzar\u00e1 el Ciclo Lectivo 2017\u201d<\/span><\/p>\n<p><span style=\"font-family: Verdana; font-size: small;\">M\u00e1s info escribiendo a <a href=\"mailto:congresos@poloeducativopilar.org.ar\"> congresos@poloeducativopilar.org.ar<\/a>.\u00a0 M\u00e1s Info en <a href=\"http:\/\/www.poloeducativopilar.org.ar\/\"> www.poloeducativopilar.org.ar<\/a> <\/span><\/p>\n<div align=\"left\">\n<table width=\"100%\" border=\"1\" cellpadding=\"2\" align=\"left\">\n<tbody>\n<tr>\n<td align=\"center\" width=\"50%\">\n<p align=\"left\"><strong> <span style=\"color: #ff0000; font-family: Arial; font-size: small;\">Candela Villanueva<\/span><\/strong><span style=\"font-size: medium;\"><strong><span style=\"color: #808080; font-family: Arial; font-size: small;\"> &#8211; Asistente de Cuentas<\/p>\n<p><\/span> <\/strong><\/span> <span style=\"font-size: xx-small;\"><span style=\"color: #ff0000;\"> Directo<\/span><b>: <\/b> 0230<\/span><span style=\"font-size: xx-small;\">-4664772<br \/>\n<\/span><span style=\"color: #ff0000; font-size: xx-small;\"> Skype:<\/span><span style=\"font-size: xx-small;\"> quasarcomunicacion<br \/>\n<\/span><span style=\"color: #ff0000; font-size: xx-small;\"> Twitter:<\/span><span style=\"font-size: xx-small;\"> @quasarpilar<br \/>\n<\/span><span style=\"color: #ff0000; font-size: xx-small;\"> Gr<\/span><span style=\"color: #ff0000; font-size: xx-small;\">upo y p\u00e1gina en Facebook: <\/span> <span style=\"color: #808080; font-size: xx-small;\">www.facebook.com\/<\/span><a href=\"mailto:mfipata@gmail.com\"><span style=\"font-size: xx-small;\">Quasar<\/span><\/a><span style=\"font-size: xx-small;\">Comunicacion<br \/>\n<\/span><span style=\"color: #ff0000; font-size: xx-small;\"> Web:<\/span><b><\/b> <a href=\"http:\/\/www.quasarcomunicacion.com.ar\/\"> <span style=\"font-size: xx-small;\">www.quasarcomunicacion.com.ar<\/span><\/a><\/p>\n<p align=\"left\"><span style=\"font-size: xx-small;\"> <span style=\"color: #ff0000;\">Mail<\/span><b>:<\/b><\/span><span style=\"font-size: xx-small;\"> <a href=\"mailto:fernanda@quasarcomunicacion.com.ar\"> candela@quasarcomunicacion.com.ar<\/a><\/span><\/p>\n<\/td>\n<td align=\"center\" width=\"50%\">\n<p align=\"left\"><span style=\"font-size: medium;\"><strong> <span style=\"color: #808080; font-family: Arial; font-size: small;\"> Mayra Ibarra &#8211; Asistente de Cuentas<\/p>\n<p><\/span> <\/strong><\/span> <span style=\"font-size: xx-small;\"><span style=\"color: #ff0000;\"> Directo<\/span><b>: <\/b> 0230<\/span><span style=\"font-size: xx-small;\">-4664772<br \/>\n<\/span><span style=\"color: #ff0000; font-size: xx-small;\"> Skype:<\/span><span style=\"font-size: xx-small;\"> quasarcomunicacion<br \/>\n<\/span><span style=\"color: #ff0000; font-size: xx-small;\"> Twitter:<\/span><span style=\"font-size: xx-small;\"> @quasarpilar<br \/>\n<\/span><span style=\"color: #ff0000; font-size: xx-small;\"> Gr<\/span><span style=\"color: #ff0000; font-size: xx-small;\">upo y p\u00e1gina en Facebook: <\/span> <span style=\"color: #808080; font-size: xx-small;\">www.facebook.com\/<\/span><a href=\"mailto:mfipata@gmail.com\"><span style=\"font-size: xx-small;\">Quasar<\/span><\/a><span style=\"font-size: xx-small;\">Comunicacion<br \/>\n<\/span><span style=\"color: #ff0000; font-size: xx-small;\"> Web:<\/span><b><\/b> <a href=\"http:\/\/www.quasarcomunicacion.com.ar\/\"> <span style=\"font-size: xx-small;\">www.quasarcomunicacion.com.ar<\/span><\/a><\/p>\n<p align=\"left\"><span style=\"font-size: xx-small;\"> <span style=\"color: #ff0000;\">Mail<\/span><b>:<\/b><\/span><span style=\"font-size: xx-small;\"> <a href=\"mailto:fernanda@quasarcomunicacion.com.ar\"> quasar@quasarcomunicacion.com.ar<\/a><\/span>\n<\/p>\n<\/td>\n<\/tr>\n<\/tbody>\n<\/table>\n<\/div>\n<p align=\"right\">\n<hr \/>\n<p align=\"left\">\n<p align=\"left\">\n<p align=\"left\">\n<p align=\"left\">\n","protected":false},"excerpt":{"rendered":"<p>La Secretaria de Educaci\u00f3n de la Municipalidad de Pilar, Dra. Marcela Campagnoli se hizo presente en la XIII Edici\u00f3n del [&hellip;]<\/p>\n","protected":false},"author":2,"featured_media":7524,"comment_status":"open","ping_status":"open","sticky":false,"template":"","format":"standard","meta":[],"categories":[2],"tags":[],"_links":{"self":[{"href":"https:\/\/quasarcomunicacion.com.ar\/web\/wp-json\/wp\/v2\/posts\/7523"}],"collection":[{"href":"https:\/\/quasarcomunicacion.com.ar\/web\/wp-json\/wp\/v2\/posts"}],"about":[{"href":"https:\/\/quasarcomunicacion.com.ar\/web\/wp-json\/wp\/v2\/types\/post"}],"author":[{"embeddable":true,"href":"https:\/\/quasarcomunicacion.com.ar\/web\/wp-json\/wp\/v2\/users\/2"}],"replies":[{"embeddable":true,"href":"https:\/\/quasarcomunicacion.com.ar\/web\/wp-json\/wp\/v2\/comments?post=7523"}],"version-history":[{"count":0,"href":"https:\/\/quasarcomunicacion.com.ar\/web\/wp-json\/wp\/v2\/posts\/7523\/revisions"}],"wp:featuredmedia":[{"embeddable":true,"href":"https:\/\/quasarcomunicacion.com.ar\/web\/wp-json\/wp\/v2\/media\/7524"}],"wp:attachment":[{"href":"https:\/\/quasarcomunicacion.com.ar\/web\/wp-json\/wp\/v2\/media?parent=7523"}],"wp:term":[{"taxonomy":"category","embeddable":true,"href":"https:\/\/quasarcomunicacion.com.ar\/web\/wp-json\/wp\/v2\/categories?post=7523"},{"taxonomy":"post_tag","embeddable":true,"href":"https:\/\/quasarcomunicacion.com.ar\/web\/wp-json\/wp\/v2\/tags?post=7523"}],"curies":[{"name":"wp","href":"https:\/\/api.w.org\/{rel}","templated":true}]}}