{"id":7518,"date":"2017-02-16T13:01:08","date_gmt":"2017-02-16T16:01:08","guid":{"rendered":"https:\/\/quasarcomunicacion.com.ar\/web\/?p=7518"},"modified":"2017-02-16T13:01:08","modified_gmt":"2017-02-16T16:01:08","slug":"pablo-fiuza-la-tecnologia-es-inclusiva","status":"publish","type":"post","link":"https:\/\/quasarcomunicacion.com.ar\/web\/pablo-fiuza-la-tecnologia-es-inclusiva\/","title":{"rendered":"Pablo Fiuza: \u201cLa tecnolog\u00eda es inclusiva\u201d"},"content":{"rendered":"<p style=\"text-align: left;\" align=\"center\"><span style=\"font-family: Verdana; font-size: small;\">El Lic. en An\u00e1lisis de la Informaci\u00f3n Pablo Fiuza, fue encargado de la segunda conferencia <\/span><b style=\"font-family: Verdana; font-size: small;\">\u201cTransformaci\u00f3n digital\u2026 pero con inclusi\u00f3n\u201d<\/b><span style=\"font-family: Verdana; font-size: small;\"> en el marco del<\/span><b style=\"font-family: Verdana; font-size: small;\"> XIII Congreso de Educaci\u00f3n<\/b><span style=\"font-family: Verdana; font-size: small;\">, que se desarroll\u00f3 en la Universidad del Salvador organizado por el <\/span><b style=\"font-family: Verdana; font-size: small;\">Polo Educativo Pilar <\/b><span style=\"font-family: Verdana; font-size: small;\">este jueves 16 de febrero.<!--more--><\/span><\/p>\n<p><span style=\"font-family: Verdana; font-size: small;\">La misma tuvo su enfoque en la transformaci\u00f3n digital actual, que revoluciona nuestro d\u00eda a d\u00eda, e hizo un recorrido sobre algunos aspectos b\u00e1sicos de esa transformaci\u00f3n tecnol\u00f3gica, en qu\u00e9 consiste, c\u00f3mo se est\u00e1 produciendo, qu\u00e9 se puede esperar en el corto plazo.<\/span><\/p>\n<p><span style=\"font-family: Verdana; font-size: small;\">\u201cLa tecnolog\u00eda esta atravesando muchos aspectos de nuestra vida y la educaci\u00f3n no es la excepci\u00f3n, entonces entiendo que lleg\u00f3 para quedarse\u201d, sostiene Fiuza, y contin\u00faa \u201clo que no est\u00e1 bueno y que no s\u00f3lo vemos en el \u00e1mbito de la educaci\u00f3n, es el miedo a lo desconocido. En t\u00e9rminos de educaci\u00f3n, los docentes no se embarcan a trabajar con tecnolog\u00eda por miedo. Lo que creo que tratamos de transmitir en la charla es, en un principio, que esto sucede en todos los aspectos, no solo en el \u00e1mbito de la educaci\u00f3n, todos sentimos ese temor porque no nacimos con los celulares, con la tecnolog\u00eda, no somos los famosos nativos digitales\u201d<\/span><\/p>\n<p><span style=\"font-family: Verdana; font-size: small;\">Fiuza mantuvo a los docentes expectantes, mientras impart\u00eda ejemplos, e ideas innovadoras para aplicar la tecnolog\u00eda en la educaci\u00f3n de forma inclusiva y personalizada. Entre esas ideas se encuentra Youtube. El Lic. continu\u00f3, \u201ctratamos el fen\u00f3meno de Youtube, porque el tema de los videos se esta hablando cada vez mas. Hay muchas herramientas en la plataforma, se puede trabajar con ella porque es muy simple. Darles una clase a los chicos, dar alguna exposici\u00f3n, son algunos ejemplos. Se debe usar tecnolog\u00eda para pasar informaci\u00f3n, adem\u00e1s, esta probado que los alumnos se ven atra\u00eddos por celulares o tablets, y quieren empezar a usarlos en el \u00e1mbito de la educaci\u00f3n\u201d<br \/>\nAdem\u00e1s, comparti\u00f3 la experiencia de Proyecto DANE (http:\/\/www.proyectodane.org\/). <\/span><\/p>\n<p><span style=\"font-family: Verdana; font-size: small;\">\u201cEs un proyecto que est\u00e1 formado por gente que conoce mucho de discapacidad, gente que conoce mucho de tecnolog\u00eda, que hoy ya tiene casi 15 aplicaciones desarrolladas, que se pueden descargar gratuitamente y tienen caracter\u00edsticas particulares para los chicos. Eso es algo en lo que hemos avanzado y es algo en lo que estamos trabajando para desarrollar m\u00e1s aplicaciones, sobre todo con habilidades de la vida diaria\u201d<\/span><\/p>\n<p><span style=\"font-family: Verdana; font-size: small;\">Las aplicaciones desarrolladas por el Proyecto Dane, que coordina el Lic. Pablo Fiuza, son utilizadas para ense\u00f1ar en varias escuelas.<\/span><\/p>\n<p><span style=\"font-family: Verdana; font-size: small;\">\u201cEstoy convencido que los profesores se van a animar a usar estas nuevas herramientas. Me encantar\u00eda que hoy se lleven simplemente en la cabeza empezar a mirar la tecnolog\u00eda como algo diferente, como un aspecto que puede darle muchas posibilidades y no como una traba de cara a sus alumnos, con eso me parece que es sembrar la semilla, un primer paso\u201d, finaliza Fiuza.<\/span><\/p>\n<p><span style=\"font-family: Verdana; font-size: small;\"><b>Acerca del Lic. Pablo Fiuza<\/b><\/span><\/p>\n<p><span style=\"font-family: Verdana; font-size: xx-small;\">Pablo Fiuza es Licenciado en An\u00e1lisis de la Informaci\u00f3n, emprendedor y amante de la tecnolog\u00eda desde peque\u00f1o.<br \/>\nCoordinador del Proyecto DANE, dedicado a la generaci\u00f3n de software para ni\u00f1os y j\u00f3venes con discapacidad.<br \/>\nEs fundador y actual CEO de Qservices, empresa orientada a generar servicios de desarrollo de software corporativo, y miembro de la Comisi\u00f3n Directiva de la C\u00e1mara de Empresas de Software y Servicios Inform\u00e1ticos<br \/>\nHa llevado adelante e impulsado varios proyectos con el fin de incorporar la tecnolog\u00eda en proyectos sociales.<br \/>\nHa sido orador en el Tedx Rio de la Plata Educaci\u00f3n 2015 y elegido Emprendedor Social por Cemex y el Polit\u00e9cnico de Monterrey (M\u00e9xico) en su edici\u00f3n 2016, entre otros reconocimientos.<\/span><\/p>\n<p><span style=\"font-family: Verdana; font-size: small;\">M\u00e1s info escribiendo a <a href=\"mailto:congresos@poloeducativopilar.org.ar\"> congresos@poloeducativopilar.org.ar<\/a>.\u00a0 M\u00e1s Info en <a href=\"http:\/\/www.poloeducativopilar.org.ar\/\"> www.poloeducativopilar.org.ar<\/a> <\/span><\/p>\n","protected":false},"excerpt":{"rendered":"<p>El Lic. en An\u00e1lisis de la Informaci\u00f3n Pablo Fiuza, fue encargado de la segunda conferencia \u201cTransformaci\u00f3n digital\u2026 pero con inclusi\u00f3n\u201d [&hellip;]<\/p>\n","protected":false},"author":2,"featured_media":7519,"comment_status":"open","ping_status":"open","sticky":false,"template":"","format":"standard","meta":[],"categories":[2],"tags":[],"_links":{"self":[{"href":"https:\/\/quasarcomunicacion.com.ar\/web\/wp-json\/wp\/v2\/posts\/7518"}],"collection":[{"href":"https:\/\/quasarcomunicacion.com.ar\/web\/wp-json\/wp\/v2\/posts"}],"about":[{"href":"https:\/\/quasarcomunicacion.com.ar\/web\/wp-json\/wp\/v2\/types\/post"}],"author":[{"embeddable":true,"href":"https:\/\/quasarcomunicacion.com.ar\/web\/wp-json\/wp\/v2\/users\/2"}],"replies":[{"embeddable":true,"href":"https:\/\/quasarcomunicacion.com.ar\/web\/wp-json\/wp\/v2\/comments?post=7518"}],"version-history":[{"count":0,"href":"https:\/\/quasarcomunicacion.com.ar\/web\/wp-json\/wp\/v2\/posts\/7518\/revisions"}],"wp:featuredmedia":[{"embeddable":true,"href":"https:\/\/quasarcomunicacion.com.ar\/web\/wp-json\/wp\/v2\/media\/7519"}],"wp:attachment":[{"href":"https:\/\/quasarcomunicacion.com.ar\/web\/wp-json\/wp\/v2\/media?parent=7518"}],"wp:term":[{"taxonomy":"category","embeddable":true,"href":"https:\/\/quasarcomunicacion.com.ar\/web\/wp-json\/wp\/v2\/categories?post=7518"},{"taxonomy":"post_tag","embeddable":true,"href":"https:\/\/quasarcomunicacion.com.ar\/web\/wp-json\/wp\/v2\/tags?post=7518"}],"curies":[{"name":"wp","href":"https:\/\/api.w.org\/{rel}","templated":true}]}}