{"id":7456,"date":"2017-02-02T11:41:17","date_gmt":"2017-02-02T14:41:17","guid":{"rendered":"https:\/\/quasarcomunicacion.com.ar\/web\/?p=7456"},"modified":"2017-02-02T11:41:17","modified_gmt":"2017-02-02T14:41:17","slug":"en-febrero-comienzan-las-capacitaciones-de-verano-para-emprendedores","status":"publish","type":"post","link":"https:\/\/quasarcomunicacion.com.ar\/web\/en-febrero-comienzan-las-capacitaciones-de-verano-para-emprendedores\/","title":{"rendered":"En febrero comienzan las capacitaciones de verano para emprendedores"},"content":{"rendered":"<p style=\"text-align: left;\" align=\"center\"><b style=\"font-family: Verdana; font-size: small;\">Pilar Emprende<\/b><span style=\"font-family: Verdana; font-size: small;\"> junto a <\/span><b style=\"font-family: Verdana; font-size: small;\">Emprender Hoy <\/b><span style=\"font-family: Verdana; font-size: small;\">y a <\/span><b style=\"font-family: Verdana; font-size: small;\">BE Capacitaciones<\/b><span style=\"font-family: Verdana; font-size: small;\"> lanzan las Capacitaciones de Verano para Emprendedores en el mes de febrero, las cuales se realizar\u00e1n en las oficinas de Pilar Point.\u00a0 En esta oportunidad se suma el <\/span><b style=\"font-family: Verdana; font-size: small;\">Club de Emprendedores y Empresarios de la Argentina<\/b><span style=\"font-family: Verdana; font-size: small;\"> (www.ceea.club) que otorgar\u00e1 una beca del 50% a sus asociados para participar de las actividades presentando la credencial de socio.<!--more--><\/span><\/p>\n<p>\u00a0<span style=\"font-family: Verdana; font-size: small;\">El primer encuentro ser\u00e1 el mi\u00e9rcoles 8 de febrero con el<b> \u00abTALLER AUMENT\u00c1 TUS VENTAS EN 2017: 4 habilidades que todo emprendedor debe tener: contabilidad, ventas, inversiones y liderazgo\u00bb<\/b> que se dictar\u00e1 a las 9 hs en la oficina 413 de Pilar Point (Ruta 8 e Ituzaing\u00f3, Pilar) y ser\u00e1 dictada por Marina Berrutti de <b>BE Capacitaciones<\/b>.<\/span><\/p>\n<p><span style=\"font-family: Verdana; font-size: small;\">La inversi\u00f3n para participar del taller es de $500 (10% de descuento miembros de la Red de Emprendedores de Pilar aplicando el c\u00f3digo redempi). Adem\u00e1s se llevar\u00e1n de regalo el E-book \u00abAntes de Renunciar a tu Empleo\u00bb del autor de Padre Rico, Padre Pobre, Robert Kiyosaki. Pago de inscripci\u00f3n en <a href=\"http:\/\/emprenderhoy.com.ar\/producto\/ventas\"> http:\/\/emprenderhoy.com.ar\/producto\/ventas<\/a> <\/span><\/p>\n<p><span style=\"font-family: Verdana; font-size: small;\">Este taller proporciona a todo aquel que desea ser experto negociador, los conocimientos necesarios para desarrollar la habilidad de vender, dando especial \u00e9nfasis a la actividad de venta de sal\u00f3n, personalizada y telef\u00f3nica, tambi\u00e9n dejando atr\u00e1s una y mil historias de que \u00absi la suerte estuviera conmigo yo vender\u00eda mas\u00bb, si no se tienen las aptitudes necesarias para vender no hay suerte que valga, se necesita tener iniciativa, valor y entrega, sin esto el vendedor se convertir\u00e1 solo en un mon\u00f3tono y simple tomador de notas, como muchos que circulan en el \u00e1mbito de la compra venta. <\/span><\/p>\n<p><span style=\"font-family: Verdana; font-size: small;\">La segunda capacitaci\u00f3n tendr\u00e1 lugar el\u00a0 mi\u00e9rcoles 22 de febrero y tratar\u00e1 sobre <b> \u00abC\u00f3mo vender por Internet\u00bb<\/b>. Tambi\u00e9n se realizar\u00e1 en las oficinas de BE Capacitaciones en\u00a0 Pilar Point, oficina 413 (piso cuarto, BE Capacitaciones). En el taller se aprender\u00e1\u00a0 todo lo que hay que saber para poder ofrecer productos o servicios por internet y cobrarlos de forma on line brindando la posibilidad de hacerlo por diversos medios de pago. No es necesario contar con conocimientos previos. En caso de ser posible concurrir con notebooks para aplicar lo aprendido. El taller es dictado por profesionales de Qu\u00e1sar Comunicaci\u00f3n\u00a0<\/span><\/p>\n<p><span style=\"font-family: Verdana; font-size: small;\">Este taller tambi\u00e9n tiene una inversi\u00f3n de $ 500 pesos, 10% de descuento miembros de la red de Emprendedores de Pilar (abonando en nuestras oficinas, por dep\u00f3sito o transferencia bancaria o a trav\u00e9s de Mercado Pago)<br \/>\nEl costo incluye coffe break + taller 100% pr\u00e1ctico + networking + tutor\u00edas on line posteriores durante un mes. La inscripci\u00f3n se abona on line\u00a0 en\u00a0<a href=\"http:\/\/l.facebook.com\/l.php?u=http%3A%2F%2Femprenderhoy.com.ar%2Fproducto%2Fonline&amp;h=ATNGLnl26DDN3KQ9LMX9ZDDy0K6UBwVoM1uSBa8INvXZK6HnH0LUqMdaxHDwXFguv7ZG3q5V1QtfCjSnwMYx1rHxPK3KcO2NKAI8VwqF7-_5rqE5_hCucC6gDbq1qMZypsk&amp;enc=AZOdA0eGeBXBbXvSdyw3ah2vNtzGx-uuz4sCOp33lD3C7_cI6kD2Tr3XVIzT1n7y3nE&amp;s=1\" target=\"_blank\" rel=\"nofollow noopener noreferrer\">http:\/\/<wbr \/>emprenderhoy.com.ar\/<wbr \/>producto\/online<\/a><\/span><\/p>\n<p><span style=\"font-family: Verdana; font-size: small;\">M\u00e1s informaci\u00f3n o consultas escribiendo a <a href=\"mailto:contacto@pilaremprende.com.ar\"> contacto@pilaremprende.com.ar<\/a> o por whatsapp al 011 15 6742 7635<\/span><\/p>\n<p><b><span style=\"font-family: Verdana; font-size: small;\">Acerca de Pilar Emprende by Emprender HOY <\/span><\/b><\/p>\n<p><span style=\"font-family: Verdana; font-size: xx-small;\"><b> Pilar Emprende<\/b> surge a partir del trabajo de <b>Emprender HOY, <\/b>un espacio que busca otorgarle valor a los proyectos de emprendedores de la zona, acompa\u00f1arlos en su puesta en marcha y disfrutar en equipo de los objetivos cumplidos <\/span><\/p>\n<p><span style=\"font-family: Verdana; font-size: xx-small;\">Para cumplir con su misi\u00f3n, brindan herramientas, espacios de networking, capacitaciones, tips, noticias, consultor\u00eda y todo lo que necesita el emprendedor para crecer y conformar un s\u00f3lido ecosistema emprendedor. <\/span><\/p>\n<p><span style=\"font-family: Verdana; font-size: xx-small;\"><b>Pilar Emprende<\/b> es un espacio pensado por emprendedores para los emprendedores de Pilar que junto a <b>Emprender HOY<\/b> le brindan oportunidades para crecer con su proyecto<\/span><\/p>\n<p><span style=\"font-family: Verdana; font-size: xx-small;\">Adem\u00e1s, cuenta desde 2015 con el espacio radial Pilar Emprende Radio que durante 2015 se emite los martes de 15 a 17 hs por Radio X Pilar (FM 100.3 \/ <a href=\"http:\/\/www.radioxpilar.com\/\">www.radioxpilar.com<\/a>.ar) en su segunda temporada.<\/span><\/p>\n<p><span style=\"font-family: Verdana; font-size: xx-small;\"><b> Emprender HOY <\/b>es un espacio para todos los emprendedores que se materializa en diversos eventos como ferias, encuentros, capacitaciones, consultor\u00edas, espacios de networking, entre otros. <\/span><\/p>\n<p><span style=\"font-family: Verdana; font-size: xx-small;\">La raz\u00f3n de ser, la misi\u00f3n, de <b>Emprender HOY <\/b>es proporcionar al sector Emprendedor herramientas y conocimientos que le permitan desarrollar su propio emprendimiento e incorporar competencias que deriven en su mejora continua. <\/span><\/p>\n<p><span style=\"font-family: Verdana; font-size: xx-small;\">Desde la instituci\u00f3n buscan fomentar el autoempleo y la sustentabilidad de los proyectos contribuyendo a la generaci\u00f3n de valor econ\u00f3mico en la sociedad a trav\u00e9s de la creaci\u00f3n y sostenimiento de un ecosistema emprendedor. Aspiran a ser un canal de comunicaci\u00f3n entre los emprendedores y entre las instituciones y organismos dedicados a ellos <\/span><\/p>\n<p><span style=\"font-family: Verdana; font-size: xx-small;\">Tambi\u00e9n cuentan con un grupo de consultores independientes que acercan su saber a los emprendedores, gener\u00e1ndose una comunidad donde la informaci\u00f3n se comparte de forma exponencial y viral <\/span><\/p>\n<p><span style=\"font-size: small;\"><b><i><span style=\"font-family: Arial;\">Por otras im\u00e1genes, audios o entrevistas no dude en contactarse<\/span><\/i><\/b><\/span><\/p>\n<p align=\"center\"><span style=\"font-size: small;\"><b><i> Contactos de Prensa<\/i><\/b><\/span><\/p>\n<div align=\"left\">\n<table width=\"100%\" border=\"1\" cellpadding=\"2\" align=\"left\">\n<tbody>\n<tr>\n<td align=\"center\" width=\"50%\">\n<p align=\"left\"><strong><span style=\"color: #808080; font-family: Arial; font-size: small;\"> Mayra Ibarra- Asistente de Cuentas<\/span><\/strong><span style=\"font-size: medium;\"><strong><span style=\"color: #808080; font-family: Arial; font-size: small;\"><\/p>\n<p><\/span> <\/strong><\/span> <span style=\"font-size: xx-small;\"><span style=\"color: #ff0000;\"> Directo<\/span><b>: <\/b> 0230<\/span><span style=\"font-size: xx-small;\">-4664772<br \/>\n<\/span><span style=\"color: #ff0000; font-size: xx-small;\"> Skype:<\/span><span style=\"font-size: xx-small;\"> quasarcomunicacion<br \/>\n<\/span><span style=\"color: #ff0000; font-size: xx-small;\"> Twitter:<\/span><span style=\"font-size: xx-small;\"> @quasarpilar<br \/>\n<\/span><span style=\"color: #ff0000; font-size: xx-small;\"> Gr<\/span><span style=\"color: #ff0000; font-size: xx-small;\">upo y p\u00e1gina en Facebook: <\/span> <span style=\"color: #808080; font-size: xx-small;\">www.facebook.com\/<\/span><a href=\"mailto:mfipata@gmail.com\"><span style=\"font-size: xx-small;\">Quasar<\/span><\/a><span style=\"font-size: xx-small;\">Comunicacion<br \/>\n<\/span><span style=\"color: #ff0000; font-size: xx-small;\"> Web:<\/span><b><\/b> <a href=\"http:\/\/www.quasarcomunicacion.com.ar\/\"> <span style=\"font-size: xx-small;\">www.quasarcomunicacion.com.ar<\/span><\/a><\/p>\n<p align=\"left\"><span style=\"font-size: xx-small;\"> <span style=\"color: #ff0000;\">Mail<\/span><b>:<\/b><\/span><span style=\"font-size: xx-small;\"> <a href=\"mailto:fernanda@quasarcomunicacion.com.ar\"> quasar@quasarcomunicacion.com.ar<\/a><\/span><\/p>\n<\/td>\n<td align=\"center\" width=\"50%\">\n<p align=\"right\"><span style=\"font-size: medium;\"><strong> <span style=\"color: #808080; font-family: Arial; font-size: small;\"> Lic. Mar\u00eda Fernanda Ipata &#8211; Directora<br \/>\n<\/span> <\/strong><\/span> <span style=\"font-size: xx-small;\"><span style=\"color: #ff0000;\"><br \/>\nDirecto<\/span><b>: <\/b> 0230<\/span><span style=\"font-size: xx-small;\">-4664772<\/span><span style=\"font-size: xx-small;\"><br \/>\n<\/span><span style=\"font-size: xx-small;\"> <span style=\"color: #ff0000;\">M\u00f3vil:<\/span><b> <\/b> 0230<\/span><span style=\"font-size: xx-small;\">-15-4584535<br \/>\n011-15-6096-4656 ID 558*3763<br \/>\n<\/span><span style=\"color: #ff0000; font-size: xx-small;\"> Skype:<\/span><span style=\"font-size: xx-small;\"> quasarcomunicacion<br \/>\n<\/span><span style=\"color: #ff0000; font-size: xx-small;\"> Twitter:<\/span><span style=\"font-size: xx-small;\"> @quasarpilar<br \/>\n<\/span><span style=\"color: #ff0000; font-size: xx-small;\"> Gr<\/span><span style=\"color: #ff0000; font-size: xx-small;\">upo y p\u00e1gina en Facebook: <\/span> <span style=\"color: #808080; font-size: xx-small;\">www.facebook.com\/<\/span><a href=\"mailto:mfipata@gmail.com\"><span style=\"font-size: xx-small;\">Quasar<\/span><\/a><span style=\"font-size: xx-small;\">Comunicacion<br \/>\n<\/span><span style=\"font-size: xx-small;\"> <span style=\"color: #ff0000;\">LinkedIn<\/span><b>:\u00a0 <\/b><\/span> <span style=\"font-size: xx-small;\"><b> <a href=\"http:\/\/www.linkedin.com\/in\/mfipata\"> http:\/\/www.linkedin.com\/in\/mfipata<\/a><\/b><\/span><span style=\"font-size: xx-small;\"><br \/>\n<\/span><span style=\"color: #ff0000; font-size: xx-small;\"> Web:<\/span><b><\/b> <a href=\"http:\/\/www.quasarcomunicacion.com.ar\/\"> <span style=\"font-size: xx-small;\">www.quasarcomunicacion.com.ar<\/span><\/a><span style=\"font-size: xx-small;\"><br \/>\n<\/span><span style=\"font-size: xx-small;\"> <span style=\"color: #ff0000;\">Mail<\/span><b>:<\/b><\/span><span style=\"font-size: xx-small;\"><a href=\"mailto:fernanda@quasarcomunicacion.com.ar\"> fernanda@quasarcomunicacion.com.ar<\/a><\/span><\/p>\n<\/td>\n<\/tr>\n<\/tbody>\n<\/table>\n<\/div>\n","protected":false},"excerpt":{"rendered":"<p>Pilar Emprende junto a Emprender Hoy y a BE Capacitaciones lanzan las Capacitaciones de Verano para Emprendedores en el mes [&hellip;]<\/p>\n","protected":false},"author":2,"featured_media":4596,"comment_status":"open","ping_status":"open","sticky":false,"template":"","format":"standard","meta":[],"categories":[2],"tags":[],"_links":{"self":[{"href":"https:\/\/quasarcomunicacion.com.ar\/web\/wp-json\/wp\/v2\/posts\/7456"}],"collection":[{"href":"https:\/\/quasarcomunicacion.com.ar\/web\/wp-json\/wp\/v2\/posts"}],"about":[{"href":"https:\/\/quasarcomunicacion.com.ar\/web\/wp-json\/wp\/v2\/types\/post"}],"author":[{"embeddable":true,"href":"https:\/\/quasarcomunicacion.com.ar\/web\/wp-json\/wp\/v2\/users\/2"}],"replies":[{"embeddable":true,"href":"https:\/\/quasarcomunicacion.com.ar\/web\/wp-json\/wp\/v2\/comments?post=7456"}],"version-history":[{"count":0,"href":"https:\/\/quasarcomunicacion.com.ar\/web\/wp-json\/wp\/v2\/posts\/7456\/revisions"}],"wp:featuredmedia":[{"embeddable":true,"href":"https:\/\/quasarcomunicacion.com.ar\/web\/wp-json\/wp\/v2\/media\/4596"}],"wp:attachment":[{"href":"https:\/\/quasarcomunicacion.com.ar\/web\/wp-json\/wp\/v2\/media?parent=7456"}],"wp:term":[{"taxonomy":"category","embeddable":true,"href":"https:\/\/quasarcomunicacion.com.ar\/web\/wp-json\/wp\/v2\/categories?post=7456"},{"taxonomy":"post_tag","embeddable":true,"href":"https:\/\/quasarcomunicacion.com.ar\/web\/wp-json\/wp\/v2\/tags?post=7456"}],"curies":[{"name":"wp","href":"https:\/\/api.w.org\/{rel}","templated":true}]}}