{"id":7454,"date":"2017-01-31T13:36:36","date_gmt":"2017-01-31T16:36:36","guid":{"rendered":"https:\/\/quasarcomunicacion.com.ar\/web\/?p=7454"},"modified":"2017-01-31T13:36:36","modified_gmt":"2017-01-31T16:36:36","slug":"el-16-de-febrero-se-realizara-el-xiii-congreso-de-educacion-en-pilar","status":"publish","type":"post","link":"https:\/\/quasarcomunicacion.com.ar\/web\/el-16-de-febrero-se-realizara-el-xiii-congreso-de-educacion-en-pilar\/","title":{"rendered":"El 16 de febrero se realizar\u00e1 el XIII Congreso de Educaci\u00f3n en Pilar"},"content":{"rendered":"<p style=\"text-align: left;\" align=\"center\"><span style=\"font-family: Verdana;\"><span style=\"font-size: small;\">El pr\u00f3ximo jueves 16 de febrero, bajo el lema <b>\u201cNuevos Alumnos, Nuevos Ciudadanos\u201d<\/b> se llevar\u00e1 a cabo el <b>XIII Congreso de Educaci\u00f3n<\/b> organizado por el <b>Polo Educativo Pila<\/b>r, en el Campus Nuestra Se\u00f1ora del Pilar de la Universidad del Salvador. Para m\u00e1s informaci\u00f3n ingresar a <\/span> <span style=\"font-size: small;\"><a href=\"http:\/\/www.poloeducativopilar.org.ar\/\">\u00a0www.poloeducativopilar.org.ar<!--more--><\/a><\/span><\/span><\/p>\n<p><a href=\"https:\/\/quasarcomunicacion.com.ar\/web\/wp-content\/uploads\/2016\/02\/auditorio.gif\"><img class=\"aligncenter\" alt=\"auditorio\" src=\"https:\/\/quasarcomunicacion.com.ar\/web\/wp-content\/uploads\/2016\/02\/auditorio.gif\" \/><\/a><\/p>\n<p><span style=\"font-family: Verdana; font-size: small;\">El Congreso, que este a\u00f1o se realizar\u00e1 en una \u00fanica jornada para favorecer la participaci\u00f3n de los docentes, tratar\u00e1 tem\u00e1ticas en torno a tomar conciencia sobre el nuevo perfil que se desea que tenga el alumno hoy y en el futuro, teniendo en cuenta la actualidad de los j\u00f3venes.<\/span><\/p>\n<p><span style=\"font-family: Verdana; font-size: small;\">El Lic. Marcelo Gilly, Director Ejecutivo del <b>Polo Educativo Pilar<\/b>, asegura que esta edici\u00f3n del Congreso buscar\u00e1 \u201ccrear conciencia y generar reflexi\u00f3n acerca del perfil que queremos crear en el alumno hoy, pensando en el futuro.<br \/>\nPor eso hemos titulado este Congreso \u00ab<i>Nuevos Alumnos, Nuevos Ciudadanos\u00bb<\/i>, porque buscaremos formar a los chicos para que en el mediano y largo plazo puedan desempe\u00f1arse como ciudadanos con valores \u00e9ticos, respetuosos, solidarios, cuidadosos con el medio ambiente, y una serie de atributos que queremos que los alumnos tengan en el futuro\u201d.<\/span><\/p>\n<p><span style=\"font-family: Verdana; font-size: small;\">Para lograr estos objetivos, a la jornada de Congreso, que dar\u00e1 comienzo a las 8:30 hs en el Auditorio del Campus, se han convocado figuras entre las que se encuentran Silvana Corso, nominada entre las mejores 50 docentes del mundo, representando a nuestro pa\u00eds, y candidata a un premio nacional que se entregar\u00e1 en el mes de marzo. <\/span><\/p>\n<p><span style=\"font-family: Verdana; font-size: small;\">Tambi\u00e9n tendr\u00e1n su lugar las autoridades oficiales, que siempre cuentan con<br \/>\nun espacio para que los docentes puedan conocer cu\u00e1les son los objetivos para este a\u00f1o en materia de educaci\u00f3n, c\u00f3mo se est\u00e1 implementando el plan que tiene este gobierno, sus resultados, cu\u00e1les son sus prioridades este a\u00f1o y tambi\u00e9n conocer el perfil que se busca desde all\u00ed para el alumno.<\/span><\/p>\n<p><span style=\"font-family: Verdana; font-size: small;\">Por la tarde expondr\u00e1n Juan Mar\u00eda Segura y Miguel Espeche, dos personas<br \/>\nde reconocido prestigio en el \u00e1mbito educativo que tendr\u00e1n a cargo las \u00faltimas dos charlas de forma consecutiva.<\/span><\/p>\n<p><span style=\"font-family: Verdana; font-size: small;\">\u201cTendremos en este Congreso una jornada distinta, concentrada en un eje tem\u00e1tico que invitar\u00e1 a la reflexi\u00f3n y al an\u00e1lisis y que aportar\u00e1 un alto valor agregado a directivos y docentes del \u00e1mbito p\u00fablico y privado que asistan para que inicien el ciclo 2017 con una mirada diferente, una perspectiva nueva, enriquecida por el alto valor intelectual de sus expositores\u201d, sostiene Gilly.<\/span><\/p>\n<p><span style=\"font-family: Verdana; font-size: small;\">\u00abEste es el <b>XIII Congreso de Educaci\u00f3n<\/b>, son trece a\u00f1os consecutivos de aporte a la educaci\u00f3n de nuestro pa\u00eds, desde Pilar, capacitando a m\u00e1s de 13.000 directivos y docentes durante ese per\u00edodo\u00bb, afirma con entusiasmo y orgullo el Director Ejecutivo del PEP.<\/span><\/p>\n<p><span style=\"font-family: Verdana; font-size: small;\">Las inscripciones al <b>XIII Congreso de Educaci\u00f3n<\/b> ya se encuentran abiertas. Adem\u00e1s, los directivos y docentes de escuelas p\u00fablicas y municipales pueden inscribirse de forma gratuita escribiendo a congresos@poloeducativopilar.org.ar indicando su nombre y apellido, cargo e instituci\u00f3n a la que pertenece.<\/span><\/p>\n<p><span style=\"font-family: Verdana; font-size: small;\">Para docentes del sector privado el arancel para participar es de $ 600 por persona. Descuento del 10% por cada asistente de la misma instituci\u00f3n no socia del Polo Educativo Pilar cuando el n\u00famero supere los 3 inscriptos. Se pueden inscribir por mail a <a href=\"mailto:congresos@poloeducativopilar.org.ar\"> congresos@poloeducativopilar.org.ar<\/a> indicando nombre y apellido, cargo e instituci\u00f3n a la que pertenece. Los pagos de las inscripciones se har\u00e1n por transferencias bancarias.<\/span><\/p>\n<p><span style=\"text-decoration: underline;\"><b><span style=\"font-family: Verdana; font-size: small;\">Programa de Actividades: Jueves 16 de Febrero <\/span><\/b><\/span><\/p>\n<p><span style=\"font-family: Verdana; font-size: small;\">08:00 &#8211; Acreditaci\u00f3n de Participantes.<\/span><\/p>\n<p><span style=\"font-family: Verdana; font-size: small;\">08:30 &#8211; Apertura del Congreso.<\/span><\/p>\n<p><span style=\"font-family: Verdana; font-size: small;\">09:00 &#8211; Conferencia de Apertura: <b>\u201cEL CUERPO EN LA ESCUELA\u201d<\/b> por la Prof. Silvana Corso<br \/>\nLa Profesora Silvana Corso que ha sido nominada entre los 50 mejores educadores del mundo para obtener el Global Teacher Prize, premio internacional que otorgar\u00e1 en marzo 2017 la Fundaci\u00f3n Varkey, por su \u201cmodelo de escuela inclusiva\u201d recorrer\u00e1, en esta conferencia, la implementaci\u00f3n del Proyecto (Inclusivo), pero tambi\u00e9n tratar\u00e1 algunos aspectos de la \u201crepresentaci\u00f3n social de la discapacidad\u201d: el impacto en la poblaci\u00f3n docente, no por la presencia en el aula de un alumno en silla de ruedas, sino de la patolog\u00eda del que es \u201cportador\u201d. <\/span><\/p>\n<p><span style=\"font-family: Verdana; font-size: small;\">10:00 \u2013 Conferencia: <b> \u201cTRANSFORMACI\u00d3N DIGITAL\u2026PERO CON INCLUSI\u00d3N\u201d<\/b> por el Lic. Pablo Fiuzza<br \/>\n\u00abEn la actualidad, donde la transformaci\u00f3n digital est\u00e1 revolucionando nuestro d\u00eda a d\u00eda, vamos a recorrer algunos aspectos b\u00e1sicos de esa transformaci\u00f3n tecnol\u00f3gica, en que consiste, como se est\u00e1 produciendo, que podemos esperar en el corto plazo. Ejemplos e ideas para aplicarla en el mundo de la educaci\u00f3n haci\u00e9ndolo de una manera inclusiva y personalizada. Contaremos la experiencia de Proyecto DANE (www.proyectodane.org) y como sus aplicaciones son utilizadas hoy para ense\u00f1ar en varias escuelas.\u00bb <\/span><\/p>\n<p><span style=\"font-family: Verdana; font-size: small;\">10:45 \u2013 Coffee<\/span><\/p>\n<p><span style=\"font-family: Verdana; font-size: small;\">11:15 &#8211; <b>Conferencia &#8211; Autoridades Provinciales<\/b><br \/>\nEste espacio estar\u00e1 destinado a conocer cu\u00e1l es el perfil del alumno-ciudadano que desean lograr las autoridades oficiales para el futuro a trav\u00e9s de la implementaci\u00f3n de pol\u00edticas educativas. <\/span><\/p>\n<p><span style=\"font-family: Verdana; font-size: small;\">12:30 &#8211; Almuerzo libre<\/span><\/p>\n<p>13:30 Conferencia: <b>\u201cEN BUSCA DEL SIGNIFICADO\u201d<\/b> por el Lic. Juan Mar\u00eda Segura<br \/>\nSeg\u00fan un informe del Foro Econ\u00f3mico Mundial, para el a\u00f1o 2020 habr\u00e1 4 billones de personas navegando diariamente por una red que tendr\u00e1 24 billones de aparatos conectados. Esa red, inexistente hace 25 a\u00f1os, se llama internet y forma parte del conjunto de TICs que cre\u00f3 una red mundial de intercambio de informaci\u00f3n y de producci\u00f3n sin precedentes. Nunca antes en su historia el ser humano se enfrent\u00f3 a una invenci\u00f3n tan disruptiva, con consecuencias tan transformadoras en todos los \u00f3rdenes de la vida. Frente a este panorama novedoso y de escala planetaria, se torna imprescindible acordar nuevas visiones que permitan recrear un sistema de instituciones que est\u00e9 en condiciones de formar ciudadanos responsables, comprometidos y sensibles.<\/p>\n<p><span style=\"font-family: Verdana; font-size: small;\">15:00 \u2013 Breve intervalo (15 minutos)<\/span><\/p>\n<p><span style=\"font-family: Verdana; font-size: small;\">15:15 Conferencia: <b>\u201cEL CAMINO DEL ENTUSIASMO A LA HORA DE EDUCAR EN VALORES\u201d <\/b>por el Lic. Miguel Espeche<br \/>\nLa exposici\u00f3n parte de la base de que no existe realmente una educaci\u00f3n en valores sin la participaci\u00f3n del entusiasmo de aquellos que educan. Sin entusiasmo, los enunciados \u00e9ticos no logran encarnadura y corren el riesgo de diluirse en mero voluntarismo. Por tal motivo, el contacto con las ra\u00edces vocacionales que habitan en cada docente se hace esencial, para lograr desde all\u00ed una genuina educaci\u00f3n \u00e9tica y ciudadana. <\/span><\/p>\n<p><span style=\"font-family: Verdana; font-size: small;\">16:30 &#8211; Fin de las actividades y cierre del Congreso <\/span><\/p>\n<p><span style=\"font-family: Verdana; font-size: small;\">M\u00e1s info escribiendo a <a href=\"mailto:congresos@poloeducativopilar.org.ar\"> congresos@poloeducativopilar.org.ar<\/a>.\u00a0 M\u00e1s Info en <a href=\"http:\/\/www.poloeducativopilar.org.ar\/\"> www.poloeducativopilar.org.ar<\/a> <\/span><\/p>\n<div align=\"left\">\n<table width=\"100%\" border=\"1\" cellpadding=\"2\" align=\"left\">\n<tbody>\n<tr>\n<td align=\"center\" width=\"50%\">\n<p align=\"left\"><strong> <span style=\"color: #ff0000; font-family: Arial; font-size: small;\">Candela Villanueva<\/span><\/strong><span style=\"font-size: medium;\"><strong><span style=\"color: #808080; font-family: Arial; font-size: small;\"> &#8211; Asistente de Cuentas<\/span><\/strong><\/span><\/p>\n<p><span style=\"font-size: xx-small;\"><span style=\"color: #ff0000;\"> Directo<\/span><b>: <\/b> 0230<\/span><span style=\"font-size: xx-small;\">-4664772<br \/>\n<\/span><span style=\"color: #ff0000; font-size: xx-small;\"> Skype:<\/span><span style=\"font-size: xx-small;\"> quasarcomunicacion<br \/>\n<\/span><span style=\"color: #ff0000; font-size: xx-small;\"> Twitter:<\/span><span style=\"font-size: xx-small;\"> @quasarpilar<br \/>\n<\/span><span style=\"color: #ff0000; font-size: xx-small;\"> Gr<\/span><span style=\"color: #ff0000; font-size: xx-small;\">upo y p\u00e1gina en Facebook: <\/span> <span style=\"color: #808080; font-size: xx-small;\">www.facebook.com\/<\/span><a href=\"mailto:mfipata@gmail.com\"><span style=\"font-size: xx-small;\">Quasar<\/span><\/a><span style=\"font-size: xx-small;\">Comunicacion<br \/>\n<\/span><span style=\"color: #ff0000; font-size: xx-small;\"> Web:<\/span><b><\/b> <a href=\"http:\/\/www.quasarcomunicacion.com.ar\/\"> <span style=\"font-size: xx-small;\">www.quasarcomunicacion.com.ar<\/span><\/a><\/p>\n<p align=\"left\"><span style=\"font-size: xx-small;\"> <span style=\"color: #ff0000;\">Mail<\/span><b>:<\/b><\/span><span style=\"font-size: xx-small;\"> <a href=\"mailto:fernanda@quasarcomunicacion.com.ar\"> candela@quasarcomunicacion.com.ar<\/a><\/span><\/p>\n<\/td>\n<td align=\"center\" width=\"50%\">\n<p align=\"left\"><span style=\"font-size: medium;\"><strong> <span style=\"color: #808080; font-family: Arial; font-size: small;\"> Mayra Ibarra &#8211; Asistente de Cuentas<\/span><\/strong><\/span><\/p>\n<p><span style=\"font-size: xx-small;\"><span style=\"color: #ff0000;\"> Directo<\/span><b>: <\/b> 0230<\/span><span style=\"font-size: xx-small;\">-4664772<br \/>\n<\/span><span style=\"color: #ff0000; font-size: xx-small;\"> Skype:<\/span><span style=\"font-size: xx-small;\"> quasarcomunicacion<br \/>\n<\/span><span style=\"color: #ff0000; font-size: xx-small;\"> Twitter:<\/span><span style=\"font-size: xx-small;\"> @quasarpilar<br \/>\n<\/span><span style=\"color: #ff0000; font-size: xx-small;\"> Gr<\/span><span style=\"color: #ff0000; font-size: xx-small;\">upo y p\u00e1gina en Facebook: <\/span> <span style=\"color: #808080; font-size: xx-small;\">www.facebook.com\/<\/span><a href=\"mailto:mfipata@gmail.com\"><span style=\"font-size: xx-small;\">Quasar<\/span><\/a><span style=\"font-size: xx-small;\">Comunicacion<br \/>\n<\/span><span style=\"color: #ff0000; font-size: xx-small;\"> Web:<\/span><b><\/b> <a href=\"http:\/\/www.quasarcomunicacion.com.ar\/\"> <span style=\"font-size: xx-small;\">www.quasarcomunicacion.com.ar<\/span><\/a><\/p>\n<p align=\"left\"><span style=\"font-size: xx-small;\"> <span style=\"color: #ff0000;\">Mail<\/span><b>:<\/b><\/span><span style=\"font-size: xx-small;\"> <a href=\"mailto:fernanda@quasarcomunicacion.com.ar\"> quasar@quasarcomunicacion.com.ar<\/a><\/span><\/p>\n<\/td>\n<\/tr>\n<\/tbody>\n<\/table>\n<\/div>\n<hr \/>\n<p align=\"left\"><b><span style=\"color: #ff0000; font-family: Verdana; font-size: small;\">Acerca del Polo Educativo Pilar<\/span><\/b><\/p>\n<p align=\"left\">El\u00a0<b>Polo Educativo Pilar\u00a0<\/b>es una asociaci\u00f3n civil sin fines de lucro que fue fundada en el a\u00f1o 2002, que re\u00fane a instituciones educativas del Partido de Pilar y tiene como objetivo principal el promover y desarrollar la educaci\u00f3n, p\u00fablica y privada, en todo el distrito.<\/p>\n<p>La asociaci\u00f3n nace a partir de 1999 cuando los directivos de los j\u00f3venes colegios privados de Pilar, junto con los que llevaban m\u00e1s a\u00f1os en la ciudad, comienzan a reunirse para considerar sus problem\u00e1ticas comunes. Este hecho, in\u00e9dito en la educaci\u00f3n privada en la Argentina, alcanza un alto grado de sinergia cuando los Colegios deciden trazar un plan para convertir al Partido de Pilar en una localidad que sea conocida por su alto nivel educativo, tanto en las instituciones privadas como en las p\u00fablicas. Con esa idea, un grupo original de 14 Colegios de distintos niveles, funda el\u00a0<b>Polo Educativo Pilar<\/b>.<\/p>\n<p>Cabe destacar que entidad obtuvo su personer\u00eda jur\u00eddica en diciembre de 2004 bajo el Nro. 7000\/04 expedido por la Inspecci\u00f3n de Persona jur\u00eddica de la Provincia de Buenos Aires. En el a\u00f1o 2003 es declarada entidad de Bien P\u00fablico por el Municipio de Pilar por Decreto Municipal Nro. 6679\/2003.<\/p>\n","protected":false},"excerpt":{"rendered":"<p>El pr\u00f3ximo jueves 16 de febrero, bajo el lema \u201cNuevos Alumnos, Nuevos Ciudadanos\u201d se llevar\u00e1 a cabo el XIII Congreso [&hellip;]<\/p>\n","protected":false},"author":2,"featured_media":6782,"comment_status":"open","ping_status":"open","sticky":false,"template":"","format":"standard","meta":[],"categories":[2],"tags":[],"_links":{"self":[{"href":"https:\/\/quasarcomunicacion.com.ar\/web\/wp-json\/wp\/v2\/posts\/7454"}],"collection":[{"href":"https:\/\/quasarcomunicacion.com.ar\/web\/wp-json\/wp\/v2\/posts"}],"about":[{"href":"https:\/\/quasarcomunicacion.com.ar\/web\/wp-json\/wp\/v2\/types\/post"}],"author":[{"embeddable":true,"href":"https:\/\/quasarcomunicacion.com.ar\/web\/wp-json\/wp\/v2\/users\/2"}],"replies":[{"embeddable":true,"href":"https:\/\/quasarcomunicacion.com.ar\/web\/wp-json\/wp\/v2\/comments?post=7454"}],"version-history":[{"count":0,"href":"https:\/\/quasarcomunicacion.com.ar\/web\/wp-json\/wp\/v2\/posts\/7454\/revisions"}],"wp:featuredmedia":[{"embeddable":true,"href":"https:\/\/quasarcomunicacion.com.ar\/web\/wp-json\/wp\/v2\/media\/6782"}],"wp:attachment":[{"href":"https:\/\/quasarcomunicacion.com.ar\/web\/wp-json\/wp\/v2\/media?parent=7454"}],"wp:term":[{"taxonomy":"category","embeddable":true,"href":"https:\/\/quasarcomunicacion.com.ar\/web\/wp-json\/wp\/v2\/categories?post=7454"},{"taxonomy":"post_tag","embeddable":true,"href":"https:\/\/quasarcomunicacion.com.ar\/web\/wp-json\/wp\/v2\/tags?post=7454"}],"curies":[{"name":"wp","href":"https:\/\/api.w.org\/{rel}","templated":true}]}}