{"id":7444,"date":"2016-12-31T18:22:11","date_gmt":"2016-12-31T21:22:11","guid":{"rendered":"https:\/\/quasarcomunicacion.com.ar\/web\/?p=7444"},"modified":"2016-12-31T18:22:11","modified_gmt":"2016-12-31T21:22:11","slug":"el-ceeta-en-canal-26","status":"publish","type":"post","link":"https:\/\/quasarcomunicacion.com.ar\/web\/el-ceeta-en-canal-26\/","title":{"rendered":"El CEETA en Canal 26"},"content":{"rendered":"<p>Nota en vivo en Canal 26, el 31 de diciembre de 2016 en la cual entrevista a la Lic. Gabriela Mart\u00ednez Castro, directora del CEETA para hablar sobre el estr\u00e9s de fin de a\u00f1o<!--more--><a href=\"https:\/\/quasarcomunicacion.com.ar\/web\/wp-content\/uploads\/2017\/01\/311216-Canal-26.jpg\"><img class=\"aligncenter\" alt=\"311216 Canal 26\" src=\"https:\/\/quasarcomunicacion.com.ar\/web\/wp-content\/uploads\/2017\/01\/311216-Canal-26.jpg\" \/><\/a><\/p>\n","protected":false},"excerpt":{"rendered":"<p>Nota en vivo en Canal 26, el 31 de diciembre de 2016 en la cual entrevista a la Lic. Gabriela [&hellip;]<\/p>\n","protected":false},"author":2,"featured_media":0,"comment_status":"open","ping_status":"open","sticky":false,"template":"","format":"standard","meta":[],"categories":[42],"tags":[],"_links":{"self":[{"href":"https:\/\/quasarcomunicacion.com.ar\/web\/wp-json\/wp\/v2\/posts\/7444"}],"collection":[{"href":"https:\/\/quasarcomunicacion.com.ar\/web\/wp-json\/wp\/v2\/posts"}],"about":[{"href":"https:\/\/quasarcomunicacion.com.ar\/web\/wp-json\/wp\/v2\/types\/post"}],"author":[{"embeddable":true,"href":"https:\/\/quasarcomunicacion.com.ar\/web\/wp-json\/wp\/v2\/users\/2"}],"replies":[{"embeddable":true,"href":"https:\/\/quasarcomunicacion.com.ar\/web\/wp-json\/wp\/v2\/comments?post=7444"}],"version-history":[{"count":0,"href":"https:\/\/quasarcomunicacion.com.ar\/web\/wp-json\/wp\/v2\/posts\/7444\/revisions"}],"wp:attachment":[{"href":"https:\/\/quasarcomunicacion.com.ar\/web\/wp-json\/wp\/v2\/media?parent=7444"}],"wp:term":[{"taxonomy":"category","embeddable":true,"href":"https:\/\/quasarcomunicacion.com.ar\/web\/wp-json\/wp\/v2\/categories?post=7444"},{"taxonomy":"post_tag","embeddable":true,"href":"https:\/\/quasarcomunicacion.com.ar\/web\/wp-json\/wp\/v2\/tags?post=7444"}],"curies":[{"name":"wp","href":"https:\/\/api.w.org\/{rel}","templated":true}]}}