{"id":743,"date":"2012-08-27T14:54:03","date_gmt":"2012-08-27T14:54:03","guid":{"rendered":"http:\/\/quasarcomunicacion.wordpress.com\/?p=743"},"modified":"2012-08-27T14:54:03","modified_gmt":"2012-08-27T14:54:03","slug":"correo-de-lectores-suceso-lamentable-en-la-reserva-natural-del-pilar","status":"publish","type":"post","link":"https:\/\/quasarcomunicacion.com.ar\/web\/correo-de-lectores-suceso-lamentable-en-la-reserva-natural-del-pilar\/","title":{"rendered":"CORREO DE LECTORES: Suceso lamentable en la Reserva Natural del Pilar"},"content":{"rendered":"<p style=\"text-align:left;\" align=\"center\"><span style=\"font-family:Verdana;font-size:small;\">Estimados<\/span><\/p>\n<p><span style=\"font-family:Verdana;font-size:small;\">El d\u00eda domingo 26 de agosto, cerca del mediod\u00eda, se presentan dos j\u00f3venes de aproximadamente 16 o 17 a\u00f1os en la RESERVA.<!--more--><\/span><br \/>\n<span style=\"font-family:Verdana;font-size:small;\">El Guardaparque Nicol\u00e1s Olejnik, les ofrece guiarlos, por el escaso sector que se puede caminar, el d\u00eda estaba muy oportuno para la observaci\u00f3n de aves y ellos se notan muy interesados. Por lo cual en un momento el Guardaparque les facilita sus binoculares y los j\u00f3venes se desplazan por el talar realizando observaciones: en un momento que el responsable del lugar les quita atenci\u00f3n por la presencia de perros en el sitio, los muchachos desaparecen, y al momento no tenemos noticias de ellos.<\/span><br \/>\n<span style=\"font-family:Verdana;font-size:small;\">Los nombres que ellos dieron son JOSE BARRERA Y GONZALO BLANCO, llegaron a la Reserva caminando y dijeron ser de BARRIO PELLEGRINI<br \/>\nLos binoculares eran propiedad del Guardaparque, y sumamente necesarios para su trabajo diario y para tareas de investigaci\u00f3n dado que se encuentra realizando un TRABAJO FINAL DE APLICACION para la carrera de T\u00c9CNICO EN CONSERVACI\u00d3N DE LA BIODIVERSIDAD.<br \/>\nSon binoculares grandes de aumento 7x 50<\/span><br \/>\n<span style=\"font-family:Verdana;font-size:small;\">Solicitamos que si alguien tiene forma de ayudarnos con \u00e9sto, lo haga saber a la brevedad, por el momento radicaremos la denuncia y lo haremos lo m\u00e1s p\u00fablico posible.<\/span><br \/>\n<span style=\"font-family:Verdana;font-size:small;\">Recordamos que es la segunda p\u00e9rdida que tenemos ya que hace 2 a\u00f1os atr\u00e1s, nos robaron del trailer un binocular y un monocular que se habian recibido en donaci\u00f3n desde EEUU, de la INSTITUCION OPTICS FOR THE TROPICS.<\/span><br \/>\n<span style=\"font-family:Verdana;font-size:small;\">Agradecemos a todos los que puedan colaborar. <\/span><\/p>\n<p align=\"right\"><strong><span style=\"font-family:Verdana;font-size:small;\">Atte<br \/>\nMARINA LEMOS<br \/>\nDIRECTORA<br \/>\nRESERVA DEL PILAR<\/span><\/strong><\/p>\n","protected":false},"excerpt":{"rendered":"<p>Estimados El d\u00eda domingo 26 de agosto, cerca del mediod\u00eda, se presentan dos j\u00f3venes de aproximadamente 16 o 17 a\u00f1os [&hellip;]<\/p>\n","protected":false},"author":2,"featured_media":0,"comment_status":"open","ping_status":"open","sticky":false,"template":"","format":"standard","meta":[],"categories":[2],"tags":[],"_links":{"self":[{"href":"https:\/\/quasarcomunicacion.com.ar\/web\/wp-json\/wp\/v2\/posts\/743"}],"collection":[{"href":"https:\/\/quasarcomunicacion.com.ar\/web\/wp-json\/wp\/v2\/posts"}],"about":[{"href":"https:\/\/quasarcomunicacion.com.ar\/web\/wp-json\/wp\/v2\/types\/post"}],"author":[{"embeddable":true,"href":"https:\/\/quasarcomunicacion.com.ar\/web\/wp-json\/wp\/v2\/users\/2"}],"replies":[{"embeddable":true,"href":"https:\/\/quasarcomunicacion.com.ar\/web\/wp-json\/wp\/v2\/comments?post=743"}],"version-history":[{"count":0,"href":"https:\/\/quasarcomunicacion.com.ar\/web\/wp-json\/wp\/v2\/posts\/743\/revisions"}],"wp:attachment":[{"href":"https:\/\/quasarcomunicacion.com.ar\/web\/wp-json\/wp\/v2\/media?parent=743"}],"wp:term":[{"taxonomy":"category","embeddable":true,"href":"https:\/\/quasarcomunicacion.com.ar\/web\/wp-json\/wp\/v2\/categories?post=743"},{"taxonomy":"post_tag","embeddable":true,"href":"https:\/\/quasarcomunicacion.com.ar\/web\/wp-json\/wp\/v2\/tags?post=743"}],"curies":[{"name":"wp","href":"https:\/\/api.w.org\/{rel}","templated":true}]}}