{"id":7429,"date":"2017-01-19T15:08:41","date_gmt":"2017-01-19T18:08:41","guid":{"rendered":"https:\/\/quasarcomunicacion.com.ar\/web\/?p=7429"},"modified":"2017-01-19T15:08:41","modified_gmt":"2017-01-19T18:08:41","slug":"que-es-la-terapia-floral","status":"publish","type":"post","link":"https:\/\/quasarcomunicacion.com.ar\/web\/que-es-la-terapia-floral\/","title":{"rendered":"\u00bfQu\u00e9 es la Terapia Floral?"},"content":{"rendered":"<p style=\"text-align: left;\" align=\"center\"><span style=\"font-size: small; font-family: Verdana;\">La Terapeuta Hol\u00edstica, Profesora e Investigadora, <\/span><b style=\"font-size: small; font-family: Verdana;\">Moni Franzese<\/b><span style=\"font-size: small; font-family: Verdana;\">, adem\u00e1s de dedicarse de lleno a la Decodificaci\u00f3n Biol\u00f3gica, tambi\u00e9n utiliza la <\/span><b style=\"font-size: small; font-family: Verdana;\">Terapia Floral <\/b><span style=\"font-size: small; font-family: Verdana;\">como una de sus mayores herramientas a la hora de ayudar y aliviar a las personas que lo necesitan.<\/span><span style=\"font-size: small; font-family: Verdana;\"><!--more--><\/span><span style=\"font-family: Verdana; font-size: small;\"><a href=\"https:\/\/quasarcomunicacion.com.ar\/web\/wp-content\/uploads\/2016\/12\/floral.gif\"><img class=\"aligncenter\" alt=\"floral\" src=\"https:\/\/quasarcomunicacion.com.ar\/web\/wp-content\/uploads\/2016\/12\/floral.gif\" \/><\/a><\/span><\/p>\n<p align=\"left\"><span style=\"font-family: Verdana; font-size: small;\">La <b>Terapia Floral<\/b> es otra clase de terapia complementaria, que ayuda al cuerpo, la mente y el alma de las personas de todas las edades a trav\u00e9s de f\u00f3rmulas florales y homeop\u00e1ticas, que pueden ser gotas, cremas, aceites, atomizadores, y mucho m\u00e1s.<\/span><\/p>\n<p align=\"left\"><span style=\"font-family: Verdana; font-size: small;\">La misma tuvo su origen cuando el Dr. Edward Bach, m\u00e9dico Ingl\u00e9s, cirujano, bacteri\u00f3logo e investigador, cre\u00f3 un sistema de sanaci\u00f3n a trav\u00e9s de esencias florales que luego revolucionar\u00eda la medicina.<\/span><\/p>\n<p align=\"left\"><span style=\"font-family: Verdana; font-size: small;\">La investigaci\u00f3n del Dr. Bach lo llev\u00f3 a buscar una clase de medicina natural, que tambi\u00e9n tuviera en cuenta la personalidad del paciente que necesitaba ser tratado.<\/span><\/p>\n<p align=\"left\"><span style=\"font-family: Verdana; font-size: small;\">\u201cLa principal raz\u00f3n del fracaso de la ciencia m\u00e9dica moderna es que trata los resultados pero no las causas\u201d, y en base a este principio, Bach impulsa el nacimiento de esta terapia que trabaja corrigiendo los desequilibrios energ\u00e9ticos, emocionales, restituyendo la energ\u00eda y modificando los conflictos del paciente.<br \/>\nEl sistema de la Terapia Floral, tambi\u00e9n conocida como \u201cLas Flores de Bach\u201d se mantiene con la naturalidad y las esencias desde su descubrimiento, en 1934, las cuales fueron reconocidas por la Organizaci\u00f3n Mundial de la Salud como \u00danico Sistema Floral, en 1974.<\/span><\/p>\n<p align=\"left\"><span style=\"font-family: Verdana; font-size: small;\"><b>Moni Franzese<\/b> asegura que \u201cla Terapia Floral Bach no reemplaza ning\u00fan estilo de tratamiento que el paciente est\u00e9 llevando sino que complementa terapias alop\u00e1ticas y pueden ser ingeridas a cualquier edad, ya sean beb\u00e9s, durante la ni\u00f1ez, adolescencia, adultez y ancianidad, y frente a cualquier circunstancia de la vida, como por ejemplo, durante un embarazo\u201d<\/span><\/p>\n<p align=\"left\"><span style=\"font-family: Verdana; font-size: small;\">\u201cA la Decodificaci\u00f3n Biol\u00f3gica la podemos complementar con Terapia Floral ya que se logra el bienestar del mismo modo, pero con las flores lo podes hacer m\u00e1s r\u00e1pido y pasarla mejor. Limpian todas las emociones acumuladas trabajando desde tu inteligencia interna\u201d agrega la especialista.<\/span><\/p>\n<p align=\"left\"><span style=\"font-family: Verdana; font-size: small;\">Existen prescripciones Florales Homeop\u00e1ticas para los distintos malestares f\u00edsicos y emocionales. A continuaci\u00f3n algunos de ellos:<\/span><\/p>\n<p align=\"left\"><span style=\"font-family: Verdana; font-size: small;\">\u2022 F\u00edsicos: Dolores generalizados, contracturas, nerviosismo, obesidad, enfermedades reum\u00e1ticas, \u00falceras, problemas circulatorios, trastornos alimenticios, insomnio, migra\u00f1as.<br \/>\n\u2022 Emocionales: Miedos, p\u00e1nico, depresi\u00f3n, tristeza, nostalgia, inseguridad, indecisi\u00f3n, impaciencia, ira, rencor, culpa, duelos, p\u00e9rdidas, agresiones, autoestima<\/span><\/p>\n<table width=\"100%\" border=\"0\" cellspacing=\"0\" cellpadding=\"3\" bgcolor=\"#99CCFF\">\n<tbody>\n<tr>\n<td width=\"100%\"><span style=\"font-family: Verdana; font-size: small;\">Para concertar entrevistas period\u00edsticas con la especialista Moni Franzese, contactarse al whatsapp 0230 15 4584535 o 011 15 6096-4656 o bien al tel\u00e9fono de nuestra oficina 0230 4664772 Tambi\u00e9n podr\u00e1n hacerlo escribiendo a quasar@quasarcomunicacion.com.ar<\/span><\/td>\n<\/tr>\n<\/tbody>\n<\/table>\n<p align=\"left\"><span style=\"font-family: Verdana; font-size: small;\">Es importante destacar que las esencias florales no son t\u00f3xicas en ning\u00fan aspecto, no producen acostumbramiento, ni tienen contraindicaciones, debido a que se producen de forma totalmente natural, siguiendo las indicaciones del Centro Bach, en Inglaterra, de acuerdo a las ense\u00f1anzas del Dr. Edward Bach.<\/span><\/p>\n<p align=\"left\"><span style=\"font-family: Verdana; font-size: small;\"><b>Moni Franzese <\/b>dictar\u00e1 una Capacitaci\u00f3n para convertirse en <b>Terapeuta Floral<\/b> con orientaci\u00f3n en Decodificaci\u00f3n Biol\u00f3gica siguiendo los principios del Dr. Edward Bach. La misma se llevar\u00e1 a cabo los d\u00edas s\u00e1bado 11 y domingo 12 de febrero de 2017 de 10 a 19 hs ambos d\u00edas, en el barrio de Belgrano, Capital Federal, Buenos Aires.<\/span><\/p>\n<p align=\"left\"><span style=\"font-family: Verdana; font-size: small;\">Por las vacantes limitadas, se requiere de inscripci\u00f3n previa, a la que se puede acceder completando el formulario del siguiente link http:\/\/monifranzese.com\/formulario-de-inscripcion\/ o desde las siguientes p\u00e1ginas www.monifranzese.com o <a href=\"http:\/\/www.decodificacionreal.com\/\"> www.decodificacionreal.com<\/a>. <\/span><\/p>\n<p><span style=\"font-family: Verdana; font-size: small;\">Para m\u00e1s informaci\u00f3n ingresar a <a href=\"http:\/\/www.monifranzese.com\/\">www.monifranzese.com<\/a> o <a href=\"http:\/\/www.decodificacionreal.com\/\"> www.decodificacionreal.com<\/a>\u00a0 Whatsapp 15-4099-2420 Mail <a href=\"mailto:decodificacionreal@gmail.com\"> decodificacionreal@gmail.com<\/a> Fan page <a href=\"https:\/\/www.facebook.com\/DECODIFICACIONREAL\/\"> https:\/\/www.facebook.com\/DECODIFICACIONREAL\/<\/a> <\/span><\/p>\n<p align=\"left\"><span style=\"font-size: small;\"><b><i><span style=\"font-family: Arial;\">Por otras im\u00e1genes, audios o entrevistas no dude en contactarse<\/span><\/i><\/b><\/span><\/p>\n<p align=\"center\"><span style=\"font-size: small;\"><b><i> Contactos de Prensa<\/i><\/b><\/span><\/p>\n<div align=\"left\">\n<table width=\"100%\" border=\"1\" cellpadding=\"2\" align=\"left\">\n<tbody>\n<tr>\n<td width=\"50%\">\n<p align=\"left\"><span style=\"font-size: medium;\"><strong> <span style=\"color: #808080; font-family: Arial; font-size: small;\"> Mayra Ibarra &#8211; Asistente de Cuentas<\/p>\n<p><\/span> <\/strong><\/span> <span style=\"font-size: xx-small;\"><span style=\"color: #ff0000;\"> Directo<\/span><b>: <\/b> 0230<\/span><span style=\"font-size: xx-small;\">-4664772<br \/>\n<\/span><span style=\"color: #ff0000; font-size: xx-small;\"> Skype:<\/span><span style=\"font-size: xx-small;\"> quasarcomunicacion<br \/>\n<\/span><span style=\"color: #ff0000; font-size: xx-small;\"> Twitter:<\/span><span style=\"font-size: xx-small;\"> @quasarpilar<br \/>\n<\/span><span style=\"color: #ff0000; font-size: xx-small;\"> Gr<\/span><span style=\"color: #ff0000; font-size: xx-small;\">upo y p\u00e1gina en Facebook: <\/span> <span style=\"color: #808080; font-size: xx-small;\">www.facebook.com\/<\/span><a href=\"mailto:mfipata@gmail.com\"><span style=\"font-size: xx-small;\">Quasar<\/span><\/a><span style=\"font-size: xx-small;\">Comunicacion<br \/>\n<\/span><span style=\"color: #ff0000; font-size: xx-small;\"> Web:<\/span><b><\/b> <a href=\"http:\/\/www.quasarcomunicacion.com.ar\/\"> <span style=\"font-size: xx-small;\">www.quasarcomunicacion.com.ar<\/span><\/a><\/p>\n<p align=\"left\"><span style=\"font-size: xx-small;\"> <span style=\"color: #ff0000;\">Mail<\/span><b>:<\/b><\/span><span style=\"font-size: xx-small;\"> <a href=\"mailto:fernanda@quasarcomunicacion.com.ar\"> quasar@quasarcomunicacion.com.ar<\/a><\/span><\/p>\n<\/td>\n<td width=\"50%\">\n<p align=\"right\"><span style=\"font-size: medium;\"><strong> <span style=\"color: #808080; font-family: Arial; font-size: small;\"> Lic. Mar\u00eda Fernanda Ipata &#8211; Directora<br \/>\n<\/span> <\/strong><\/span> <span style=\"font-size: xx-small;\"><span style=\"color: #ff0000;\"><br \/>\nDirecto<\/span><b>: <\/b> 0230<\/span><span style=\"font-size: xx-small;\">-4664772<\/span><span style=\"font-size: xx-small;\"><br \/>\n<\/span><span style=\"font-size: xx-small;\"> <span style=\"color: #ff0000;\">M\u00f3vil:<\/span><b> <\/b> 0230<\/span><span style=\"font-size: xx-small;\">-15-4584535<br \/>\n011-15-6096-4656 ID 558*3763<br \/>\n<\/span><span style=\"color: #ff0000; font-size: xx-small;\"> Skype:<\/span><span style=\"font-size: xx-small;\"> quasarcomunicacion<br \/>\n<\/span><span style=\"color: #ff0000; font-size: xx-small;\"> Twitter:<\/span><span style=\"font-size: xx-small;\"> @quasarpilar<br \/>\n<\/span><span style=\"color: #ff0000; font-size: xx-small;\"> Gr<\/span><span style=\"color: #ff0000; font-size: xx-small;\">upo y p\u00e1gina en Facebook: <\/span> <span style=\"color: #808080; font-size: xx-small;\">www.facebook.com\/<\/span><a href=\"mailto:mfipata@gmail.com\"><span style=\"font-size: xx-small;\">Quasar<\/span><\/a><span style=\"font-size: xx-small;\">Comunicacion<br \/>\n<\/span><span style=\"font-size: xx-small;\"> <span style=\"color: #ff0000;\">LinkedIn<\/span><b>:\u00a0 <\/b><\/span> <span style=\"font-size: xx-small;\"><b> <a href=\"http:\/\/www.linkedin.com\/in\/mfipata\"> http:\/\/www.linkedin.com\/in\/mfipata<\/a><\/b><\/span><span style=\"font-size: xx-small;\"><br \/>\n<\/span><span style=\"color: #ff0000; font-size: xx-small;\"> Web:<\/span><b><\/b> <a href=\"http:\/\/www.quasarcomunicacion.com.ar\/\"> <span style=\"font-size: xx-small;\">www.quasarcomunicacion.com.ar<\/span><\/a><span style=\"font-size: xx-small;\"><br \/>\n<\/span><span style=\"font-size: xx-small;\"> <span style=\"color: #ff0000;\"> Mail<\/span><b>:<\/b><\/span><span style=\"font-size: xx-small;\"><a href=\"mailto:fernanda@quasarcomunicacion.com.ar\"> fernanda@quasarcomunicacion.com.ar<\/a><\/span><\/p>\n<\/td>\n<\/tr>\n<\/tbody>\n<\/table>\n<\/div>\n","protected":false},"excerpt":{"rendered":"<p>La Terapeuta Hol\u00edstica, Profesora e Investigadora, Moni Franzese, adem\u00e1s de dedicarse de lleno a la Decodificaci\u00f3n Biol\u00f3gica, tambi\u00e9n utiliza la [&hellip;]<\/p>\n","protected":false},"author":2,"featured_media":7386,"comment_status":"open","ping_status":"open","sticky":false,"template":"","format":"standard","meta":[],"categories":[2,34],"tags":[],"_links":{"self":[{"href":"https:\/\/quasarcomunicacion.com.ar\/web\/wp-json\/wp\/v2\/posts\/7429"}],"collection":[{"href":"https:\/\/quasarcomunicacion.com.ar\/web\/wp-json\/wp\/v2\/posts"}],"about":[{"href":"https:\/\/quasarcomunicacion.com.ar\/web\/wp-json\/wp\/v2\/types\/post"}],"author":[{"embeddable":true,"href":"https:\/\/quasarcomunicacion.com.ar\/web\/wp-json\/wp\/v2\/users\/2"}],"replies":[{"embeddable":true,"href":"https:\/\/quasarcomunicacion.com.ar\/web\/wp-json\/wp\/v2\/comments?post=7429"}],"version-history":[{"count":0,"href":"https:\/\/quasarcomunicacion.com.ar\/web\/wp-json\/wp\/v2\/posts\/7429\/revisions"}],"wp:featuredmedia":[{"embeddable":true,"href":"https:\/\/quasarcomunicacion.com.ar\/web\/wp-json\/wp\/v2\/media\/7386"}],"wp:attachment":[{"href":"https:\/\/quasarcomunicacion.com.ar\/web\/wp-json\/wp\/v2\/media?parent=7429"}],"wp:term":[{"taxonomy":"category","embeddable":true,"href":"https:\/\/quasarcomunicacion.com.ar\/web\/wp-json\/wp\/v2\/categories?post=7429"},{"taxonomy":"post_tag","embeddable":true,"href":"https:\/\/quasarcomunicacion.com.ar\/web\/wp-json\/wp\/v2\/tags?post=7429"}],"curies":[{"name":"wp","href":"https:\/\/api.w.org\/{rel}","templated":true}]}}