{"id":7420,"date":"2017-01-18T12:01:16","date_gmt":"2017-01-18T15:01:16","guid":{"rendered":"https:\/\/quasarcomunicacion.com.ar\/web\/?p=7420"},"modified":"2017-01-18T12:01:16","modified_gmt":"2017-01-18T15:01:16","slug":"se-realizara-la-primera-edicion-de-expo-pyme-en-buenos-aires","status":"publish","type":"post","link":"https:\/\/quasarcomunicacion.com.ar\/web\/se-realizara-la-primera-edicion-de-expo-pyme-en-buenos-aires\/","title":{"rendered":"Se realizar\u00e1 la primera edici\u00f3n de Expo Pyme en Buenos Aires"},"content":{"rendered":"<p style=\"text-align: left;\" align=\"center\"><span style=\"font-family: Verdana; font-size: small;\">\u00a0El jueves 16 de Marzo de 10 a 17 hs. se llevar\u00e1 a cabo <\/span><b style=\"font-family: Verdana; font-size: small;\"> Expo Pyme 2017 <\/b><span style=\"font-family: Verdana; font-size: small;\">en Auditorio Buenos Aires (Av. Pueyrred\u00f3n 2501 &#8211; 2\u00ba Piso -Recoleta) de la mano de Banco Comafi. Bajo el lema <\/span><i style=\"font-family: Verdana; font-size: small;\"><b>\u201cEl momento es ahora\u201d<\/b><\/i><span style=\"font-family: Verdana; font-size: small;\"> ofrecer\u00e1 a empresarios Pymes, emprendedores y p\u00fablico corporativo la posibilidad de encontrarse y conectarse con nuevas tecnolog\u00edas, las \u00faltimas tendencias en servicios y soluciones para la expansi\u00f3n y crecimiento de sus compa\u00f1\u00edas y microempresas.<!--more--><\/span><\/p>\n<p align=\"left\">\u00a0<a href=\"https:\/\/quasarcomunicacion.com.ar\/web\/wp-content\/uploads\/2017\/01\/logoexpo.gif\"><img class=\"aligncenter\" alt=\"logoexpo\" src=\"https:\/\/quasarcomunicacion.com.ar\/web\/wp-content\/uploads\/2017\/01\/logoexpo.gif\" \/><\/a><\/p>\n<p><b><\/b><span style=\"font-family: Verdana; font-size: small;\"><b>Expo Pyme 2017<\/b>, que cuenta con el apoyo del Ministerio de Trabajo, empleo y Seguridad Social de la Naci\u00f3n, contar\u00e1 con m\u00e1s de 50 Stands que prometen brindar las \u00faltimas soluciones en telefon\u00eda, leasing, banca, sistemas, aplicaciones mobile, log\u00edstica, despachante, selecci\u00f3n de personal, entre otros rubros.<\/span><\/p>\n<p><span style=\"font-family: Verdana; font-size: small;\">Los m\u00e1s de 4000 visitantes que se esperan durante toda la jornada tambi\u00e9n tendr\u00e1n la posibilidad de asistir a diferentes charlas, y workshop sobre estrategia y planificaci\u00f3n en Pyme, ventas, reintegros fiscales, tendencias de la econom\u00eda, calidad y m\u00e1s. <\/span><\/p>\n<p><span style=\"font-family: Verdana; font-size: small;\">\u201cEsta exposici\u00f3n lleg\u00f3 para romper paradigmas, generando que los empresarios Pymes y sus equipos conozcan nuevas tecnolog\u00edas y soluciones y as\u00ed tomar conciencia que est\u00e1n m\u00e1s a su alcance de lo que creen\u201d afirman desde la organizaci\u00f3n de la primera edici\u00f3n, que ya cuenta con m\u00e1s del 40% de stands confirmados. <\/span><\/p>\n<p><span style=\"font-family: Verdana; font-size: small;\">Para m\u00e1s informaci\u00f3n pueden visitar la p\u00e1gina web oficial del evento <a href=\"http:\/\/www.expopyme.com.ar\/\">www.expopyme.com.ar<\/a>\u00a0 o enviar un mail a <a href=\"mailto:ventas@expopyme.com.ar\"> ventas@expopyme.com.ar<\/a>\u00a0 <\/span><\/p>\n<p><span style=\"font-family: Verdana; font-size: small;\"><b>Acerca de Expo Pyme<\/b><br \/>\n<b>Expo Pyme <\/b>es la primera exposici\u00f3n integral para pymes en la Argentina. Un solo d\u00eda, en un solo lugar: 16 de Marzo 2017 de 10 a 17 hs en el Auditorio Buenos Aires. (Av. Pueyrred\u00f3n 2501 &#8211; 2\u00ba Piso -Recoleta). <a href=\"https:\/\/www.facebook.com\/expopymebsas\"> https:\/\/www.facebook.com\/expopymebsas<\/a>\u00a0 <\/span><\/p>\n<p align=\"left\"><span style=\"font-size: small;\"><b><i><span style=\"font-family: Arial;\">Por otras im\u00e1genes, audios o entrevistas no dude en contactarse<\/span><\/i><\/b><\/span><\/p>\n<p align=\"center\"><span style=\"font-size: small;\"><b><i> Contactos de Prensa<\/i><\/b><\/span><\/p>\n<div align=\"left\">\n<table width=\"100%\" border=\"1\" cellpadding=\"2\" align=\"left\">\n<tbody>\n<tr>\n<td width=\"50%\">\n<p align=\"left\"><span style=\"font-size: medium;\"><strong> <span style=\"color: #808080; font-family: Arial; font-size: small;\"> Mayra Ibarra &#8211; Asistente de Cuentas<\/p>\n<p><\/span> <\/strong><\/span> <span style=\"font-size: xx-small;\"><span style=\"color: #ff0000;\"> Directo<\/span><b>: <\/b> 0230<\/span><span style=\"font-size: xx-small;\">-4664772<br \/>\n<\/span><span style=\"color: #ff0000; font-size: xx-small;\"> Skype:<\/span><span style=\"font-size: xx-small;\"> quasarcomunicacion<br \/>\n<\/span><span style=\"color: #ff0000; font-size: xx-small;\"> Twitter:<\/span><span style=\"font-size: xx-small;\"> @quasarpilar<br \/>\n<\/span><span style=\"color: #ff0000; font-size: xx-small;\"> Gr<\/span><span style=\"color: #ff0000; font-size: xx-small;\">upo y p\u00e1gina en Facebook: <\/span> <span style=\"color: #808080; font-size: xx-small;\">www.facebook.com\/<\/span><a href=\"mailto:mfipata@gmail.com\"><span style=\"font-size: xx-small;\">Quasar<\/span><\/a><span style=\"font-size: xx-small;\">Comunicacion<br \/>\n<\/span><span style=\"color: #ff0000; font-size: xx-small;\"> Web:<\/span><b><\/b> <a href=\"http:\/\/www.quasarcomunicacion.com.ar\/\"> <span style=\"font-size: xx-small;\">www.quasarcomunicacion.com.ar<\/span><\/a><\/p>\n<p align=\"left\"><span style=\"font-size: xx-small;\"> <span style=\"color: #ff0000;\">Mail<\/span><b>:<\/b><\/span><span style=\"font-size: xx-small;\"> <a href=\"mailto:fernanda@quasarcomunicacion.com.ar\"> quasar@quasarcomunicacion.com.ar<\/a><\/span><\/p>\n<\/td>\n<td width=\"50%\">\n<p align=\"right\"><span style=\"font-size: medium;\"><strong> <span style=\"color: #808080; font-family: Arial; font-size: small;\"> Lic. Mar\u00eda Fernanda Ipata &#8211; Directora<br \/>\n<\/span> <\/strong><\/span> <span style=\"font-size: xx-small;\"><span style=\"color: #ff0000;\"><br \/>\nDirecto<\/span><b>: <\/b> 0230<\/span><span style=\"font-size: xx-small;\">-4664772<\/span><span style=\"font-size: xx-small;\"><br \/>\n<\/span><span style=\"font-size: xx-small;\"> <span style=\"color: #ff0000;\">M\u00f3vil:<\/span><b> <\/b> 0230<\/span><span style=\"font-size: xx-small;\">-15-4584535<br \/>\n011-15-6096-4656 ID 558*3763<br \/>\n<\/span><span style=\"color: #ff0000; font-size: xx-small;\"> Skype:<\/span><span style=\"font-size: xx-small;\"> quasarcomunicacion<br \/>\n<\/span><span style=\"color: #ff0000; font-size: xx-small;\"> Twitter:<\/span><span style=\"font-size: xx-small;\"> @quasarpilar<br \/>\n<\/span><span style=\"color: #ff0000; font-size: xx-small;\"> Gr<\/span><span style=\"color: #ff0000; font-size: xx-small;\">upo y p\u00e1gina en Facebook: <\/span> <span style=\"color: #808080; font-size: xx-small;\">www.facebook.com\/<\/span><a href=\"mailto:mfipata@gmail.com\"><span style=\"font-size: xx-small;\">Quasar<\/span><\/a><span style=\"font-size: xx-small;\">Comunicacion<br \/>\n<\/span><span style=\"font-size: xx-small;\"> <span style=\"color: #ff0000;\">LinkedIn<\/span><b>:\u00a0 <\/b><\/span> <span style=\"font-size: xx-small;\"><b> <a href=\"http:\/\/www.linkedin.com\/in\/mfipata\"> http:\/\/www.linkedin.com\/in\/mfipata<\/a><\/b><\/span><span style=\"font-size: xx-small;\"><br \/>\n<\/span><span style=\"color: #ff0000; font-size: xx-small;\"> Web:<\/span><b><\/b> <a href=\"http:\/\/www.quasarcomunicacion.com.ar\/\"> <span style=\"font-size: xx-small;\">www.quasarcomunicacion.com.ar<\/span><\/a><span style=\"font-size: xx-small;\"><br \/>\n<\/span><span style=\"font-size: xx-small;\"> <span style=\"color: #ff0000;\"> Mail<\/span><b>:<\/b><\/span><span style=\"font-size: xx-small;\"><a href=\"mailto:fernanda@quasarcomunicacion.com.ar\"> fernanda@quasarcomunicacion.com.ar<\/a><\/span><\/p>\n<\/td>\n<\/tr>\n<\/tbody>\n<\/table>\n<\/div>\n","protected":false},"excerpt":{"rendered":"<p>\u00a0El jueves 16 de Marzo de 10 a 17 hs. se llevar\u00e1 a cabo Expo Pyme 2017 en Auditorio Buenos [&hellip;]<\/p>\n","protected":false},"author":2,"featured_media":7421,"comment_status":"open","ping_status":"open","sticky":false,"template":"","format":"standard","meta":[],"categories":[2,34],"tags":[],"_links":{"self":[{"href":"https:\/\/quasarcomunicacion.com.ar\/web\/wp-json\/wp\/v2\/posts\/7420"}],"collection":[{"href":"https:\/\/quasarcomunicacion.com.ar\/web\/wp-json\/wp\/v2\/posts"}],"about":[{"href":"https:\/\/quasarcomunicacion.com.ar\/web\/wp-json\/wp\/v2\/types\/post"}],"author":[{"embeddable":true,"href":"https:\/\/quasarcomunicacion.com.ar\/web\/wp-json\/wp\/v2\/users\/2"}],"replies":[{"embeddable":true,"href":"https:\/\/quasarcomunicacion.com.ar\/web\/wp-json\/wp\/v2\/comments?post=7420"}],"version-history":[{"count":0,"href":"https:\/\/quasarcomunicacion.com.ar\/web\/wp-json\/wp\/v2\/posts\/7420\/revisions"}],"wp:featuredmedia":[{"embeddable":true,"href":"https:\/\/quasarcomunicacion.com.ar\/web\/wp-json\/wp\/v2\/media\/7421"}],"wp:attachment":[{"href":"https:\/\/quasarcomunicacion.com.ar\/web\/wp-json\/wp\/v2\/media?parent=7420"}],"wp:term":[{"taxonomy":"category","embeddable":true,"href":"https:\/\/quasarcomunicacion.com.ar\/web\/wp-json\/wp\/v2\/categories?post=7420"},{"taxonomy":"post_tag","embeddable":true,"href":"https:\/\/quasarcomunicacion.com.ar\/web\/wp-json\/wp\/v2\/tags?post=7420"}],"curies":[{"name":"wp","href":"https:\/\/api.w.org\/{rel}","templated":true}]}}