{"id":7409,"date":"2016-12-30T13:09:56","date_gmt":"2016-12-30T16:09:56","guid":{"rendered":"https:\/\/quasarcomunicacion.com.ar\/web\/?p=7409"},"modified":"2016-12-30T13:09:56","modified_gmt":"2016-12-30T16:09:56","slug":"ya-esta-a-la-venta-el-primer-album-discografico-de-ariel-gauto","status":"publish","type":"post","link":"https:\/\/quasarcomunicacion.com.ar\/web\/ya-esta-a-la-venta-el-primer-album-discografico-de-ariel-gauto\/","title":{"rendered":"Ya est\u00e1 a la venta el primer \u00e1lbum discogr\u00e1fico de Ariel Gauto"},"content":{"rendered":"<p style=\"text-align: left;\" align=\"center\"><span style=\"font-family: Verdana; font-size: small;\">\u00a0Luego de la presentaci\u00f3n en vivo de su primer album discogr\u00e1fico en el Teatro Lope de Vega, el artista pilarense <\/span><b style=\"font-family: Verdana; font-size: small;\">Ariel Gauto<\/b><span style=\"font-family: Verdana; font-size: small;\"> ya tiene su CD <\/span><b style=\"font-family: Verdana; font-size: small;\">\u00abDesde mis Sentidos\u00bb<\/b><span style=\"font-family: Verdana; font-size: small;\"> a la venta.<\/span><\/p>\n<p align=\"left\"><span style=\"font-family: Verdana; font-size: small;\">Los interesados en adquirirlos pueden enviar info a su fan page oficial\u00a0\u00a0 <a href=\"http:\/\/www.facebook.com\/ArielGautoOficial\">www.facebook.com\/ArielGautoOficial<\/a> o comunicarse al Whatsapp 11-3072-0281\u00a0 o 11-6255-4718<!--more--><\/span><\/p>\n<p align=\"center\"><span style=\"font-family: Verdana; font-size: small;\"> <a href=\"https:\/\/www.dropbox.com\/sh\/61x3ai2oxomkdq4\/AACDlvnqCDolgwbSkOWfyeVQa?dl=0\"> DESCARGAR TEMAS EN MP3<\/a><\/span><\/p>\n<p align=\"left\"><span style=\"font-family: Verdana; font-size: small;\"><b>\u00abDesde mis sentidos\u00bb<\/b> se encuadra dentro del folklore pop, obteniendo una mistura especial con la incorporaci\u00f3n de nuevos instrumentos alcanzando un sonido moderno y altamente profesionalizado. Este disco refleja lo nuevo de la m\u00fasica latinoamericana.<\/span><\/p>\n<p align=\"left\"><span style=\"font-family: Verdana; font-size: small;\">Su nuevo \u00e1lbum que fue producido y distribuido por Utop\u00eda Producciones y podr\u00e1 encontrarse en las principales disquer\u00edas de Ushuaia a La Quiaca.\u00a0<\/span><\/p>\n<p align=\"left\"><span style=\"font-family: Verdana; font-size: small;\">Gauto, con tan s\u00f3lo 19 a\u00f1os, es autor de las 12 canciones de su disco y co-autor en tres junto a Gustavo Ram\u00edrez, Facundo Ru\u00edz y Rodrigo Cardozo.<\/span><\/p>\n<p align=\"left\"><span style=\"font-family: Verdana; font-size: small;\">\u00abLe canto al amor, a la vida, a la felicidad. Mi idea es en este disco y en toda mi carrera musical dejar un buen mensaje a la sociedad, un mensaje de amor ya que siento que a veces se pierden estos valores\u00bb, indic\u00f3 Gauto.<\/span><\/p>\n<p align=\"left\"><span style=\"font-family: Verdana; font-size: small;\">\u00abEste disco se lo dedico a toda la gente que le gusta la m\u00fasica, a mi familia y a mis amigos, a todo aquel que se sienta identificado con mis temas y que le transmita algo, si algo le provoc\u00f3 sin duda es porque estamos conectados. Este disco ser\u00e1 un antes y un despu\u00e9s en el inicio de mi carrera\u00bb, continu\u00f3<\/span><\/p>\n<p align=\"left\"><a href=\"https:\/\/quasarcomunicacion.com.ar\/web\/wp-content\/uploads\/2016\/12\/gautoteatro.gif\"><img class=\"aligncenter\" alt=\"gautoteatro\" src=\"https:\/\/quasarcomunicacion.com.ar\/web\/wp-content\/uploads\/2016\/12\/gautoteatro.gif\" \/><\/a><\/p>\n<p align=\"left\"><span style=\"font-family: Verdana; font-size: small;\">Es de destacar que Ariel Gauto comenz\u00f3 a incursionar en la m\u00fasica folkl\u00f3rica cuando ten\u00eda 8 a\u00f1os. Hoy a sus 19 a\u00f1os ya logr\u00f3 su primer \u00e1lbum discogr\u00e1fico, con 12 canciones que podr\u00edan englobarse dentro del folklore pop.<\/span><\/p>\n<p align=\"left\"><span style=\"font-family: Verdana; font-size: small;\">\u00abA los 15 a\u00f1os sent\u00ed que ya hab\u00eda cumplido la etapa inicial y ya ten\u00eda gente a la que le gustaba mi m\u00fasica, que nos segu\u00eda, por lo cual cre\u00ed que ese era el momento de empezar a pensar en vivir de la m\u00fasica y qu\u00e9 mejor que vivir de lo que a uno le gusta\u00bb, cuenta recordando la decisi\u00f3n tomada hace unos a\u00f1os atr\u00e1s.<\/span><\/p>\n<p align=\"left\"><span style=\"font-family: Verdana; font-size: small;\">Este primer \u00e1lbum tiene 12 canciones de los m\u00e1s diversos estilos: Perdido en tus ojos (zamba), Desde que te vi (aire de chacarera), Buscando un amor (Chacarera), La Pasi\u00f3n (Chacarera), Me voy (balada), Nunca Abandones (pop latino), No mientas (Huayno), Yo pienso en ti (cumbi\u00f3n), En mis horas (balada), Quiero estar ah\u00ed (pop rock), Llevame al amor (aire de zamba) y Chacarera del pirata (chacarera).<\/span><\/p>\n<p align=\"left\"><b><span style=\"font-family: Verdana; font-size: small;\">Un poco de su historia<\/span><\/b><\/p>\n<p align=\"left\"><span style=\"font-family: Verdana; font-size: small;\">Ariel Gauto comenz\u00f3 su carrera a los 8 a\u00f1os cantando m\u00fasica folkl\u00f3rica, mel\u00f3dicos y pop. En 2011 particip\u00f3 de los Torneos Juveniles Bonaerenses obteniendo el bronce en Mar del Plata en la categor\u00eda Solista vocal Masculino.<\/span><\/p>\n<p align=\"left\"><span style=\"font-family: Verdana; font-size: small;\">En 2012 se presenta en la categor\u00eda Conjunto Vocal Masculino obteniendo el oro en los Torneos Bonaerenses en Mar del Plata. Esto lo llev\u00f3 a representar a la Provincia de Buenos Aires en los Torneos Evita donde recibe una menci\u00f3n especial.<\/span><\/p>\n<p align=\"left\"><span style=\"font-family: Verdana; font-size: small;\">En 2013 canta en la Fiesta del Ternero en Ayacucho ante miles de personas present\u00e1ndose como solista folkl\u00f3rico. All\u00ed queda entre los tres mejores en su categor\u00eda logrando cantar en el escenario mayor.<\/span><\/p>\n<p align=\"left\"><span style=\"font-family: Verdana; font-size: small;\">En 2013 y 2014 particip\u00f3 del Pre-Cosqu\u00edn y Pre-Baradero llegando a las instancias finales.<\/span><\/p>\n<p align=\"left\"><span style=\"font-family: Verdana; font-size: small;\">En 2014 obtiene la medalla de Oro en los Torneos Regionales como mejor Solista masculino.<\/span><\/p>\n<p align=\"left\"><span style=\"font-family: Verdana; font-size: small;\">Particip\u00f3 en varias Pe\u00f1as Folkl\u00f3ricas como artista principal.<\/span><\/p>\n<p align=\"left\"><span style=\"font-family: Verdana; font-size: small;\">En 2014 comenz\u00f3 a estudiar en el Conservatorio de M\u00fasica Popular de Escobar. Es docente de m\u00fasica en escuelas especiales.<\/span><\/p>\n<p align=\"left\"><span style=\"font-family: Verdana; font-size: small;\">Ese a\u00f1o comenz\u00f3 con la producci\u00f3n\u00a0 de lo que hoy es su primer \u00e1lbum discogr\u00e1fico <b>\u00abDesde mis Sentidos\u00bb<\/b> que cont\u00f3 con un intenso trabajo de pre-producci\u00f3n. Se presentaron 30 canciones de las cuales la discogr\u00e1fica \u00abUtop\u00eda Producciones\u00bb y \u00abPir\u00e1mide Producciones\u00bb seleccion\u00f3 12 con las cuales se hizo un armado instrumental con varios m\u00fasicos entre los que se destaca Jos\u00e9 Villarreal, bajista de C\u00e9sar Isela.<\/span><\/p>\n<p align=\"left\"><span style=\"font-family: Verdana; font-size: small;\">Adem\u00e1s, es de destacar que particip\u00f3 de la grabaci\u00f3n el arreglador de Banda XXI<\/span><\/p>\n<p align=\"left\"><span style=\"font-family: Verdana; font-size: small;\">En 2015 realiz\u00f3 su primera Gira de Difusi\u00f3n por el partido de la Costa.<\/span><\/p>\n<p align=\"left\"><span style=\"font-family: Verdana; font-size: small;\">Tambi\u00e9n estuvo en Dar la Nota, particip\u00f3 del casting de Elegidos, estuvo en Canal 8 de Mar del Plata en el programa Alma Gaucha.<\/span><\/p>\n<p align=\"left\"><span style=\"font-family: Verdana; font-size: small;\">En 2016 se present\u00f3 en las Fiestas Patronales de Pilar con gran \u00e9xito y un inolvidable recibiendo del p\u00fablico.<\/span><\/p>\n<p align=\"left\"><span style=\"font-size: small;\"><b><i><span style=\"font-family: Arial;\">Por otras im\u00e1genes, audios de los temas o entrevistas no dude en contactarse<\/span><\/i><\/b><\/span><\/p>\n<p align=\"center\"><span style=\"font-size: small;\"><b><i> Contactos de Prensa<\/i><\/b><\/span><\/p>\n<div align=\"left\">\n<table width=\"100%\" border=\"1\" cellpadding=\"2\" align=\"left\">\n<tbody>\n<tr>\n<td width=\"50%\">\n<p align=\"left\"><span style=\"font-size: medium;\"><strong> <span style=\"color: #808080; font-family: Arial; font-size: small;\"> Mayra Ibarra &#8211; Asistente de Cuentas<\/p>\n<p><\/span> <\/strong><\/span> <span style=\"font-size: xx-small;\"><span style=\"color: #ff0000;\"> Directo<\/span><b>: <\/b> 0230<\/span><span style=\"font-size: xx-small;\">-4664772<br \/>\n<\/span><span style=\"color: #ff0000; font-size: xx-small;\"> Skype:<\/span><span style=\"font-size: xx-small;\"> quasarcomunicacion<br \/>\n<\/span><span style=\"color: #ff0000; font-size: xx-small;\"> Twitter:<\/span><span style=\"font-size: xx-small;\"> @quasarpilar<br \/>\n<\/span><span style=\"color: #ff0000; font-size: xx-small;\"> Gr<\/span><span style=\"color: #ff0000; font-size: xx-small;\">upo y p\u00e1gina en Facebook: <\/span> <span style=\"color: #808080; font-size: xx-small;\">www.facebook.com\/<\/span><a href=\"mailto:mfipata@gmail.com\"><span style=\"font-size: xx-small;\">Quasar<\/span><\/a><span style=\"font-size: xx-small;\">Comunicacion<br \/>\n<\/span><span style=\"color: #ff0000; font-size: xx-small;\"> Web:<\/span><b><\/b> <a href=\"http:\/\/www.quasarcomunicacion.com.ar\/\"> <span style=\"font-size: xx-small;\">www.quasarcomunicacion.com.ar<\/span><\/a><\/p>\n<p align=\"left\"><span style=\"font-size: xx-small;\"> <span style=\"color: #ff0000;\">Mail<\/span><b>:<\/b><\/span><span style=\"font-size: xx-small;\"> <a href=\"mailto:fernanda@quasarcomunicacion.com.ar\"> quasar@quasarcomunicacion.com.ar<\/a><\/span><\/p>\n<\/td>\n<td width=\"50%\">\n<p align=\"right\"><span style=\"font-size: medium;\"><strong> <span style=\"color: #808080; font-family: Arial; font-size: small;\"> Lic. Mar\u00eda Fernanda Ipata &#8211; Directora<br \/>\n<\/span> <\/strong><\/span> <span style=\"font-size: xx-small;\"><span style=\"color: #ff0000;\"><br \/>\nDirecto<\/span><b>: <\/b> 0230<\/span><span style=\"font-size: xx-small;\">-4664772<\/span><span style=\"font-size: xx-small;\"><br \/>\n<\/span><span style=\"font-size: xx-small;\"> <span style=\"color: #ff0000;\">M\u00f3vil:<\/span><b> <\/b> 0230<\/span><span style=\"font-size: xx-small;\">-15-4584535<br \/>\n011-15-6096-4656 ID 558*3763<br \/>\n<\/span><span style=\"color: #ff0000; font-size: xx-small;\"> Skype:<\/span><span style=\"font-size: xx-small;\"> quasarcomunicacion<br \/>\n<\/span><span style=\"color: #ff0000; font-size: xx-small;\"> Twitter:<\/span><span style=\"font-size: xx-small;\"> @quasarpilar<br \/>\n<\/span><span style=\"color: #ff0000; font-size: xx-small;\"> Gr<\/span><span style=\"color: #ff0000; font-size: xx-small;\">upo y p\u00e1gina en Facebook: <\/span> <span style=\"color: #808080; font-size: xx-small;\">www.facebook.com\/<\/span><a href=\"mailto:mfipata@gmail.com\"><span style=\"font-size: xx-small;\">Quasar<\/span><\/a><span style=\"font-size: xx-small;\">Comunicacion<br \/>\n<\/span><span style=\"font-size: xx-small;\"> <span style=\"color: #ff0000;\">LinkedIn<\/span><b>:\u00a0 <\/b><\/span> <span style=\"font-size: xx-small;\"><b> <a href=\"http:\/\/www.linkedin.com\/in\/mfipata\"> http:\/\/www.linkedin.com\/in\/mfipata<\/a><\/b><\/span><span style=\"font-size: xx-small;\"><br \/>\n<\/span><span style=\"color: #ff0000; font-size: xx-small;\"> Web:<\/span><b><\/b> <a href=\"http:\/\/www.quasarcomunicacion.com.ar\/\"> <span style=\"font-size: xx-small;\">www.quasarcomunicacion.com.ar<\/span><\/a><span style=\"font-size: xx-small;\"><br \/>\n<\/span><span style=\"font-size: xx-small;\"> <span style=\"color: #ff0000;\"> Mail<\/span><b>:<\/b><\/span><span style=\"font-size: xx-small;\"><a href=\"mailto:fernanda@quasarcomunicacion.com.ar\"> fernanda@quasarcomunicacion.com.ar<\/a><\/span><\/p>\n<\/td>\n<\/tr>\n<\/tbody>\n<\/table>\n<\/div>\n","protected":false},"excerpt":{"rendered":"<p>\u00a0Luego de la presentaci\u00f3n en vivo de su primer album discogr\u00e1fico en el Teatro Lope de Vega, el artista pilarense [&hellip;]<\/p>\n","protected":false},"author":2,"featured_media":7364,"comment_status":"open","ping_status":"open","sticky":false,"template":"","format":"standard","meta":[],"categories":[2],"tags":[],"_links":{"self":[{"href":"https:\/\/quasarcomunicacion.com.ar\/web\/wp-json\/wp\/v2\/posts\/7409"}],"collection":[{"href":"https:\/\/quasarcomunicacion.com.ar\/web\/wp-json\/wp\/v2\/posts"}],"about":[{"href":"https:\/\/quasarcomunicacion.com.ar\/web\/wp-json\/wp\/v2\/types\/post"}],"author":[{"embeddable":true,"href":"https:\/\/quasarcomunicacion.com.ar\/web\/wp-json\/wp\/v2\/users\/2"}],"replies":[{"embeddable":true,"href":"https:\/\/quasarcomunicacion.com.ar\/web\/wp-json\/wp\/v2\/comments?post=7409"}],"version-history":[{"count":0,"href":"https:\/\/quasarcomunicacion.com.ar\/web\/wp-json\/wp\/v2\/posts\/7409\/revisions"}],"wp:featuredmedia":[{"embeddable":true,"href":"https:\/\/quasarcomunicacion.com.ar\/web\/wp-json\/wp\/v2\/media\/7364"}],"wp:attachment":[{"href":"https:\/\/quasarcomunicacion.com.ar\/web\/wp-json\/wp\/v2\/media?parent=7409"}],"wp:term":[{"taxonomy":"category","embeddable":true,"href":"https:\/\/quasarcomunicacion.com.ar\/web\/wp-json\/wp\/v2\/categories?post=7409"},{"taxonomy":"post_tag","embeddable":true,"href":"https:\/\/quasarcomunicacion.com.ar\/web\/wp-json\/wp\/v2\/tags?post=7409"}],"curies":[{"name":"wp","href":"https:\/\/api.w.org\/{rel}","templated":true}]}}