{"id":740,"date":"2012-08-27T14:46:02","date_gmt":"2012-08-27T14:46:02","guid":{"rendered":"http:\/\/quasarcomunicacion.wordpress.com\/?p=740"},"modified":"2012-08-27T14:46:02","modified_gmt":"2012-08-27T14:46:02","slug":"el-1o-de-septiembre-feria-de-artesanias-diseno-y-arte-en-pilar-point","status":"publish","type":"post","link":"https:\/\/quasarcomunicacion.com.ar\/web\/el-1o-de-septiembre-feria-de-artesanias-diseno-y-arte-en-pilar-point\/","title":{"rendered":"El 1\u00ba de septiembre, Feria de Artesan\u00edas, dise\u00f1o y arte en Pilar Point"},"content":{"rendered":"<p style=\"text-align:left;\" align=\"center\"><span style=\"font-family:Verdana;font-size:small;\"><strong>Pilar de Feria <\/strong>tendr\u00e1 su tercera edici\u00f3n, esta vez se tratar\u00e1 de un encuentro de artesanos, dise\u00f1adores y artistas que expondr\u00e1n el pr\u00f3ximo s\u00e1bado 1\u00ba de septiembre en<strong> Pilar Point<\/strong>. La feria es con entrada libre y gratuita, y como ya es costumbre, habr\u00e1 actividades para toda la familia.<!--more--><\/span><\/p>\n<p><span style=\"font-family:Verdana;font-size:small;\">Informes en <a href=\"http:\/\/www.pilardeferia.com.ar\/\">www.pilardeferia.com.ar<\/a> o escribiendo a <a href=\"mailto:info@pilardeferia.com.ar\">info@pilardeferia.com.ar<\/a> o <a href=\"http:\/\/www.facebook.com\/pilardeferia\">www.facebook.com\/pilardeferia<\/a> o al 0230-4664772 begin_of_the_skype_highlighting\u00a0<img src=\"\/\/res\/numbers_button_skype_logo.png\" alt=\"\" \/>GRATIS\u00a00230-4664772\u00a0end_of_the_skype_highlighting, 011-15-6096-4656, ID 558*3763<\/span><\/p>\n<p align=\"center\"><a href=\"http:\/\/www.pilardeferia.com.ar\/\"><img loading=\"lazy\" src=\"http:\/\/www.pilarhoy.com.ar\/images\/afiche1.gif\" alt=\"\" width=\"499\" height=\"699\" border=\"0\" \/><\/a><\/p>\n<p><span style=\"font-family:Verdana;font-size:small;\">Ver fotos y expositores de esta edici\u00f3n en la fan page <a href=\"http:\/\/www.facebook.com\/pilardeferia\">www.facebook.com\/pilardeferia<\/a> <\/span><br \/>\n<span style=\"font-family:Verdana;font-size:small;\">La Feria se montar\u00e1 en el espacio de conexi\u00f3n entre <strong>Pilar Point <\/strong>y supermercado la Eco.<\/span><br \/>\n<span style=\"font-family:Verdana;font-size:small;\">Habr\u00e1 demostraciones, degustaciones de productos, sorteos, regalos, exhibici\u00f3n de taekwondo a cargo de la Escuela de M\u00e1ximo L\u00f3pez,\u00a0 caricaturista, anim\u00e9s, maquillaje art\u00edstico, charlas sobre tarot y muchas atracciones m\u00e1s.<\/span><br \/>\n<span style=\"font-family:Verdana;font-size:small;\">Por otro lado, la Feria tendr\u00e1 su espacio ben\u00e9fico, durante todo el d\u00eda funcionar\u00e1 el CARRUSEL SOLIDARIO a beneficio de la Biblioteca Palabras del Alma para la construcci\u00f3n de su nueva sede.<\/span><br \/>\n<img loading=\"lazy\" src=\"https:\/\/quasarcomunicacion.com.ar\/pilardeferia\/2012\/carrusel.gif\" alt=\"\" width=\"500\" height=\"325\" \/><br \/>\n<span style=\"font-family:Verdana;font-size:small;\">Tambi\u00e9n el taller de Microemprendimientos de la instituci\u00f3n estar\u00e1 presente ofreciendo sus productos a los visitantes.<\/span><\/p>\n<p align=\"left\"><img loading=\"lazy\" src=\"https:\/\/quasarcomunicacion.com.ar\/pilardeferia\/2012\/taek.gif\" alt=\"\" width=\"300\" height=\"341\" align=\"right\" \/><span style=\"font-size:small;\">Es de destacar la <strong>Exhibici\u00f3n de Taekwondo de los alumnos de la Escuela de M\u00e1ximo L\u00f3pez <\/strong>a las 17 hs en el patio exterior. <\/span><\/p>\n<p align=\"left\"><span style=\"font-size:small;\">All\u00ed, todos los presentes disfrutar\u00e1n de las mejores figuras del taekwondo del Club Atl\u00e9tico Pilar.<\/span><\/p>\n<p align=\"left\"><span style=\"font-size:small;\">Adem\u00e1s, maquillaje art\u00edstico durante la tarde del s\u00e1bado, a las 18 hs degustaci\u00f3n de productos gourmet en el stand de La Cocina del Vino, charlas sobre tarot a cargo de Lady Majo, caricaturista y anim\u00e9s en vivo, entre otras actividades.<\/span><\/p>\n<p align=\"left\"><span style=\"font-size:small;\">En el Patio de Comidas del primer piso, el s\u00e1bado 1\u00ba se presentar\u00e1 a las 18 hs Paula Torres y su conjunto con entrada libre y gratuita.<\/span><\/p>\n<p align=\"left\"><span style=\"font-size:small;\">Paula Torres se presentar\u00e1 con su conjunto integrado por: Bajo: H\u00e9ctor Arrua, percusi\u00f3n: Eve Santos, 2\u00aa guitarra Luis Santos y 1\u00aa guitarra Marcelo Torres (el pap\u00e1)<\/span><\/p>\n<p><img loading=\"lazy\" src=\"http:\/\/www.pilardeferia.com.ar\/imagenes\/logo2.gif\" alt=\"\" width=\"300\" height=\"212\" align=\"right\" border=\"0\" \/><span style=\"font-family:Verdana;font-size:small;\">Los visitantes podr\u00e1n gozar de todos los servicios de <strong>Pilar Point<\/strong>, el shopping del centro para todos, que incluye estacionamiento, seguridad, Wi-Fi, patio de comidas, espacio para la recreaci\u00f3n de los chicos, etc.<\/span><br \/>\n<span style=\"font-family:Verdana;font-size:small;\"><strong>Pilar de Feria <\/strong>es un evento tem\u00e1tico que en esta tercera edici\u00f3n tendr\u00e1 como eje que por primera vez se realizar\u00e1 en un paseo comercial.<\/span><\/p>\n","protected":false},"excerpt":{"rendered":"<p>Pilar de Feria tendr\u00e1 su tercera edici\u00f3n, esta vez se tratar\u00e1 de un encuentro de artesanos, dise\u00f1adores y artistas que [&hellip;]<\/p>\n","protected":false},"author":2,"featured_media":0,"comment_status":"open","ping_status":"open","sticky":false,"template":"","format":"standard","meta":[],"categories":[2],"tags":[],"_links":{"self":[{"href":"https:\/\/quasarcomunicacion.com.ar\/web\/wp-json\/wp\/v2\/posts\/740"}],"collection":[{"href":"https:\/\/quasarcomunicacion.com.ar\/web\/wp-json\/wp\/v2\/posts"}],"about":[{"href":"https:\/\/quasarcomunicacion.com.ar\/web\/wp-json\/wp\/v2\/types\/post"}],"author":[{"embeddable":true,"href":"https:\/\/quasarcomunicacion.com.ar\/web\/wp-json\/wp\/v2\/users\/2"}],"replies":[{"embeddable":true,"href":"https:\/\/quasarcomunicacion.com.ar\/web\/wp-json\/wp\/v2\/comments?post=740"}],"version-history":[{"count":0,"href":"https:\/\/quasarcomunicacion.com.ar\/web\/wp-json\/wp\/v2\/posts\/740\/revisions"}],"wp:attachment":[{"href":"https:\/\/quasarcomunicacion.com.ar\/web\/wp-json\/wp\/v2\/media?parent=740"}],"wp:term":[{"taxonomy":"category","embeddable":true,"href":"https:\/\/quasarcomunicacion.com.ar\/web\/wp-json\/wp\/v2\/categories?post=740"},{"taxonomy":"post_tag","embeddable":true,"href":"https:\/\/quasarcomunicacion.com.ar\/web\/wp-json\/wp\/v2\/tags?post=740"}],"curies":[{"name":"wp","href":"https:\/\/api.w.org\/{rel}","templated":true}]}}