{"id":7388,"date":"2016-12-28T16:02:00","date_gmt":"2016-12-28T19:02:00","guid":{"rendered":"https:\/\/quasarcomunicacion.com.ar\/web\/?p=7388"},"modified":"2016-12-28T16:02:00","modified_gmt":"2016-12-28T19:02:00","slug":"el-club-privado-de-mujeres-ejecutivas-realizo-su-brindis-de-fin-de-ano-en-el-howard-johnson-pilar","status":"publish","type":"post","link":"https:\/\/quasarcomunicacion.com.ar\/web\/el-club-privado-de-mujeres-ejecutivas-realizo-su-brindis-de-fin-de-ano-en-el-howard-johnson-pilar\/","title":{"rendered":"El Club Privado de Mujeres Ejecutivas realiz\u00f3 su brindis de fin de a\u00f1o en el Howard Johnson Pilar"},"content":{"rendered":"<p style=\"text-align: left;\" align=\"center\"><span style=\"font-family: Verdana;\">Durante la tarde del martes 27 de diciembre, el\u00a0 <\/span><b style=\"font-family: Verdana;\">Club Privado de Mujeres Ejecutivas<\/b><span style=\"font-family: Verdana;\"> realiz\u00f3 su cl\u00e1sico brindis de fin de a\u00f1o en <\/span><b style=\"font-family: Verdana;\">el Hotel Howard Johnson Pilar<\/b><span style=\"font-family: Verdana;\">, en esta oportunidad las mujeres disfrutaron de una degustaci\u00f3n de vinos de C<\/span><b style=\"font-family: Verdana;\">G Wine &amp; Whisky<\/b><span style=\"font-family: Verdana;\"> en sus jardines y como lo hace en cada oportunidad, recolect\u00f3 alimentos para el Comedor Confiar del Barrio San Jorge.<!--more--><\/span><\/p>\n<p><a href=\"https:\/\/quasarcomunicacion.com.ar\/web\/wp-content\/uploads\/2016\/12\/brindis2016.gif\"><img class=\"aligncenter\" alt=\"brindis2016\" src=\"https:\/\/quasarcomunicacion.com.ar\/web\/wp-content\/uploads\/2016\/12\/brindis2016.gif\" \/><\/a><\/p>\n<p><span style=\"font-family: Verdana;\">\u201cHoy nuestro objetivo no es solo generar m\u00e1s y mejores oportunidades para nuestras socias sino tambi\u00e9n que esta energ\u00eda que nos urge sea el motor para dar a quienes m\u00e1s necesitan\u201d, se\u00f1al\u00f3 Marcela Temes, CEO y mentora del Club, que se fund\u00f3 en 2010 y lleg\u00f3 a Pilar dos a\u00f1os despu\u00e9s.<\/span><\/p>\n<p><span style=\"font-family: Verdana;\">M\u00e1s de 30 mujeres ejecutivas de Zona Norte se reunieron para conocerse y disfrutar de un momento de distensi\u00f3n. <\/span><\/p>\n<p><span style=\"font-family: Verdana;\"> \u00abTenemos que dejar atr\u00e1s el mito de que mujer ejecutiva es la que est\u00e1 maquillada e impecable, somos mujeres comunes que nos ocupamos de nuestra familia, de nuestros padres , de nuestra empresa y de nuestros animalitos, cada tarea forma parte de nuestro quehacer diario\u00bb, dijo Marcela Temes durante el brindis.<\/span><\/p>\n<p><span style=\"font-family: Verdana;\">Asimismo, agreg\u00f3 que \u201cser ejecutiva es ser una hacedora nata, es dar con pasi\u00f3n y hacer lo que se ama pero adem\u00e1s es entender que de tus decisiones dependen movimientos futuros. \u201ccuando pens\u00e9 en el Club, pens\u00e9 en un espacio que nos aleje de nuevas ataduras sino por el contrario, nos genere placer pertenecer y activarnos unas con otras \u201d.<\/span><\/p>\n<p><span style=\"font-family: Verdana;\"> \u201cSabemos que encontrar el equilibrio entre la ejecutiva, la madre y la mujer, requiere de ciertos talentos claves, el club es el ox\u00edgeno ante tantas responsabilidades, es nuestro espacio para divertirnos pero tambi\u00e9n para gestar nuevos negocios\u201d, argument\u00f3. <\/span><\/p>\n<p><span style=\"font-family: Verdana;\">Para 2017 ya tienen varios proyectos que llevar\u00e1n a cabo tanto en Pilar como en Capital Federal. <\/span><\/p>\n<p><span style=\"font-family: Verdana;\">Ya est\u00e1n pensando en la jornada <\/span><b style=\"font-family: Verdana;\">\u00abMujeres l\u00edderes de la Nueva Era\u00bb<\/b><span style=\"font-family: Verdana;\"> para el mes de marzo y en un ciclo junto a <\/span><b style=\"font-family: Verdana;\">Pilar Emprende by Emprender Hoy <\/b><span style=\"font-family: Verdana;\">denominado <\/span><b style=\"font-family: Verdana;\">\u00abEmprender en Primera Persona\u00bb<\/b><span style=\"font-family: Verdana;\"> donde emprendedores exitosos contar\u00e1n sus historias al p\u00fablico asistente.<\/span><\/p>\n<p><span style=\"font-family: Verdana;\">Para Marcela Temes, creadora de <b>Mujeres Ejecutivas\u00ae<\/b>, el Club busca que el \u00e9xito, definido siempre en t\u00e9rminos personales, sea reconocido como un valor al cual todos tenemos derecho de aspirar y lograr, pero adem\u00e1s pueda ser compartido y estos son valores netamente femeninos a la hora de hacer negocios. <\/span><\/p>\n<p><span style=\"font-family: Verdana;\">En <b> Mujeres Ejecutivas Club Privado\u00ae<\/b> apostamos a un espacio en constante desarrollo que nos permita encontrar placer, en nuestras actividades laborales, sociales y filantr\u00f3picas. <\/span><\/p>\n<p><span style=\"font-family: Verdana;\">A diferencia de otras organizaciones, el <b>Club Mujeres Ejecutivas\u00ae<\/b> est\u00e1 constituido por un grupo de personas libremente asociadas, que coinciden en sus gustos y opiniones art\u00edsticas, literarias, pol\u00edticas, deportivas, etc., o que simplemente se encuentran porque desean compartir sus deseos de relaci\u00f3n social. <\/span><\/p>\n<p><span style=\"font-family: Verdana;\"><b> Mujeres Ejecutivas\u00ae<\/b>, solo convoca a mujeres l\u00edderes con poco tiempo y amantes de la libertad y los buenos negocios, con ganas de ampliar su horizonte social y laboral con nuevas ideas, sin que esto les exija m\u00e1s tiempo ni deban sumar m\u00e1s compromisos a sus actividades, para fomentar el desarrollo personal, profesional y espiritualmente. <\/span><\/p>\n<p><span style=\"font-family: Verdana;\">Ser miembro permite a las socias compartir experiencias a trav\u00e9s de los foros, participar de desayunos o vermissage, Brunch, Coffee Break, Almuerzos, High Tea de trabajo, Jornadas, Vinos de Honor, Congresos, Ferias, talleres, disfrutar de los beneficios exclusivos y por sobre todo de encontrar los momentos propicios para generar nuevos negocios en momentos de placer. <\/span><\/p>\n<p><span style=\"font-family: Verdana;\"><b> Sobre el Club de Mujeres Ejecutivas<\/b><\/span><\/p>\n<p><span style=\"font-family: Verdana; font-size: xx-small;\">Mujeres Ejecutivas Club Privado naci\u00f3 en el a\u00f1o 2010 con el objetivo de ofrecer un espacio de intercambio a mujeres que aspiran a una cultura de \u00e9xito, afectos, cuidados personales, espiritualidad, paz y responsabilidad social sin perder de vista los negocios y las finanzas.<br \/>\nEst\u00e1 definido como un grupo social, conformado por mujeres profesionales, empresarias, ejecutivas y emprendedoras, que desarrolla regularmente un conjunto de tareas orientadas a apoyar los valores comunes de ese g\u00e9nero. <\/span><\/p>\n<p><span style=\"font-family: Verdana; font-size: xx-small;\">El Club Privado es un espacio de intercambio virtual o presencial, sin reuniones obligatorias, pero con la exigencia de participaci\u00f3n y compromiso por parte de las socias en las actividades que se realizan durante el a\u00f1o.<\/span><\/p>\n<p><span style=\"font-family: Verdana;\"><b>\u00bfC\u00f3mo asociarse? <\/b><\/span><span style=\"font-family: Verdana; font-size: xx-small;\"><br \/>\nPara Asociarse las mujeres deben enviar una solicitud a mujeresejecutivasclub@gmail.com con datos personales y profesionales, intereses y carta de recomendaci\u00f3n. Un comit\u00e9 aprueba los datos y se convoca a una entrevista personal. Una vez aceptada la candidata, se debe abonar la membres\u00eda y cuota anual.<\/span><\/p>\n<p align=\"center\"><span style=\"font-size: small;\"><b><i> Contactos de Prensa<\/i><\/b><\/span><\/p>\n<div align=\"left\">\n<table width=\"100%\" border=\"1\" cellpadding=\"2\" align=\"left\">\n<tbody>\n<tr>\n<td align=\"center\" width=\"50%\">\n<p align=\"left\"><strong> <span style=\"color: #ff0000; font-family: Arial; font-size: small;\">Mayra Ibarra<\/span><\/strong><span style=\"font-size: medium;\"><strong><span style=\"color: #808080; font-family: Arial; font-size: small;\"> &#8211; Asistente de Cuentas<\/p>\n<p><\/span> <\/strong><\/span> <span style=\"font-size: xx-small;\"><span style=\"color: #ff0000;\"> Directo<\/span><b>: <\/b> 0230<\/span><span style=\"font-size: xx-small;\">-4664772<br \/>\n<\/span><span style=\"color: #ff0000; font-size: xx-small;\"> Skype:<\/span><span style=\"font-size: xx-small;\"> quasarcomunicacion<br \/>\n<\/span><span style=\"color: #ff0000; font-size: xx-small;\"> Twitter:<\/span><span style=\"font-size: xx-small;\"> @quasarpilar<br \/>\n<\/span><span style=\"color: #ff0000; font-size: xx-small;\"> Gr<\/span><span style=\"color: #ff0000; font-size: xx-small;\">upo y p\u00e1gina en Facebook: <\/span> <span style=\"color: #808080; font-size: xx-small;\">www.facebook.com\/<\/span><a href=\"mailto:mfipata@gmail.com\"><span style=\"font-size: xx-small;\">Quasar<\/span><\/a><span style=\"font-size: xx-small;\">Comunicacion<br \/>\n<\/span><span style=\"color: #ff0000; font-size: xx-small;\"> Web:<\/span><b><\/b> <a href=\"http:\/\/www.quasarcomunicacion.com.ar\/\"> <span style=\"font-size: xx-small;\">www.quasarcomunicacion.com.ar<\/span><\/a><\/p>\n<p align=\"left\"><span style=\"font-size: xx-small;\"> <span style=\"color: #ff0000;\">Mail<\/span><b>:<\/b><\/span><span style=\"font-size: xx-small;\"> <a href=\"mailto:fernanda@quasarcomunicacion.com.ar\"> quasar@quasarcomunicacion.com.ar<\/a><\/span><\/p>\n<\/td>\n<td align=\"center\" width=\"50%\">\n<p align=\"right\"><span style=\"font-size: medium;\"><strong> <span style=\"color: #808080; font-family: Arial; font-size: small;\"> Lic. Mar\u00eda Fernanda Ipata &#8211; Directora<br \/>\n<\/span> <\/strong><\/span> <span style=\"font-size: xx-small;\"><span style=\"color: #ff0000;\"><br \/>\nDirecto<\/span><b>: <\/b> 0230<\/span><span style=\"font-size: xx-small;\">-4664772<\/span><span style=\"font-size: xx-small;\"><br \/>\n<\/span><span style=\"font-size: xx-small;\"> <span style=\"color: #ff0000;\">M\u00f3vil:<\/span><b> <\/b> 0230<\/span><span style=\"font-size: xx-small;\">-15-4584535<br \/>\n011-15-6096-4656 ID 558*3763<br \/>\n<\/span><span style=\"color: #ff0000; font-size: xx-small;\"> Skype:<\/span><span style=\"font-size: xx-small;\"> quasarcomunicacion<br \/>\n<\/span><span style=\"color: #ff0000; font-size: xx-small;\"> Twitter:<\/span><span style=\"font-size: xx-small;\"> @quasarpilar<br \/>\n<\/span><span style=\"color: #ff0000; font-size: xx-small;\"> Gr<\/span><span style=\"color: #ff0000; font-size: xx-small;\">upo y p\u00e1gina en Facebook: <\/span> <span style=\"color: #808080; font-size: xx-small;\">www.facebook.com\/<\/span><a href=\"mailto:mfipata@gmail.com\"><span style=\"font-size: xx-small;\">Quasar<\/span><\/a><span style=\"font-size: xx-small;\">Comunicacion<br \/>\n<\/span><span style=\"font-size: xx-small;\"> <span style=\"color: #ff0000;\">LinkedIn<\/span><b>:\u00a0 <\/b><\/span> <span style=\"font-size: xx-small;\"><b> <a href=\"http:\/\/www.linkedin.com\/in\/mfipata\"> http:\/\/www.linkedin.com\/in\/mfipata<\/a><\/b><\/span><span style=\"font-size: xx-small;\"><br \/>\n<\/span><span style=\"color: #ff0000; font-size: xx-small;\"> Web:<\/span><b><\/b> <a href=\"http:\/\/www.quasarcomunicacion.com.ar\/\"> <span style=\"font-size: xx-small;\">www.quasarcomunicacion.com.ar<\/span><\/a><span style=\"font-size: xx-small;\"><br \/>\n<\/span><span style=\"font-size: xx-small;\"> <span style=\"color: #ff0000;\"> Mail<\/span><b>:<\/b><\/span><span style=\"font-size: xx-small;\"><a href=\"mailto:fernanda@quasarcomunicacion.com.ar\"> fernanda@quasarcomunicacion.com.ar<\/a><\/span><\/p>\n<\/td>\n<\/tr>\n<\/tbody>\n<\/table>\n<\/div>\n","protected":false},"excerpt":{"rendered":"<p>Durante la tarde del martes 27 de diciembre, el\u00a0 Club Privado de Mujeres Ejecutivas realiz\u00f3 su cl\u00e1sico brindis de fin [&hellip;]<\/p>\n","protected":false},"author":2,"featured_media":7389,"comment_status":"open","ping_status":"open","sticky":false,"template":"","format":"standard","meta":[],"categories":[2],"tags":[],"_links":{"self":[{"href":"https:\/\/quasarcomunicacion.com.ar\/web\/wp-json\/wp\/v2\/posts\/7388"}],"collection":[{"href":"https:\/\/quasarcomunicacion.com.ar\/web\/wp-json\/wp\/v2\/posts"}],"about":[{"href":"https:\/\/quasarcomunicacion.com.ar\/web\/wp-json\/wp\/v2\/types\/post"}],"author":[{"embeddable":true,"href":"https:\/\/quasarcomunicacion.com.ar\/web\/wp-json\/wp\/v2\/users\/2"}],"replies":[{"embeddable":true,"href":"https:\/\/quasarcomunicacion.com.ar\/web\/wp-json\/wp\/v2\/comments?post=7388"}],"version-history":[{"count":0,"href":"https:\/\/quasarcomunicacion.com.ar\/web\/wp-json\/wp\/v2\/posts\/7388\/revisions"}],"wp:featuredmedia":[{"embeddable":true,"href":"https:\/\/quasarcomunicacion.com.ar\/web\/wp-json\/wp\/v2\/media\/7389"}],"wp:attachment":[{"href":"https:\/\/quasarcomunicacion.com.ar\/web\/wp-json\/wp\/v2\/media?parent=7388"}],"wp:term":[{"taxonomy":"category","embeddable":true,"href":"https:\/\/quasarcomunicacion.com.ar\/web\/wp-json\/wp\/v2\/categories?post=7388"},{"taxonomy":"post_tag","embeddable":true,"href":"https:\/\/quasarcomunicacion.com.ar\/web\/wp-json\/wp\/v2\/tags?post=7388"}],"curies":[{"name":"wp","href":"https:\/\/api.w.org\/{rel}","templated":true}]}}