{"id":7380,"date":"2016-12-19T16:58:41","date_gmt":"2016-12-19T19:58:41","guid":{"rendered":"https:\/\/quasarcomunicacion.com.ar\/web\/?p=7380"},"modified":"2016-12-19T16:58:41","modified_gmt":"2016-12-19T19:58:41","slug":"moni-franzese-brindara-la-ultima-conferencia-del-ano-sobre-decodificacion-biologica-en-ramos-mejia","status":"publish","type":"post","link":"https:\/\/quasarcomunicacion.com.ar\/web\/moni-franzese-brindara-la-ultima-conferencia-del-ano-sobre-decodificacion-biologica-en-ramos-mejia\/","title":{"rendered":"Moni Franzese brindar\u00e1 la \u00faltima conferencia del a\u00f1o sobre Decodificaci\u00f3n Biol\u00f3gica en Ramos Mej\u00eda"},"content":{"rendered":"<p style=\"text-align: left;\" align=\"center\"><span style=\"font-family: Verdana; font-size: small;\">\u00a0El pr\u00f3ximo 29 de diciembre en Ramos Mej\u00eda, <\/span><b style=\"font-family: Verdana; font-size: small;\">Moni Franzese<\/b><span style=\"font-family: Verdana; font-size: small;\"> y todo su equipo estar\u00e1n brindando la \u00faltima <\/span><b style=\"font-family: Verdana; font-size: small;\">conferencia gratuita<\/b><span style=\"font-family: Verdana; font-size: small;\"> del a\u00f1o sobre<\/span><b style=\"font-family: Verdana; font-size: small;\"> Decodificaci\u00f3n Biol\u00f3gica<\/b><span style=\"font-family: Verdana; font-size: small;\">. La misma se llevar\u00e1 a cabo el jueves 29 de diciembre a partir de las 17:00 en Av. de Mayo N\u00b0 54, Ramos Mej\u00eda (1\u00b0 piso, entrada por la sala de primeros auxilios)<!--more--><\/span><\/p>\n<p align=\"left\"><a href=\"https:\/\/quasarcomunicacion.com.ar\/web\/wp-content\/uploads\/2016\/12\/conferenciaramos.gif\"><img class=\"aligncenter\" alt=\"conferenciaramos\" src=\"https:\/\/quasarcomunicacion.com.ar\/web\/wp-content\/uploads\/2016\/12\/conferenciaramos.gif\" \/><\/a><\/p>\n<p align=\"left\"><span style=\"font-family: Verdana; font-size: small;\"><b>Moni Franzese<\/b> realizar\u00e1 la conferencia de dos horas de duraci\u00f3n, con invitaci\u00f3n libre y gratuita, sin inscripci\u00f3n previa. Tampoco es necesario tener conocimientos previos. Adem\u00e1s, advierte que \u201ctodas las conferencias son diferentes\u201d, por lo tanto, si ya han participado de alguna, Moni asegura que en todas propone algo nuevo y se aprende un poco m\u00e1s.<\/span><\/p>\n<p align=\"left\"><span style=\"font-family: Verdana; font-size: small;\">Para despedir el a\u00f1o con amor, paz y armon\u00eda, la especialista propone hacerlo con una conferencia para pasar un buen rato, aprender y donde adem\u00e1s habr\u00e1 sorteos. Para m\u00e1s informaci\u00f3n ingresar a <a href=\"http:\/\/www.monifranzese.com\/\">www.monifranzese.com<\/a> o <a href=\"http:\/\/www.decodificacionreal.com\/\">www.decodificacionreal.com<\/a>\u00a0 Whatsapp 15-4099-2420<\/span><\/p>\n<table width=\"100%\" border=\"0\" cellspacing=\"0\" cellpadding=\"3\" bgcolor=\"#99CCFF\">\n<tbody>\n<tr>\n<td width=\"100%\"><span style=\"font-family: Verdana; font-size: small;\">Para concertar entrevistas period\u00edsticas con la especialista Moni Franzese, contactarse al whatsapp 0230 15 4584535 o 011 15 6096-4656 o bien al tel\u00e9fono de nuestra oficina 0230 4664772 Tambi\u00e9n podr\u00e1n hacerlo escribiendo a quasar@quasarcomunicacion.com.ar<\/span><\/td>\n<\/tr>\n<\/tbody>\n<\/table>\n<p><span style=\"font-family: Verdana; font-size: small;\"><b>Moni Franzese <\/b>es Terapeuta Hol\u00edstica, Profesora e Investigadora, Conferencista e Instructora en Decodificaci\u00f3n Biol\u00f3gica y Terapias Complementarias.<br \/>\nLa Decodificaci\u00f3n Biol\u00f3gica, especialidad de Moni Franzese, se caracteriza por ayudar a encontrar los c\u00f3digos que el cerebro biol\u00f3gico activa como respuesta de adaptaci\u00f3n ante una situaci\u00f3n emocional conflictiva y estresante en pos de la supervivencia para lo que se viene. Estos c\u00f3digos que el cerebro biol\u00f3gico activa son los causantes de las enfermedades. Para eso, esta terapia da las pautas para decodificarlos y desactivarlos.<\/span><\/p>\n<p><span style=\"font-family: Verdana; font-size: small;\">Las conferencias se dan en el marco de la apertura de inscripciones al <b>Curso de Decodificaci\u00f3n Biol\u00f3gica <\/b>que se iniciar\u00e1 en marzo de 2017 bajo el lema \u201cDecodificaci\u00f3n Biol\u00f3gica y Biolog\u00eda Total de los Seres Vivientes\u201d. Dicho curso se dictar\u00e1 en el Cristal Palace Hotel de Belgrano, Ciudad de La Paz 2550, a una cuadra de Cabildo y Monroe, CABA. <\/span><\/p>\n<p><span style=\"font-family: Verdana; font-size: small;\">Es de destacar que para participar del curso no se necesitan conocimientos previos ni t\u00edtulo anterior. El mismo va dirigido tanto a profesionales de la salud como a p\u00fablico en general. El objetivo del curso es, en el caso de los m\u00e9dicos y\/o todo aquel que trabaje con pacientes o consultantes, formarlos como terapeutas en decodificaci\u00f3n biol\u00f3gica, como as\u00ed tambi\u00e9n a todo aquel que quiera serlo, o solo quiera vivir la experiencia para crecimiento, sanaci\u00f3n o evoluci\u00f3n personal.<\/span><\/p>\n<p><span style=\"font-family: Verdana; font-size: small;\">Para reservar vacantes y se\u00f1ar todos los m\u00f3dulos inmediatamente enviar mail a info@monifranzese.com, decodificacionreal@gmail.com o ingresando en www.monifranzese.com \/ www.decodificacionreal.com o al celular 1540992420 que tambi\u00e9n atiende por whatsapp o llenando el siguiente formulario con tus datos: <a href=\"http:\/\/monifranzese.com\/formulario-de-inscripcion\/\"> http:\/\/monifranzese.com\/formulario-de-inscripcion\/<\/a><\/span><\/p>\n<p align=\"left\"><span style=\"font-family: Verdana; font-size: small;\">Para ver el programa completo del curso 2017 ingresar a <a href=\"http:\/\/monifranzese.com\/wp-content\/uploads\/2015\/12\/PROGRAMA-CURSO-ANUAL.pdf\"> http:\/\/monifranzese.com\/wp-content\/uploads\/2015\/12\/PROGRAMA-CURSO-ANUAL.pdf<\/a> <\/span><\/p>\n<p align=\"left\"><span style=\"font-size: small;\"><b><i><span style=\"font-family: Arial;\">Por otras im\u00e1genes, audios o entrevistas no dude en contactarse<\/span><\/i><\/b><\/span><\/p>\n<p align=\"center\"><span style=\"font-size: small;\"><b><i> Contactos de Prensa<\/i><\/b><\/span><\/p>\n<div align=\"left\">\n<table width=\"100%\" border=\"1\" cellpadding=\"2\" align=\"left\">\n<tbody>\n<tr>\n<td width=\"50%\">\n<p align=\"left\"><span style=\"font-size: medium;\"><strong> <span style=\"color: #808080; font-family: Arial; font-size: small;\"> Mayra Ibarra &#8211; Asistente de Cuentas<\/p>\n<p><\/span> <\/strong><\/span> <span style=\"font-size: xx-small;\"><span style=\"color: #ff0000;\"> Directo<\/span><b>: <\/b> 0230<\/span><span style=\"font-size: xx-small;\">-4664772<br \/>\n<\/span><span style=\"color: #ff0000; font-size: xx-small;\"> Skype:<\/span><span style=\"font-size: xx-small;\"> quasarcomunicacion<br \/>\n<\/span><span style=\"color: #ff0000; font-size: xx-small;\"> Twitter:<\/span><span style=\"font-size: xx-small;\"> @quasarpilar<br \/>\n<\/span><span style=\"color: #ff0000; font-size: xx-small;\"> Gr<\/span><span style=\"color: #ff0000; font-size: xx-small;\">upo y p\u00e1gina en Facebook: <\/span> <span style=\"color: #808080; font-size: xx-small;\">www.facebook.com\/<\/span><a href=\"mailto:mfipata@gmail.com\"><span style=\"font-size: xx-small;\">Quasar<\/span><\/a><span style=\"font-size: xx-small;\">Comunicacion<br \/>\n<\/span><span style=\"color: #ff0000; font-size: xx-small;\"> Web:<\/span><b><\/b> <a href=\"http:\/\/www.quasarcomunicacion.com.ar\/\"> <span style=\"font-size: xx-small;\">www.quasarcomunicacion.com.ar<\/span><\/a><\/p>\n<p align=\"left\"><span style=\"font-size: xx-small;\"> <span style=\"color: #ff0000;\">Mail<\/span><b>:<\/b><\/span><span style=\"font-size: xx-small;\"> <a href=\"mailto:fernanda@quasarcomunicacion.com.ar\"> quasar@quasarcomunicacion.com.ar<\/a><\/span><\/p>\n<\/td>\n<td width=\"50%\">\n<p align=\"right\"><span style=\"font-size: medium;\"><strong> <span style=\"color: #808080; font-family: Arial; font-size: small;\"> Lic. Mar\u00eda Fernanda Ipata &#8211; Directora<br \/>\n<\/span> <\/strong><\/span> <span style=\"font-size: xx-small;\"><span style=\"color: #ff0000;\"><br \/>\nDirecto<\/span><b>: <\/b> 0230<\/span><span style=\"font-size: xx-small;\">-4664772<\/span><span style=\"font-size: xx-small;\"><br \/>\n<\/span><span style=\"font-size: xx-small;\"> <span style=\"color: #ff0000;\">M\u00f3vil:<\/span><b> <\/b> 0230<\/span><span style=\"font-size: xx-small;\">-15-4584535<br \/>\n011-15-6096-4656 ID 558*3763<br \/>\n<\/span><span style=\"color: #ff0000; font-size: xx-small;\"> Skype:<\/span><span style=\"font-size: xx-small;\"> quasarcomunicacion<br \/>\n<\/span><span style=\"color: #ff0000; font-size: xx-small;\"> Twitter:<\/span><span style=\"font-size: xx-small;\"> @quasarpilar<br \/>\n<\/span><span style=\"color: #ff0000; font-size: xx-small;\"> Gr<\/span><span style=\"color: #ff0000; font-size: xx-small;\">upo y p\u00e1gina en Facebook: <\/span> <span style=\"color: #808080; font-size: xx-small;\">www.facebook.com\/<\/span><a href=\"mailto:mfipata@gmail.com\"><span style=\"font-size: xx-small;\">Quasar<\/span><\/a><span style=\"font-size: xx-small;\">Comunicacion<br \/>\n<\/span><span style=\"font-size: xx-small;\"> <span style=\"color: #ff0000;\">LinkedIn<\/span><b>:\u00a0 <\/b><\/span> <span style=\"font-size: xx-small;\"><b> <a href=\"http:\/\/www.linkedin.com\/in\/mfipata\"> http:\/\/www.linkedin.com\/in\/mfipata<\/a><\/b><\/span><span style=\"font-size: xx-small;\"><br \/>\n<\/span><span style=\"color: #ff0000; font-size: xx-small;\"> Web:<\/span><b><\/b> <a href=\"http:\/\/www.quasarcomunicacion.com.ar\/\"> <span style=\"font-size: xx-small;\">www.quasarcomunicacion.com.ar<\/span><\/a><span style=\"font-size: xx-small;\"><br \/>\n<\/span><span style=\"font-size: xx-small;\"> <span style=\"color: #ff0000;\"> Mail<\/span><b>:<\/b><\/span><span style=\"font-size: xx-small;\"><a href=\"mailto:fernanda@quasarcomunicacion.com.ar\"> fernanda@quasarcomunicacion.com.ar<\/a><\/span><\/p>\n<\/td>\n<\/tr>\n<\/tbody>\n<\/table>\n<\/div>\n","protected":false},"excerpt":{"rendered":"<p>\u00a0El pr\u00f3ximo 29 de diciembre en Ramos Mej\u00eda, Moni Franzese y todo su equipo estar\u00e1n brindando la \u00faltima conferencia gratuita [&hellip;]<\/p>\n","protected":false},"author":2,"featured_media":7381,"comment_status":"open","ping_status":"open","sticky":false,"template":"","format":"standard","meta":[],"categories":[2],"tags":[],"_links":{"self":[{"href":"https:\/\/quasarcomunicacion.com.ar\/web\/wp-json\/wp\/v2\/posts\/7380"}],"collection":[{"href":"https:\/\/quasarcomunicacion.com.ar\/web\/wp-json\/wp\/v2\/posts"}],"about":[{"href":"https:\/\/quasarcomunicacion.com.ar\/web\/wp-json\/wp\/v2\/types\/post"}],"author":[{"embeddable":true,"href":"https:\/\/quasarcomunicacion.com.ar\/web\/wp-json\/wp\/v2\/users\/2"}],"replies":[{"embeddable":true,"href":"https:\/\/quasarcomunicacion.com.ar\/web\/wp-json\/wp\/v2\/comments?post=7380"}],"version-history":[{"count":0,"href":"https:\/\/quasarcomunicacion.com.ar\/web\/wp-json\/wp\/v2\/posts\/7380\/revisions"}],"wp:featuredmedia":[{"embeddable":true,"href":"https:\/\/quasarcomunicacion.com.ar\/web\/wp-json\/wp\/v2\/media\/7381"}],"wp:attachment":[{"href":"https:\/\/quasarcomunicacion.com.ar\/web\/wp-json\/wp\/v2\/media?parent=7380"}],"wp:term":[{"taxonomy":"category","embeddable":true,"href":"https:\/\/quasarcomunicacion.com.ar\/web\/wp-json\/wp\/v2\/categories?post=7380"},{"taxonomy":"post_tag","embeddable":true,"href":"https:\/\/quasarcomunicacion.com.ar\/web\/wp-json\/wp\/v2\/tags?post=7380"}],"curies":[{"name":"wp","href":"https:\/\/api.w.org\/{rel}","templated":true}]}}