{"id":738,"date":"2012-08-27T14:45:20","date_gmt":"2012-08-27T14:45:20","guid":{"rendered":"http:\/\/quasarcomunicacion.wordpress.com\/?p=738"},"modified":"2012-08-27T14:45:20","modified_gmt":"2012-08-27T14:45:20","slug":"manos-en-accion-realizo-su-cena-solidaria","status":"publish","type":"post","link":"https:\/\/quasarcomunicacion.com.ar\/web\/manos-en-accion-realizo-su-cena-solidaria\/","title":{"rendered":"Manos en Acci\u00f3n realiz\u00f3 su cena solidaria"},"content":{"rendered":"<p style=\"text-align:left;\" align=\"center\"><span style=\"font-family:Verdana;font-size:small;\">En el marco de una noche plagada de solidaridad y esperanza, se celebr\u00f3 la primera Cena a Beneficio de La Asociaci\u00f3n Civil sin fines de lucro <\/span><strong>\u00abMANOS EN ACCI\u00d3N\u00bb<\/strong><span style=\"font-family:Verdana;font-size:small;\">. Grandes empresas, particulares y amigos, rodeados de un clima de fiesta y gratitud, brindaron su aporte que permiti\u00f3 superar las expectativas de recaudaci\u00f3n para solventar los futuros programas que abrazar\u00e1n a miles de familias carenciadas.<!--more--><\/span><\/p>\n<p><img loading=\"lazy\" src=\"http:\/\/www.quasarcomunicacion.com.ar\/manosenaccion\/cena2.gif\" alt=\"\" width=\"500\" height=\"333\" \/><br \/>\n<span style=\"font-family:Verdana;font-size:small;\">El evento, conducido por Maru Botana y Ari Paluch, cont\u00f3 con grandes momentos. Mientras los asistentes cenaban, participaron de incre\u00edbles sorteos con productos donados por empresas, y de la subasta de una obra de arte realizada en conjunto por los chicos del merendero y la artista pl\u00e1stica Florencia De Luchi. <\/span><br \/>\n<span style=\"font-family:Verdana;font-size:small;\">Del evento solidario particip\u00f3 la Municipalidad del Pilar.<\/span><br \/>\n<img loading=\"lazy\" src=\"http:\/\/www.quasarcomunicacion.com.ar\/manosenaccion\/cena1.gif\" alt=\"\" width=\"500\" height=\"333\" \/><br \/>\n<span style=\"font-family:Verdana;font-size:small;\">Con la emoci\u00f3n y gratitud que s\u00f3lo un encuentro como este puede provocar, Fifi Palou, responsable institucional de <strong>MANOS EN ACCION<\/strong> y miembro del equipo de voluntarios expresa: \u201cEstamos orgullosos de la entrega e inmensa solidaridad que se vivi\u00f3 en esta cena. El trabajo reci\u00e9n comienza, cada d\u00eda somos m\u00e1s los que deseamos cambiar las condiciones de vida de muchas familias en estado de emergencia, y esta noche se demostr\u00f3 la uni\u00f3n incondicional de quienes sentimos la necesidad constante de ayudar\u201d. <\/span><br \/>\n<img loading=\"lazy\" src=\"http:\/\/www.quasarcomunicacion.com.ar\/manosenaccion\/cena.gif\" alt=\"\" width=\"300\" height=\"200\" align=\"left\" hspace=\"6\" vspace=\"6\" \/><span style=\"font-family:Verdana;font-size:small;\">La recaudaci\u00f3n de este ev<strong>ento tiene como prop\u00f3sito contribuir con la obra de <\/strong>MANOS EN ACCION. <\/span><br \/>\n<span style=\"font-family:Verdana;font-size:small;\">De esta manera se podr\u00e1 alimentar a m\u00e1s de 150 ni\u00f1os carenciados; brindar apoyo escolar primario con \u00fatiles escolares y libros, implementar controles m\u00e9dicos peri\u00f3dicos anuales, al igual que refaccionar 6 viviendas en estado de emergencia del Barrio R\u00edo Lujan y Manzanares. <\/span><br \/>\n<span style=\"font-family:Verdana;font-size:small;\">La obra de este equipo de almas voluntarias tambi\u00e9n es tu obra. Este es el inicio de un camino nutrido de solidaridad; sigamos poniendo nuestras manos en acci\u00f3n. <\/span><br \/>\n<strong><span style=\"font-family:Verdana;font-size:small;\">Acerca de Manos en Acci\u00f3n<\/span><\/strong><br \/>\n<img loading=\"lazy\" src=\"http:\/\/www.quasarcomunicacion.com.ar\/manosenaccion\/manos.gif\" alt=\"\" width=\"107\" height=\"101\" align=\"right\" hspace=\"6\" vspace=\"6\" \/><span style=\"font-family:Verdana;font-size:xx-small;\"><strong>Manos en Acci\u00f3n<\/strong> es una joven Asociaci\u00f3n Civil sin fines de lucro, formada por un equipo de voluntarios con distintas formaciones profesionales y laborales, que tiene la convicci\u00f3n de contribuir a mejorar la condici\u00f3n de vida de familias carenciadas. Sus fundadores, tienen una vasta experiencia en el tema, desarrollada en la comunidad de los Barrios Manzanares y R\u00edo Luj\u00e1n del Partido del Pilar.<\/span><br \/>\n<span style=\"font-family:Verdana;font-size:xx-small;\"><strong>Manos en Acci\u00f3n<\/strong> no guarda afiliaci\u00f3n a ning\u00fan partido pol\u00edtico ni organizaci\u00f3n de car\u00e1cter religiosa. Trabajamos junto a todos aquellos voluntarios que quieran aportar soluciones reales a los problemas prioritarios de vida de nuestra comunidad. <\/span><br \/>\n<span style=\"font-family:Verdana;font-size:xx-small;\">Su visi\u00f3n consiste en formar individuos auto-sustentables: No existen suficientes donantes en el mundo para aliviar la pobreza existente. Por eso es de vital importancia poder brindar las herramientas necesarias con el fin de formar individuos independientes y auto-solventes, virando de un antiguo modelo de caridad que genera dependencia a un nuevo modelo de \u201cAuto-sustentabilidad\u201d. <\/span><br \/>\n<span style=\"font-family:Verdana;font-size:xx-small;\"><strong>Los objetivos de Manos en Acci\u00f3n<\/strong><\/span><br \/>\n<span style=\"font-family:Verdana;font-size:xx-small;\">Mejorar las condiciones de vivienda de las familias que se encuentran en estado de emergencia.<\/span><br \/>\n<span style=\"font-family:Verdana;font-size:xx-small;\">Combatir la deserci\u00f3n escolar y brindar un refuerzo educativo a adultos, adolescentes y ni\u00f1os (primaria y secundaria).<\/span><br \/>\n<span style=\"font-family:Verdana;font-size:xx-small;\">Detectar las habilidades y capacidades de los miembros de la familia.<br \/>\nPromover la inserci\u00f3n de los j\u00f3venes en el mercado laboral.<\/span><br \/>\n<span style=\"font-family:Verdana;font-size:xx-small;\">Facilitar la formaci\u00f3n de oficios e incrementar las condiciones para el empleo de los vecinos de la zona.<\/span><br \/>\n<span style=\"font-family:Verdana;font-size:xx-small;\">Combatir la desnutrici\u00f3n.<\/span><br \/>\n<span style=\"font-family:Verdana;font-size:xx-small;\">Fomentar la participaci\u00f3n de los vecinos en proyectos comunitarios, principalmente como agentes multiplicadores, fortaleciendo las redes existentes.<\/span><br \/>\n<span style=\"font-family:Verdana;font-size:xx-small;\">Generar y formar parte de una red solidaria con otras Asociaciones Civiles y Fundaciones de bien p\u00fablico.<\/span><br \/>\n<strong><span style=\"font-family:Verdana;font-size:small;\">Contacto<\/span><\/strong><br \/>\n<span style=\"font-family:Verdana;font-size:small;\">El Centro Comunitario de Manos en Acci\u00f3n se encuentra en Cafayate 56 te 0230 4491090\u2013 (1629) Manzanares \u2013 Pilar \u2013 Pcia de Buenos Aires &#8211; Argentina<br \/>\nMail: <a href=\"mailto:info@manosenaccionargentina.org\">info@manosenaccionargentina.org<\/a><br \/>\nTel: (11) 15 5913 7251<br \/>\n<a href=\"http:\/\/www.manosenaccionargentina.org\/\">www.manosenaccionargentina.org<\/a>\u00a0 <\/span><br \/>\n<a href=\"http:\/\/www.facebook.com\/manosenaccion\">www.facebook.com\/manosenaccion<\/a><br \/>\n<strong>RELACIONES INSTITUCIONALES<\/strong> <a href=\"mailto:fifipalou@manosenaccionargentina.org\">fifipalou@manosenaccionargentina.org<\/a>\u00a0 Fifi Palou Tel: + 54 11 1559137264<\/p>\n","protected":false},"excerpt":{"rendered":"<p>En el marco de una noche plagada de solidaridad y esperanza, se celebr\u00f3 la primera Cena a Beneficio de La [&hellip;]<\/p>\n","protected":false},"author":2,"featured_media":0,"comment_status":"open","ping_status":"open","sticky":false,"template":"","format":"standard","meta":[],"categories":[2],"tags":[],"_links":{"self":[{"href":"https:\/\/quasarcomunicacion.com.ar\/web\/wp-json\/wp\/v2\/posts\/738"}],"collection":[{"href":"https:\/\/quasarcomunicacion.com.ar\/web\/wp-json\/wp\/v2\/posts"}],"about":[{"href":"https:\/\/quasarcomunicacion.com.ar\/web\/wp-json\/wp\/v2\/types\/post"}],"author":[{"embeddable":true,"href":"https:\/\/quasarcomunicacion.com.ar\/web\/wp-json\/wp\/v2\/users\/2"}],"replies":[{"embeddable":true,"href":"https:\/\/quasarcomunicacion.com.ar\/web\/wp-json\/wp\/v2\/comments?post=738"}],"version-history":[{"count":0,"href":"https:\/\/quasarcomunicacion.com.ar\/web\/wp-json\/wp\/v2\/posts\/738\/revisions"}],"wp:attachment":[{"href":"https:\/\/quasarcomunicacion.com.ar\/web\/wp-json\/wp\/v2\/media?parent=738"}],"wp:term":[{"taxonomy":"category","embeddable":true,"href":"https:\/\/quasarcomunicacion.com.ar\/web\/wp-json\/wp\/v2\/categories?post=738"},{"taxonomy":"post_tag","embeddable":true,"href":"https:\/\/quasarcomunicacion.com.ar\/web\/wp-json\/wp\/v2\/tags?post=738"}],"curies":[{"name":"wp","href":"https:\/\/api.w.org\/{rel}","templated":true}]}}