{"id":7376,"date":"2016-12-19T14:50:50","date_gmt":"2016-12-19T17:50:50","guid":{"rendered":"https:\/\/quasarcomunicacion.com.ar\/web\/?p=7376"},"modified":"2016-12-19T14:50:50","modified_gmt":"2016-12-19T17:50:50","slug":"ariel-gauto-presento-desde-mis-sentidos-en-el-teatro-lope-de-vega","status":"publish","type":"post","link":"https:\/\/quasarcomunicacion.com.ar\/web\/ariel-gauto-presento-desde-mis-sentidos-en-el-teatro-lope-de-vega\/","title":{"rendered":"Ariel Gauto present\u00f3 \u201cDesde mis Sentidos\u201d en el Teatro Lope de Vega"},"content":{"rendered":"<p style=\"text-align: left;\" align=\"center\"><span style=\"font-family: Verdana; font-size: small;\">\u00a0El pasado s\u00e1bado 10 de diciembre, con un teatro repleto, Ariel Gauto present\u00f3 <\/span><b style=\"font-family: Verdana; font-size: small;\">\u201cDesde mis sentidos\u201d<\/b><span style=\"font-family: Verdana; font-size: small;\">, su primer \u00e1lbum, en el Teatro Lope de Vega (Pedro Lagrave 725, Pilar)<!--more--><\/span><\/p>\n<p align=\"left\"><a href=\"https:\/\/quasarcomunicacion.com.ar\/web\/wp-content\/uploads\/2016\/12\/gautoteatro.gif\"><img class=\"aligncenter\" alt=\"gautoteatro\" src=\"https:\/\/quasarcomunicacion.com.ar\/web\/wp-content\/uploads\/2016\/12\/gautoteatro.gif\" \/><\/a><\/p>\n<p align=\"left\"><span style=\"font-family: Verdana; font-size: small;\">Rodeado de familia, amigos y muchos pilarenses, Ariel brind\u00f3 un espect\u00e1culo para toda la familia, cargado de alegr\u00eda y emoci\u00f3n, pero sobre todo lleno de m\u00fasica.<br \/>\n\u201cSentimos que nacimos para esto, y esta bueno que se valore el trabajo\u201d, respondi\u00f3 Ariel a los ensordecedores aplausos del p\u00fablico.<\/span><\/p>\n<p align=\"left\"><span style=\"font-family: Verdana; font-size: small;\">\u201cDesde mis Sentidos\u201d es un \u00e1lbum de 12 canciones, y el primero de Gauto. El mismo cuenta con una variedad de temas que hablan de familia, amigos, amores perdidos y los nuevos por venir, y mucho m\u00e1s.<\/span><\/p>\n<p align=\"left\"><span style=\"font-family: Verdana; font-size: small;\">El show, que dur\u00f3 aproximadamente dos horas, cont\u00f3 con varios artistas invitados allegados al cantante, entre los que se destac\u00f3 Rodrigo \u201dEl Perro\u201d Cardozo, su mentor y el que lo ayud\u00f3 a crear, grabar y lanzar su primer disco.<\/span><\/p>\n<p align=\"left\"><span style=\"font-family: Verdana; font-size: small;\"> Entre bromas, risas y mucha m\u00fasica, Rodrigo cont\u00f3 c\u00f3mo fue producir el primer disco de Ariel, en el cual estuvieron trabajando m\u00e1s de dos a\u00f1os, destacando \u201cla garra y el esp\u00edritu de la banda\u201d. Rodrigo dijo que \u201cAriel llegaba con la guitarra diciendo: Perro tengo un tema, y se lo cantaba. Intentamos muchas veces hasta que encontrarnos las 12 canciones que hoy forman parte de su primer \u00e1lbum\u201d<\/span><\/p>\n<p align=\"left\"><span style=\"font-family: Verdana; font-size: small;\">Adem\u00e1s de las an\u00e9cdotas que compartieron los artistas sobre el escenario, se supo que Ariel grab\u00f3 m\u00e1s de 30 canciones, para seleccionar las que hoy se encuentran en su \u00e1lbum.<\/span><\/p>\n<p align=\"left\"><span style=\"font-family: Verdana; font-size: small;\">Como si esto fuera poco, la emoci\u00f3n de Ariel y su p\u00fablico creci\u00f3 cuando su mentor le entreg\u00f3 por primera vez el disco terminado, quien, conmovido y con l\u00e1grimas en los ojos, se mostr\u00f3 muy agradecido.<\/span><\/p>\n<p align=\"left\"><span style=\"font-family: Verdana; font-size: small;\">Ariel Gauto (guitarra cl\u00e1sica y ac\u00fastica) estuvo acompa\u00f1ado por su banda, conformada por Facundo Ru\u00edz (tecladista y co-productor del disco); Maximiliano Barreto (Percusi\u00f3n), Yan Quispe (guitarra el\u00e9ctrica), Jonathan Mart\u00ednez (bombo leg\u00fcero), y Alejandro Almaraz (bajista).<\/span><\/p>\n<p align=\"left\"><span style=\"font-family: Verdana; font-size: small;\">Sin dudas, la carrera como m\u00fasico de Ariel Gauto reci\u00e9n comienza.<\/span><\/p>\n<p align=\"left\"><span style=\"font-family: Verdana; font-size: small;\">Este primer \u00e1lbum, que ya puede conseguirse en las principales disquer\u00edas, tiene 12 canciones de los m\u00e1s diversos estilos: Perdido en tus ojos (zamba), Desde que te vi (aire de chacarera), Buscando un amor (Chacarera), La Pasi\u00f3n (Chacarera), Me voy (balada), Nunca Abandones (pop latino), No mientas (Huayno), Yo pienso en ti (cumbi\u00f3n), En mis horas (balada), Quiero estar ah\u00ed (pop rock), Llevame al amor (aire de zamba) y Chacarera del pirata (chacarera).<\/span><\/p>\n<p align=\"left\"><b><span style=\"font-family: Verdana; font-size: small;\">Un poco de su historia<\/span><\/b><\/p>\n<p align=\"left\"><span style=\"font-family: Verdana; font-size: small;\">Ariel Gauto comenz\u00f3 su carrera a los 8 a\u00f1os cantando m\u00fasica folkl\u00f3rica, mel\u00f3dicos y pop. En 2011 particip\u00f3 de los Torneos Juveniles Bonaerenses obteniendo el bronce en Mar del Plata en la categor\u00eda Solista vocal Masculino.<\/span><\/p>\n<p align=\"left\"><span style=\"font-family: Verdana; font-size: small;\">En 2012 se presenta en la categor\u00eda Conjunto Vocal Masculino obteniendo el oro en los Torneos Bonaerenses en Mar del Plata. Esto lo llev\u00f3 a representar a la Provincia de Buenos Aires en los Torneos Evita donde recibe una menci\u00f3n especial.<\/span><\/p>\n<p align=\"left\"><span style=\"font-family: Verdana; font-size: small;\">En 2013 canta en la Fiesta del Ternero en Ayacucho ante miles de personas present\u00e1ndose como solista folkl\u00f3rico. All\u00ed queda entre los tres mejores en su categor\u00eda logrando cantar en el escenario mayor.<\/span><\/p>\n<p align=\"left\"><span style=\"font-family: Verdana; font-size: small;\">En 2013 y 2014 particip\u00f3 del Pre-Cosqu\u00edn y Pre-Baradero llegando a las instancias finales.<\/span><\/p>\n<p align=\"left\"><span style=\"font-family: Verdana; font-size: small;\">En 2014 obtiene la medalla de Oro en los Torneos Regionales como mejor Solista masculino.<\/span><\/p>\n<p align=\"left\"><span style=\"font-family: Verdana; font-size: small;\">Particip\u00f3 en varias Pe\u00f1as Folkl\u00f3ricas como artista principal.<\/span><\/p>\n<p align=\"left\"><span style=\"font-family: Verdana; font-size: small;\">En 2014 comenz\u00f3 a estudiar en el Conservatorio de M\u00fasica Popular de Escobar. Es docente de m\u00fasica en escuelas especiales.<\/span><\/p>\n<p align=\"left\"><span style=\"font-family: Verdana; font-size: small;\">Ese a\u00f1o comenz\u00f3 con la producci\u00f3n\u00a0 de lo que hoy es su primer \u00e1lbum discogr\u00e1fico <b>\u00abDesde mis Sentidos\u00bb<\/b> que cont\u00f3 con un intenso trabajo de pre-producci\u00f3n. Se presentaron 30 canciones de las cuales la discogr\u00e1fica \u00abUtop\u00eda Producciones\u00bb y \u00abPir\u00e1mide Producciones\u00bb seleccion\u00f3 12 con las cuales se hizo un armado instrumental con varios m\u00fasicos entre los que se destaca Jos\u00e9 Villarreal, bajista de C\u00e9sar Isela.<\/span><\/p>\n<p align=\"left\"><span style=\"font-family: Verdana; font-size: small;\">Adem\u00e1s, es de destacar que particip\u00f3 de la grabaci\u00f3n el arreglador de Banda XXI<\/span><\/p>\n<p align=\"left\"><span style=\"font-family: Verdana; font-size: small;\">En 2015 realiz\u00f3 su primera Gira de Difusi\u00f3n por el partido de la Costa.<\/span><\/p>\n<p align=\"left\"><span style=\"font-family: Verdana; font-size: small;\">Tambi\u00e9n estuvo en Dar la Nota, particip\u00f3 del casting de Elegidos, estuvo en Canal 8 de Mar del Plata en el programa Alma Gaucha.<\/span><\/p>\n<p align=\"left\"><span style=\"font-family: Verdana; font-size: small;\">En 2016 se present\u00f3 en las Fiestas Patronales de Pilar con gran \u00e9xito y un inolvidable recibiendo del p\u00fablico.<\/span><\/p>\n<p align=\"left\"><span style=\"font-size: small;\"><b><i><span style=\"font-family: Arial;\">Por otras im\u00e1genes, audios de los temas o entrevistas no dude en contactarse<\/span><\/i><\/b><\/span><\/p>\n<p align=\"center\"><span style=\"font-size: small;\"><b><i> Contactos de Prensa<\/i><\/b><\/span><\/p>\n<div align=\"left\">\n<table width=\"100%\" border=\"1\" cellpadding=\"2\" align=\"left\">\n<tbody>\n<tr>\n<td width=\"50%\">\n<p align=\"left\"><span style=\"font-size: medium;\"><strong> <span style=\"color: #808080; font-family: Arial; font-size: small;\"> Mayra Ibarra &#8211; Asistente de Cuentas<\/p>\n<p><\/span> <\/strong><\/span> <span style=\"font-size: xx-small;\"><span style=\"color: #ff0000;\"> Directo<\/span><b>: <\/b> 0230<\/span><span style=\"font-size: xx-small;\">-4664772<br \/>\n<\/span><span style=\"color: #ff0000; font-size: xx-small;\"> Skype:<\/span><span style=\"font-size: xx-small;\"> quasarcomunicacion<br \/>\n<\/span><span style=\"color: #ff0000; font-size: xx-small;\"> Twitter:<\/span><span style=\"font-size: xx-small;\"> @quasarpilar<br \/>\n<\/span><span style=\"color: #ff0000; font-size: xx-small;\"> Gr<\/span><span style=\"color: #ff0000; font-size: xx-small;\">upo y p\u00e1gina en Facebook: <\/span> <span style=\"color: #808080; font-size: xx-small;\">www.facebook.com\/<\/span><a href=\"mailto:mfipata@gmail.com\"><span style=\"font-size: xx-small;\">Quasar<\/span><\/a><span style=\"font-size: xx-small;\">Comunicacion<br \/>\n<\/span><span style=\"color: #ff0000; font-size: xx-small;\"> Web:<\/span><b><\/b> <a href=\"http:\/\/www.quasarcomunicacion.com.ar\/\"> <span style=\"font-size: xx-small;\">www.quasarcomunicacion.com.ar<\/span><\/a><\/p>\n<p align=\"left\"><span style=\"font-size: xx-small;\"> <span style=\"color: #ff0000;\">Mail<\/span><b>:<\/b><\/span><span style=\"font-size: xx-small;\"> <a href=\"mailto:fernanda@quasarcomunicacion.com.ar\"> quasar@quasarcomunicacion.com.ar<\/a><\/span><\/p>\n<\/td>\n<td width=\"50%\">\n<p align=\"right\"><span style=\"font-size: medium;\"><strong> <span style=\"color: #808080; font-family: Arial; font-size: small;\"> Lic. Mar\u00eda Fernanda Ipata &#8211; Directora<br \/>\n<\/span> <\/strong><\/span> <span style=\"font-size: xx-small;\"><span style=\"color: #ff0000;\"><br \/>\nDirecto<\/span><b>: <\/b> 0230<\/span><span style=\"font-size: xx-small;\">-4664772<\/span><span style=\"font-size: xx-small;\"><br \/>\n<\/span><span style=\"font-size: xx-small;\"> <span style=\"color: #ff0000;\">M\u00f3vil:<\/span><b> <\/b> 0230<\/span><span style=\"font-size: xx-small;\">-15-4584535<br \/>\n011-15-6096-4656 ID 558*3763<br \/>\n<\/span><span style=\"color: #ff0000; font-size: xx-small;\"> Skype:<\/span><span style=\"font-size: xx-small;\"> quasarcomunicacion<br \/>\n<\/span><span style=\"color: #ff0000; font-size: xx-small;\"> Twitter:<\/span><span style=\"font-size: xx-small;\"> @quasarpilar<br \/>\n<\/span><span style=\"color: #ff0000; font-size: xx-small;\"> Gr<\/span><span style=\"color: #ff0000; font-size: xx-small;\">upo y p\u00e1gina en Facebook: <\/span> <span style=\"color: #808080; font-size: xx-small;\">www.facebook.com\/<\/span><a href=\"mailto:mfipata@gmail.com\"><span style=\"font-size: xx-small;\">Quasar<\/span><\/a><span style=\"font-size: xx-small;\">Comunicacion<br \/>\n<\/span><span style=\"font-size: xx-small;\"> <span style=\"color: #ff0000;\">LinkedIn<\/span><b>:\u00a0 <\/b><\/span> <span style=\"font-size: xx-small;\"><b> <a href=\"http:\/\/www.linkedin.com\/in\/mfipata\"> http:\/\/www.linkedin.com\/in\/mfipata<\/a><\/b><\/span><span style=\"font-size: xx-small;\"><br \/>\n<\/span><span style=\"color: #ff0000; font-size: xx-small;\"> Web:<\/span><b><\/b> <a href=\"http:\/\/www.quasarcomunicacion.com.ar\/\"> <span style=\"font-size: xx-small;\">www.quasarcomunicacion.com.ar<\/span><\/a><span style=\"font-size: xx-small;\"><br \/>\n<\/span><span style=\"font-size: xx-small;\"> <span style=\"color: #ff0000;\"> Mail<\/span><b>:<\/b><\/span><span style=\"font-size: xx-small;\"><a href=\"mailto:fernanda@quasarcomunicacion.com.ar\"> fernanda@quasarcomunicacion.com.ar<\/a><\/span><\/p>\n<\/td>\n<\/tr>\n<\/tbody>\n<\/table>\n<\/div>\n","protected":false},"excerpt":{"rendered":"<p>\u00a0El pasado s\u00e1bado 10 de diciembre, con un teatro repleto, Ariel Gauto present\u00f3 \u201cDesde mis sentidos\u201d, su primer \u00e1lbum, en [&hellip;]<\/p>\n","protected":false},"author":2,"featured_media":7377,"comment_status":"open","ping_status":"open","sticky":false,"template":"","format":"standard","meta":[],"categories":[2],"tags":[],"_links":{"self":[{"href":"https:\/\/quasarcomunicacion.com.ar\/web\/wp-json\/wp\/v2\/posts\/7376"}],"collection":[{"href":"https:\/\/quasarcomunicacion.com.ar\/web\/wp-json\/wp\/v2\/posts"}],"about":[{"href":"https:\/\/quasarcomunicacion.com.ar\/web\/wp-json\/wp\/v2\/types\/post"}],"author":[{"embeddable":true,"href":"https:\/\/quasarcomunicacion.com.ar\/web\/wp-json\/wp\/v2\/users\/2"}],"replies":[{"embeddable":true,"href":"https:\/\/quasarcomunicacion.com.ar\/web\/wp-json\/wp\/v2\/comments?post=7376"}],"version-history":[{"count":0,"href":"https:\/\/quasarcomunicacion.com.ar\/web\/wp-json\/wp\/v2\/posts\/7376\/revisions"}],"wp:featuredmedia":[{"embeddable":true,"href":"https:\/\/quasarcomunicacion.com.ar\/web\/wp-json\/wp\/v2\/media\/7377"}],"wp:attachment":[{"href":"https:\/\/quasarcomunicacion.com.ar\/web\/wp-json\/wp\/v2\/media?parent=7376"}],"wp:term":[{"taxonomy":"category","embeddable":true,"href":"https:\/\/quasarcomunicacion.com.ar\/web\/wp-json\/wp\/v2\/categories?post=7376"},{"taxonomy":"post_tag","embeddable":true,"href":"https:\/\/quasarcomunicacion.com.ar\/web\/wp-json\/wp\/v2\/tags?post=7376"}],"curies":[{"name":"wp","href":"https:\/\/api.w.org\/{rel}","templated":true}]}}