{"id":7357,"date":"2016-12-06T11:10:54","date_gmt":"2016-12-06T14:10:54","guid":{"rendered":"https:\/\/quasarcomunicacion.com.ar\/web\/?p=7357"},"modified":"2016-12-06T11:10:54","modified_gmt":"2016-12-06T14:10:54","slug":"estas-fiestas-comprale-a-emprendedores-en-pilar-de-feria-navidad-2016","status":"publish","type":"post","link":"https:\/\/quasarcomunicacion.com.ar\/web\/estas-fiestas-comprale-a-emprendedores-en-pilar-de-feria-navidad-2016\/","title":{"rendered":"Estas fiestas comprale a emprendedores en Pilar de Feria Navidad 2016"},"content":{"rendered":"<p>Se viene la \u00faltima edici\u00f3n del a\u00f1o de <b>Pilar de Feria<\/b> en La F\u00e1brica con la<span style=\"font-size: small;\"> <b>EDICI\u00d3N NAVIDAD 2016<\/b>.<b> <\/b>Esta edici\u00f3n especial ser\u00e1 de dos d\u00edas: el s\u00e1bado 10 de diciembre de 13 a 21 hs y el domingo de 14 a 19 hs, sum\u00e1ndose a la <b>Campa\u00f1a \u00abEn estas fiestas #lecomproaunemprendedor\u00bb<\/b><\/span><\/p>\n<p>Como fue durante todo el a\u00f1o, la <b>Gran Feria de Navidad <\/b> se realizar\u00e1 en <b> La F\u00e1brica Centro Cultural y Predio Ferial<\/b> (<a href=\"http:\/\/www.pilardeferia.com.ar\/donde.htm\">Ambrosetti 633, Bo La Esmeralda, altura Km 50 de ruta y Ramal Pilar ruta Panamericana) ubicada a tres cuadras de Jumbo Pilar<\/a>. En caso de mal tiempo, se pospone para el fin de semana siguiente.<!--more--><\/p>\n<p align=\"center\"><img loading=\"lazy\" alt=\"\" src=\"http:\/\/www.quasarcomunicacion.com.ar\/pilardeferia\/2016\/ferianoviembre.gif\" width=\"550\" height=\"320\" border=\"0\" \/><\/p>\n<p>La entrada es libre y gratuita, y como en cada edici\u00f3n habr\u00e1 un fin solidario. Se recibir\u00e1n juguetes en buen estado que ser\u00e1n repartidos por los <b>Bomberos Voluntarios de Pilar<\/b> y leche, galletitas y l\u00e1pices de colores para <b>J\u00f3venes Solidarios de Pilar.<\/b> Adem\u00e1s, le podr\u00e1n dejar su carta a Papa Noel y sacarse una foto para colaborar con la iniciativa solidaria de los j\u00f3venes de pintar un merendero. Y los voluntarios de la <b>Pe\u00f1a de San Lorenzo Bernardo Romeo<\/b> recibir\u00e1n libros para ser donados a las Bibliotecas Comunitarias de Pilar. Quienes tengan ropa en buen estado, podr\u00e1n donarla para el Jard\u00edn de Infantes 908 de Manzanares, sum\u00e1ndonos a la campa\u00f1a Navidad Solidaria del RapiPago de Pilar Point.<\/p>\n<p>Durante el recorrido se podr\u00e1n comprar los regalos para estas fiestas directamente a los emprendedores de la zona. En esta ocasi\u00f3n especial se invitaron a diversas instituciones que exhibir\u00e1n sus productos como la\u00a0 Asociaci\u00f3n Civil De Productores Frutihort\u00edcolas Y Afines del AMBA Noroeste cuyos productores vender\u00e1n directamente al p\u00fablico. Tambi\u00e9n estar\u00e1 la Asociaci\u00f3n Civil de Artesanos y Emprendedores de Matheu y Alumnos de Escuelas Municipales. El domingo estar\u00e1n los voluntarios de la Asociaci\u00f3n Patrimonio Natural con su stand de plantas nativas nacidas en el Vivero El Cachafaz, un regalo original para tu arbolito.<\/p>\n<p align=\"center\"><img loading=\"lazy\" alt=\"\" src=\"http:\/\/www.quasarcomunicacion.com.ar\/pilardeferia\/2016\/ferianoviembre1.gif\" width=\"550\" height=\"330\" border=\"0\" \/><\/p>\n<p>Adem\u00e1s de poder comprar sus regalos a los emprendedores de la zona,<b> Pilar de Feria <\/b>se caracteriza por las actividades de acceso libre y gratuito que brinda a los visitantes.<\/p>\n<p>El s\u00e1bado 10 a las 14 hs se proyectar\u00e1 una pel\u00edcula para los m\u00e1s chicos (Sal\u00f3n Blanco \u00abAbrazos Sanadores\u00bb)<\/p>\n<p>De 14 a 16 hs los Autores locales estar\u00e1n en el Espacio Azul. En esta ocasi\u00f3n estar\u00e1n presentes Alicia di Felice, Mar\u00eda Irene Jakobczyk, Lucila Adela Guzm\u00e1n y Pido Gancho leyendo y actuando textos para ni\u00f1os.<\/p>\n<p>A las 16 hs ser\u00e1 el momento de la Academia de M\u00fasica \u00abMusical Art\u00bb ubicada en Pilar Point que realizar\u00e1 una Muestra de alumnos en el Sal\u00f3n Blanco \u00abAbrazos Sanadores\u00bb. Durante la presentaci\u00f3n se apreciar\u00e1 un Ensamble de rock de ni\u00f1os, Ensamble de Violines de ni\u00f1os, la actuaci\u00f3n de una Solista adulta y otra infantil y el cierre con un Instrumental de saxo. Entrada libre y gratuita<\/p>\n<p>A las 18 hs una Clase abierta de circo, expresi\u00f3n corporal y arte a cargo de SERENARTE (Plaza Gastron\u00f3mica). Entrada libre y gratuita.<\/p>\n<p>Al d\u00eda siguiente, el domingo 11 contin\u00faan las actividades. Nuevamente de 14 a 16 hs los Autores locales presentar\u00e1n sus libros y leer\u00e1n fragmentos de obras (Sal\u00f3n Blanco \u00abAbrazos Sanadores\u00bb). Estar\u00e1n V\u00edctor Koprivsek, Elsa Beatriz Lanfranco, Jar Rol\u00f3n y Omar Julio Z\u00e1rate para leer y\/o actuar textos para adultos a \u00abmicr\u00f3fono abierto\u00bb para que cualquier persona del p\u00fablico, si lo desea, pueda leer algo (propio o de cualquier autor)<\/p>\n<p align=\"center\"><img loading=\"lazy\" alt=\"\" src=\"http:\/\/www.quasarcomunicacion.com.ar\/pilardeferia\/2016\/ferianoviembre2.gif\" width=\"550\" height=\"379\" border=\"0\" \/><\/p>\n<p>A las 15 hs se realizar\u00e1 una exhibici\u00f3n de Taekwondo, con alumnos y profesionales del C\u00edrculo Profesional de Taekwondo de M\u00e1ximo L\u00f3pez.<\/p>\n<p>A las 17 hs toda la familia podr\u00e1 disfrutar del Show de clown \u00abUps El Infantil De Pup\u00e9 Sordi. De Violeta Na\u00f3n\u00bb Entrada a la gorra.<\/p>\n<p>Y a las 18 hs Cine Infantil (Sal\u00f3n Blanco \u00abAbrazos Sanadores\u00bb)<\/p>\n<p>Y durante ambos d\u00edas el inflable de Walterio`s Eventos Infantiles para que los m\u00e1s peque\u00f1os disfruten con entrada libre y gratuita.<\/p>\n<p align=\"center\"><img loading=\"lazy\" alt=\"\" src=\"http:\/\/www.quasarcomunicacion.com.ar\/pilardeferia\/2016\/ferianoviembre3.gif\" width=\"550\" height=\"413\" border=\"0\" \/><\/p>\n<p>Adem\u00e1s de comprar los regalos y disfrutar de las actividades gratuitas, se podr\u00e1n degustar las cosas ricas del sector gastron\u00f3mico y pasar una linda tarde al aire libre. En la Plaza Gastron\u00f3mica estar\u00e1 el cl\u00e1sico FoodTruck de <b>Sucus Juices &amp; Drinks<\/b> para tomar algo fresco con la mejor materia prima. A esto se suma <b>Fran Food Truck <\/b>con su servicio de pizza con una amplia variedad de sabores.<\/p>\n<p><span style=\"font-size: small;\">Y como siempre la buena onda y cosas ricas del <b>Barcito de La F\u00e1brica<\/b><\/span><\/p>\n<p><span style=\"font-size: small;\">Y si te quedaste con ganas de m\u00e1s, ensaladas frescas saladas en 8 variedades, Ensaladas de frutas (ensaladas de frutas con gelatina, ensaladas de frutas con crema). Sandwicher\u00eda en cortes de peceto, lomo y bondiola con panes caseros con hierbas arom\u00e1ticas como alternativa, con sus respectivas salsas o emulsiones. Tambi\u00e9n panes trenzados rellenos de tipo mediterr\u00e1neo y ciabattas ahumadas. Y cuadrados en brownie y frola sin TACC. Tambi\u00e9n Pan Dulce para\u00a0 las fiestas.<\/span><\/p>\n<p>La feria cuenta con un cat\u00e1logo de emprendedores y una cuponera de descuentos con promociones imperdibles. Se puede acceder a esta informaci\u00f3n ingresando en <a href=\"http:\/\/www.facebook.com\/pilardeferia\"> www.facebook.com\/pilardeferia<\/a>\u00a0 Adem\u00e1s los cl\u00e1sicos Happy Hours de ofertas.<\/p>\n<p>La solidaridad sigue siendo la protagonista. Durante ambos d\u00edas estar\u00e1n los voluntarios de <b>Amor de Perro<\/b> ofreciendo mascotas en adopci\u00f3n y vendiendo cosas donadas para recaudar fondos.<\/p>\n<p><span style=\"font-size: small;\">Tambi\u00e9n estar\u00e1 <b>Perros del Alma <\/b>vendiendo regalos originales para recaudar fondos para mantener el refugio<\/span><\/p>\n<p><b>Pilar de Feria \u201cLa F\u00e1brica<\/b><span style=\"font-family: Verdana;\">\u201d tendr\u00e1 lugar en este centro cultural y predio ferial ubicado en Km 50 con f\u00e1cil acceso desde Panamericana Ramal Pilar y desde Ruta 8, a tres cuadras de Jum<\/span>bo Pilar con f\u00e1cil acceso en auto o transporte p\u00fablico.<\/p>\n<p style=\"text-align: left;\" align=\"center\">\u00a0<span style=\"font-size: small;\"><b><i><span style=\"font-family: Arial;\">Por otras im\u00e1genes, audios o entrevistas no dude en contactarse<\/span><\/i><\/b><\/span><\/p>\n<p align=\"center\"><span style=\"font-size: small;\"><b><i> Contactos de Prensa<\/i><\/b><\/span><\/p>\n<div align=\"left\">\n<table width=\"100%\" border=\"1\" cellpadding=\"2\" align=\"left\">\n<tbody>\n<tr>\n<td align=\"center\" width=\"50%\">\n<p align=\"left\"><span style=\"font-size: medium;\"><strong><span style=\"color: #808080; font-family: Arial; font-size: small;\"> Mayra Ibarra &#8211; Asistente de Cuentas<\/span><\/strong><\/span><\/p>\n<p><span style=\"font-size: xx-small;\"><span style=\"color: #ff0000;\"> Directo<\/span><b>: <\/b> 0230<\/span><span style=\"font-size: xx-small;\">-4664772 <\/span><span style=\"color: #ff0000; font-size: xx-small;\"> Skype:<\/span><span style=\"font-size: xx-small;\"> quasarcomunicacion <\/span><span style=\"color: #ff0000; font-size: xx-small;\"> Twitter:<\/span><span style=\"font-size: xx-small;\"> @quasarpilar <\/span><span style=\"color: #ff0000; font-size: xx-small;\"> Gr<\/span><span style=\"color: #ff0000; font-size: xx-small;\">upo y p\u00e1gina en Facebook: <\/span> <span style=\"color: #808080; font-size: xx-small;\">www.facebook.com\/<\/span><a href=\"mailto:mfipata@gmail.com\"><span style=\"font-size: xx-small;\">Quasar<\/span><\/a><span style=\"font-size: xx-small;\">Comunicacion <\/span><span style=\"color: #ff0000; font-size: xx-small;\"> Web:<\/span><b><\/b> <a href=\"http:\/\/www.quasarcomunicacion.com.ar\/\"> <span style=\"font-size: xx-small;\">www.quasarcomunicacion.com.ar<\/span><\/a><\/p>\n<p align=\"left\"><span style=\"font-size: xx-small;\"> <span style=\"color: #ff0000;\">Mail<\/span><b>:<\/b><\/span><span style=\"font-size: xx-small;\"> <a href=\"mailto:fernanda@quasarcomunicacion.com.ar\"> quasar<\/a><a href=\"mailto:fernanda@quasarcomunicacion.com.ar\">@quasarcomunicacion.com.ar<\/a><\/span><\/p>\n<\/td>\n<td align=\"center\" width=\"50%\">\n<p align=\"right\"><span style=\"font-size: medium;\"><strong> <span style=\"color: #808080; font-family: Arial; font-size: small;\"> Lic. Mar\u00eda Fernanda Ipata &#8211; Directora <\/span> <\/strong><\/span> <span style=\"font-size: xx-small;\"><span style=\"color: #ff0000;\"> Directo<\/span><b>: <\/b> 0230<\/span><span style=\"font-size: xx-small;\">-4664772<\/span><span style=\"font-size: xx-small;\"> <span style=\"color: #ff0000;\">M\u00f3vil:<\/span><b> <\/b> 0230<\/span><span style=\"font-size: xx-small;\">-15-4584535 011-15-6096-4656 ID 558*3763 <\/span><span style=\"color: #ff0000; font-size: xx-small;\"> Skype:<\/span><span style=\"font-size: xx-small;\"> quasarcomunicacion <\/span><span style=\"color: #ff0000; font-size: xx-small;\"> Twitter:<\/span><span style=\"font-size: xx-small;\"> @quasarpilar <\/span><span style=\"color: #ff0000; font-size: xx-small;\"> Gr<\/span><span style=\"color: #ff0000; font-size: xx-small;\">upo y p\u00e1gina en Facebook: <\/span> <span style=\"color: #808080; font-size: xx-small;\">www.facebook.com\/<\/span><a href=\"mailto:mfipata@gmail.com\"><span style=\"font-size: xx-small;\">Quasar<\/span><\/a><span style=\"font-size: xx-small;\">Comunicacion <\/span><span style=\"font-size: xx-small;\"> <span style=\"color: #ff0000;\">LinkedIn<\/span><b>:\u00a0 <\/b><\/span> <span style=\"font-size: xx-small;\"><b> <a href=\"http:\/\/www.linkedin.com\/in\/mfipata\"> http:\/\/www.linkedin.com\/in\/mfipata<\/a><\/b><\/span><span style=\"color: #ff0000; font-size: xx-small;\"> Web:<\/span><b><\/b> <a href=\"http:\/\/www.quasarcomunicacion.com.ar\/\"> <span style=\"font-size: xx-small;\">www.quasarcomunicacion.com.ar<\/span><\/a><span style=\"font-size: xx-small;\"> <span style=\"color: #ff0000;\">Mail<\/span><b>:<\/b><\/span><span style=\"font-size: xx-small;\"><a href=\"mailto:fernanda@quasarcomunicacion.com.ar\"> fernanda@quasarcomunicacion.com.ar<\/a><\/span><\/p>\n<\/td>\n<\/tr>\n<\/tbody>\n<\/table>\n<\/div>\n","protected":false},"excerpt":{"rendered":"<p>Se viene la \u00faltima edici\u00f3n del a\u00f1o de Pilar de Feria en La F\u00e1brica con la EDICI\u00d3N NAVIDAD 2016. Esta [&hellip;]<\/p>\n","protected":false},"author":2,"featured_media":7358,"comment_status":"open","ping_status":"open","sticky":false,"template":"","format":"standard","meta":[],"categories":[2],"tags":[],"_links":{"self":[{"href":"https:\/\/quasarcomunicacion.com.ar\/web\/wp-json\/wp\/v2\/posts\/7357"}],"collection":[{"href":"https:\/\/quasarcomunicacion.com.ar\/web\/wp-json\/wp\/v2\/posts"}],"about":[{"href":"https:\/\/quasarcomunicacion.com.ar\/web\/wp-json\/wp\/v2\/types\/post"}],"author":[{"embeddable":true,"href":"https:\/\/quasarcomunicacion.com.ar\/web\/wp-json\/wp\/v2\/users\/2"}],"replies":[{"embeddable":true,"href":"https:\/\/quasarcomunicacion.com.ar\/web\/wp-json\/wp\/v2\/comments?post=7357"}],"version-history":[{"count":0,"href":"https:\/\/quasarcomunicacion.com.ar\/web\/wp-json\/wp\/v2\/posts\/7357\/revisions"}],"wp:featuredmedia":[{"embeddable":true,"href":"https:\/\/quasarcomunicacion.com.ar\/web\/wp-json\/wp\/v2\/media\/7358"}],"wp:attachment":[{"href":"https:\/\/quasarcomunicacion.com.ar\/web\/wp-json\/wp\/v2\/media?parent=7357"}],"wp:term":[{"taxonomy":"category","embeddable":true,"href":"https:\/\/quasarcomunicacion.com.ar\/web\/wp-json\/wp\/v2\/categories?post=7357"},{"taxonomy":"post_tag","embeddable":true,"href":"https:\/\/quasarcomunicacion.com.ar\/web\/wp-json\/wp\/v2\/tags?post=7357"}],"curies":[{"name":"wp","href":"https:\/\/api.w.org\/{rel}","templated":true}]}}