{"id":735,"date":"2012-08-24T20:22:59","date_gmt":"2012-08-24T20:22:59","guid":{"rendered":"http:\/\/quasarcomunicacion.wordpress.com\/?p=735"},"modified":"2012-08-24T20:22:59","modified_gmt":"2012-08-24T20:22:59","slug":"charlas-gratuitas-sobre-el-metodo-montessori-en-pilar-nivel-inicial-y-primario","status":"publish","type":"post","link":"https:\/\/quasarcomunicacion.com.ar\/web\/charlas-gratuitas-sobre-el-metodo-montessori-en-pilar-nivel-inicial-y-primario\/","title":{"rendered":"Charlas gratuitas sobre el M\u00e9todo Montessori en Pilar: nivel inicial y primario"},"content":{"rendered":"<p style=\"text-align:left;\" align=\"center\"><span style=\"font-family:Verdana;font-size:small;\">El <\/span><strong>Ciclo de Charlas Informativas Gratuitas para padres sobre el M\u00e9todo Montessori<\/strong><span style=\"font-family:Verdana;font-size:small;\"> en el <\/span><strong>Noordwijk Montessori School <\/strong><span style=\"font-family:Verdana;font-size:small;\">se reanuda nuevamente este a\u00f1o desde el pr\u00f3ximo 31 de agosto. Las mismas son abiertas a la comunidad y con entrada libre y gratuita.<!--more--><\/span><\/p>\n<p><span style=\"font-family:Verdana;font-size:small;\">De esta forma, una vez por mes, se proceder\u00e1 a instruir a los padres interesados sobre este novedoso sistema de ense\u00f1anza. Los encuentros se repetir\u00e1n el\u00a0 21 de Septiembre, 19 de Octubre y 16 de Noviembre a las 18 hs.<\/span><br \/>\n<span style=\"font-family:Verdana;font-size:small;\">Todos los encuentros se desarrollan en su sede de Pilar situada en Los Geranios 1570 \u2013Del Viso (altura Km 41 de Ramal Pilar) y el viernes 2 de diciembre a las 19 hs. Informes e inscripci\u00f3n escribiendo a <a href=\"mailto:info@nmschool.com.ar\">info@nmschool.com.ar<\/a> o telef\u00f3nicamente al 02320-300555 begin_of_the_skype_highlighting\u00a0<img src=\"\/\/res\/numbers_button_skype_logo.png\" alt=\"\" \/>GRATIS\u00a002320-300555\u00a0end_of_the_skype_highlighting<\/span><br \/>\n<img loading=\"lazy\" src=\"http:\/\/www.quasarcomunicacion.com.ar\/nmschool\/2011\/charlaoct.gif\" alt=\"\" width=\"500\" height=\"413\" \/><br \/>\n<span style=\"font-family:Verdana;font-size:small;\">Las charlas estar\u00e1n a cargo de la Lic. Valeria Sen Loyola, Gu\u00eda de la Asociaci\u00f3n Montessori Internacional y directora de la instituci\u00f3n que el a\u00f1o pasado comenz\u00f3 con el Jard\u00edn de Infantes y en 2013 abrir\u00e1 el nivel Primario.<\/span><br \/>\n<span style=\"font-family:Verdana;font-size:small;\">Luego de recorrer las instalaciones con los padres, acompa\u00f1ada de una presentaci\u00f3n multimedial, Sen Loyola explicar\u00e1 los principios de la filosof\u00eda Montessori que lleva a\u00f1os en otras partes del mundo y en la Argentina posee tres colegios, y el de Pilar el primero en abrir el nivel primario.<\/span><br \/>\n<span style=\"font-family:Verdana;font-size:small;\">De esta forma, la especialista mostrar\u00e1 a los asistentes los resultados que genera la educaci\u00f3n bajo el M\u00e9todo Montessori asegurando que \u00abestos principios est\u00e1n confirmados por las neurociencias y la psicolog\u00eda\u00bb. <\/span><br \/>\n<img loading=\"lazy\" src=\"http:\/\/www.quasarcomunicacion.com.ar\/nmschool\/2011\/charlaoct1.gif\" alt=\"\" width=\"500\" height=\"322\" \/><br \/>\n<span style=\"font-family:Verdana;font-size:small;\">Tambi\u00e9n dedicar\u00e1 buena parte de la exposici\u00f3n al rol de la docente en la filosof\u00eda Montessori, donde el adulto es tan solo una gu\u00eda que acompa\u00f1a en el conocimiento \u00abnosotros garantizamos que el resultado se va a dar porque hay gente capacitada en el m\u00e9todo y comprometida con esta filosof\u00eda\u00bb, dijo la Lic. Valeria Sen Loyola, quien adem\u00e1s de su capacitaci\u00f3n espec\u00edfica se autodefine como \u00abuna ni\u00f1a Montessori\u00bb porque realiz\u00f3 sus estudios bajo este m\u00e9todo. <\/span><br \/>\n<span style=\"font-family:Verdana;font-size:small;\">Adem\u00e1s, ampliar\u00e1 la charla diciendo que \u00abse trabaja con grupos reducidos para que la gu\u00eda tenga la mirada en todos los alumnos y est\u00e9 atenta a sus necesidades\u00bb.<\/span><br \/>\n<span style=\"font-family:Verdana;font-size:small;\">\u00abEn el colegio no entretenemos, sino que formamos ni\u00f1os con bases bien s\u00f3lidas para la adaptaci\u00f3n, brindando la clave de acceso al conocimiento a trav\u00e9s de t\u00e9cnicas de estudio apuntando a entender en lugar de memorizar\u00bb, asegur\u00f3 Sen Loyola.<\/span><br \/>\n<span style=\"font-family:Verdana;font-size:small;\">Desde la instituci\u00f3n garantizan tambi\u00e9n \u00abcanales fluidos de comunicaci\u00f3n entre las autoridades y los padres, dejando en claro que nosotros estamos para formar pero son los padres los que educan a sus hijos\u00bb.<\/span><br \/>\n<span style=\"font-family:Verdana;font-size:small;\">En este punto, dijo que \u00abMontessori es para todos los ni\u00f1os pero no para todos los padres\u00bb.<\/span><br \/>\n<img loading=\"lazy\" src=\"http:\/\/www.quasarcomunicacion.com.ar\/nmschool\/2011\/aula.gif\" alt=\"\" width=\"490\" height=\"326\" \/><br \/>\n<span style=\"font-family:Verdana;font-size:small;\">Aqu\u00ed remarc\u00f3 el rol de los padres indicando que \u00abson parte fundamental de esta comunidad porque son ellos los primeros educadores y principales pilares en la estabilidad de los ni\u00f1os. Son ellos quienes ofrecen a sus hijos los principales valores que har\u00e1n de los ni\u00f1os, personas de bien. De aqu\u00ed la importancia de compartir y conformar una comunidad cercana entre padres y escuela\u00bb.<\/span><br \/>\n<span style=\"font-family:Verdana;font-size:small;\">Adem\u00e1s, en el colegio integran alumnos con capacidad diferentes haciendo hincapi\u00e9 en la cooperaci\u00f3n en lugar de la competencia entre los ni\u00f1os.<\/span><br \/>\n<strong><span style=\"font-family:Verdana;font-size:small;\">La Filosof\u00eda Montessori<\/span><\/strong><br \/>\n<span style=\"color:#ff0000;\"><strong><img loading=\"lazy\" src=\"http:\/\/www.quasarcomunicacion.com.ar\/nmschool\/logo.gif\" alt=\"\" width=\"300\" height=\"304\" align=\"right\" border=\"0\" \/><\/strong><\/span><span style=\"font-family:Verdana;font-size:small;\">Es de destacar, que la Filosof\u00eda Montessori llega a Pilar de la mano del <strong>\u00a0Noordwijk Montessori School<\/strong><\/span><span style=\"font-family:Verdana;font-size:small;\"> que se inaugur\u00f3 a principios de 2011 y que ya tiene abierta la inscripci\u00f3n para el nivel inicial y primario del ciclo lectivo 2013.&#8217;<\/span><br \/>\n<span style=\"font-family:Verdana;font-size:small;\">En esta instituci\u00f3n que se erige en la ciudad de Del Viso, Pilar, se busca\u00a0 formar a los ni\u00f1os en todas las esferas del desarrollo, las cuales atienden a la integridad de la persona, la sensibilidad, inteligencia, voluntad y as\u00ed generar un sentido de trascendencia en la vida. <\/span><br \/>\n<span style=\"font-family:Verdana;font-size:small;\">La filosof\u00eda del colegio se vincula con la libertad y la espontaneidad de cada ni\u00f1o; siendo partidarios de explorar junto con nuestros alumnos aquellas inquietudes relacionadas con el conocimiento. <\/span><br \/>\n<span style=\"font-family:Verdana;font-size:small;\">Los docentes son un pilar fundamental en la formaci\u00f3n de los ni\u00f1os. Son los principales comprometidos en llevar a buen puerto los objetivos de nuestra instituci\u00f3n, son quienes con su experiencia y dedicaci\u00f3n reforzaran h\u00e1bitos, imparten conocimientos y les dan a los ni\u00f1os un abanico de posibilidades para desarrollarse integralmente. <\/span><br \/>\n<span style=\"font-family:Verdana;font-size:small;\">Por m\u00e1s informaci\u00f3n, <a href=\"http:\/\/nmschool.com.ar\/\">http:\/\/nmschool.com.ar<\/a><\/span><\/p>\n","protected":false},"excerpt":{"rendered":"<p>El Ciclo de Charlas Informativas Gratuitas para padres sobre el M\u00e9todo Montessori en el Noordwijk Montessori School se reanuda nuevamente [&hellip;]<\/p>\n","protected":false},"author":2,"featured_media":0,"comment_status":"open","ping_status":"open","sticky":false,"template":"","format":"standard","meta":[],"categories":[2],"tags":[],"_links":{"self":[{"href":"https:\/\/quasarcomunicacion.com.ar\/web\/wp-json\/wp\/v2\/posts\/735"}],"collection":[{"href":"https:\/\/quasarcomunicacion.com.ar\/web\/wp-json\/wp\/v2\/posts"}],"about":[{"href":"https:\/\/quasarcomunicacion.com.ar\/web\/wp-json\/wp\/v2\/types\/post"}],"author":[{"embeddable":true,"href":"https:\/\/quasarcomunicacion.com.ar\/web\/wp-json\/wp\/v2\/users\/2"}],"replies":[{"embeddable":true,"href":"https:\/\/quasarcomunicacion.com.ar\/web\/wp-json\/wp\/v2\/comments?post=735"}],"version-history":[{"count":0,"href":"https:\/\/quasarcomunicacion.com.ar\/web\/wp-json\/wp\/v2\/posts\/735\/revisions"}],"wp:attachment":[{"href":"https:\/\/quasarcomunicacion.com.ar\/web\/wp-json\/wp\/v2\/media?parent=735"}],"wp:term":[{"taxonomy":"category","embeddable":true,"href":"https:\/\/quasarcomunicacion.com.ar\/web\/wp-json\/wp\/v2\/categories?post=735"},{"taxonomy":"post_tag","embeddable":true,"href":"https:\/\/quasarcomunicacion.com.ar\/web\/wp-json\/wp\/v2\/tags?post=735"}],"curies":[{"name":"wp","href":"https:\/\/api.w.org\/{rel}","templated":true}]}}