{"id":7336,"date":"2016-11-22T13:59:04","date_gmt":"2016-11-22T16:59:04","guid":{"rendered":"https:\/\/quasarcomunicacion.com.ar\/web\/?p=7336"},"modified":"2016-11-22T13:59:04","modified_gmt":"2016-11-22T16:59:04","slug":"un-joven-de-26-anos-es-el-mejor-educador-del-ano","status":"publish","type":"post","link":"https:\/\/quasarcomunicacion.com.ar\/web\/un-joven-de-26-anos-es-el-mejor-educador-del-ano\/","title":{"rendered":"Un joven de 26 a\u00f1os es el Mejor Educador del A\u00f1o"},"content":{"rendered":"<p style=\"text-align: left;\" align=\"center\"><span style=\"font-family: Verdana; font-size: small;\">El <\/span><b style=\"font-family: Verdana; font-size: small;\">Polo Educativo Pilar<\/b><span style=\"font-family: Verdana; font-size: small;\"> premi\u00f3 a los ganadores del <\/span><b style=\"font-family: Verdana; font-size: small;\">Concurso \u201cEducador del A\u00f1o 2016\u201d <\/b><span style=\"font-family: Verdana; font-size: small;\">que estuvo dirigido a docentes y directivos de las escuelas de gesti\u00f3n p\u00fablica y privada del Partido de Pilar. El primer premio fue para un joven docente de 26 a\u00f1os, Dar\u00edo Omar Sosa del Magno College, quien present\u00f3 el trabajo \u00abLas peque\u00f1as revoluciones de un docente ut\u00f3pico (o no). La tr\u00edada did\u00e1ctica de las inteligencias m\u00faltiples\u00bb.<!--more--><\/span><\/p>\n<p><a href=\"https:\/\/quasarcomunicacion.com.ar\/web\/wp-content\/uploads\/2016\/11\/docentes.gif\"><img class=\"aligncenter\" alt=\"docentes\" src=\"https:\/\/quasarcomunicacion.com.ar\/web\/wp-content\/uploads\/2016\/11\/docentes.gif\" \/><\/a><\/p>\n<p><span style=\"font-family: Verdana; font-size: small;\">El segundo premio fue para el trabajo \u00abNueve visi\u00f3n de las artes<br \/>\npl\u00e1sticas en la escuela\u00bb de Juan Manuel Racana, docente de Los Robles. El tercer lugar fue para Andrea Ingrid Bontemps del Northfield School y su trabajo \u00abEl presente nos inspira el pasado nos desaf\u00eda\u00bb.<\/span><\/p>\n<p><span style=\"font-family: Verdana; font-size: small;\">Adem\u00e1s, \u00abLa historia a trav\u00e9s del cine\u00bb recibi\u00f3 una menci\u00f3n en manos de Alejandra Pi\u00f1eyr\u00faa de Massarotti del Colegio Los Robles. <\/span><\/p>\n<p><span style=\"font-family: Verdana; font-size: small;\">El jurado estuvo integrado por la Profesora Magister Olga Colatarci, el Magister Sebasti\u00e1n V\u00e1zquez y la Lic. Cristina S\u00edvori. <\/span><\/p>\n<p><span style=\"font-family: Verdana; font-size: small;\">\u00abQuiero agradecer especialmente al Magno College por confiar en un profesor de 26 a\u00f1os, con poca experiencia, con muchas ganas y eso es muy importante porque los j\u00f3venes necesitamos eso. Para cambiar al educaci\u00f3n esto seguramente a mis alumnos les va a dar muchas ganas de seguir estudiando. Y segundo, muchas gracias a los directivos que me llenaron de tanto amor y tanto conocimiento. Sin amor y sin conocimiento la educaci\u00f3n no avanza\u00bb, dijo el flamante ganador desde el escenario.<\/span><\/p>\n<p><span style=\"font-family: Verdana; font-size: small;\">Luego, en di\u00e1logo con la prensa, Sosa, el docente ganador, indic\u00f3 que su trabajo se trat\u00f3 de \u00abc\u00f3mo adaptar las inteligencias m\u00faltiples y las diversas rutinas de pensamiento con la incorporaci\u00f3n de valores en el aula para lo cual invent\u00e9 diferentes rutinas para que el chico pueda comprender y se pueda integrar m\u00e1s all\u00e1 de si ten\u00eda diferencias o d\u00e9ficits diversos en el proceso de aprender\u00bb. A la vez que asegur\u00f3 que el m\u00e9todo es \u00abaplicable a cualquier contexto, no se necesita ning\u00fan tipo de recurso econ\u00f3mico, esto se trata de c\u00f3mo poder aplicarlo en el aula, son t\u00e9cnicas para poder ense\u00f1ar de forma pr\u00e1ctica y \u00fatil\u00bb.<\/span><\/p>\n<p><span style=\"font-family: Verdana; font-size: small;\">El joven docente viene aplicando estas pr\u00e1cticas desde hace dos a\u00f1os. \u00abSiempre digo que tuve una floja formaci\u00f3n docente que me incentiv\u00f3 a emprender por mi cuenta a seguir form\u00e1ndome, a no parar de estudiar y eso me dio el puntapi\u00e9 para jugar, para crear y eso me provey\u00f3 de las herramientas para poder generar buenos \u00e1mbitos en el aula\u00bb.<\/span><\/p>\n<p><span style=\"font-family: Verdana; font-size: small;\">Respecto de su formaci\u00f3n, indic\u00f3 que \u00absoy autodidacta, tuve el acompa\u00f1amiento de muchas personas que me incentivaron a seguir aprendiendo, a seguir investigando, y mi ensayo se llama \u00abLas peque\u00f1as revoluciones ut\u00f3picas de un docente\u00bb y soy ut\u00f3pico, por eso sigo jugando este papel. Eleg\u00ed ser docente porque siempre fui cr\u00edtico al sistema educativo y como cr\u00edtico dije que hay que empezar a cambiarlo, desde adentro, me parece que esa es la f\u00f3rmula\u00bb.<\/span><\/p>\n<p><span style=\"font-family: Verdana; font-size: small;\">\u00abMe sorprendi\u00f3 el premio porque a veces pesa la poca edad, pero qued\u00f3 demostrado que no, por eso es bueno incentivar a los m\u00e1s j\u00f3venes con este tipo de iniciativas\u00bb, asegur\u00f3.<\/span><\/p>\n<p><span style=\"font-family: Verdana; font-size: small;\">Al hablar de su pr\u00f3ximo viaje, parte del premio logrado, dijo que \u00abbusco con ese viaje poder comprender otros contextos, a veces en la Argentina hay muy poca informaci\u00f3n sobre el sistema educativo, me gustar\u00eda saber qu\u00e9 est\u00e1 pasando en otros pa\u00edses y poder aplicarlo aqu\u00ed en Pilar\u00bb, finaliz\u00f3.<\/span><\/p>\n<p><span style=\"font-family: Verdana; font-size: small;\">El premio al <b>Educador del A\u00f1o<\/b> tiene el objetivo de fomentar la excelencia en la educaci\u00f3n , promover la creatividad mediante la presentaci\u00f3n de proyectos educativos que sean innovadores y se conviertan en un importante aporte al sistema educativo argentino. <\/span><\/p>\n<p><span style=\"font-size: small;\">La Profesora y miembro del jurado, Magister Olga Colatarci, indic\u00f3 que \u00abeste a\u00f1o los trabajos fueron uno mejor que el otro. La tarea fue realmente ardua, as\u00ed que nuestras felicitaciones a todos los que se presentaron, alentamos a que cada vez que aumente el n\u00famero de maestros y profesores que documenten sus pr\u00e1cticas y las socialicen a trav\u00e9s de este concurso el Educador del a\u00f1o\u00bb.<\/span><\/p>\n<p><span style=\"font-size: small;\">\u00abEste a\u00f1o se valor\u00f3 muy especialmente que las propuestas sean posibles de replicar en otros \u00e1mbitos m\u00e1s all\u00e1 de los recursos y contextos. Y que las mismas dieran clara cuenta de la importancia de la formaci\u00f3n y la actualizaci\u00f3n docente para alcanzar una educaci\u00f3n de calidad\u00bb, concluy\u00f3 Colatarci.<\/span><\/p>\n<p><span style=\"font-family: Verdana; font-size: small;\">Del Concurso participaron directivos y docentes de todos los niveles del distrito de Pilar, de gesti\u00f3n p\u00fablica o privada, presentados por sus respectivas instituciones. <\/span><\/p>\n<p><span style=\"font-family: Verdana; font-size: small;\">El ganador\/a se har\u00e1 acreedor a un viaje de dos semanas al exterior (Roswell, Giorgia, Estados Unidos o Bogot\u00e1, Colombia) para visitar establecimientos educativos de esos pa\u00edses en el mes de febrero a fin de generar nuevos proyectos y nuevas oportunidades. Tambi\u00e9n se hicieron acreedores a becas para cursar la Licenciatura en Organizaci\u00f3n y Gesti\u00f3n Educativa en la Universidad Austral y para el Ciclo Pedag\u00f3gico que ofrece la Universidad del Salvador.<\/span><\/p>\n<p align=\"center\"><span style=\"font-size: small;\"><b><i><span style=\"font-family: Arial;\">Por otras im\u00e1genes, audios o entrevistas no dude en contactarse entrevistas no dude en contactarse<\/span><\/i><\/b><\/span><\/p>\n<div align=\"left\">\n<table width=\"100%\" border=\"1\" cellpadding=\"2\" align=\"left\">\n<tbody>\n<tr>\n<td align=\"center\" width=\"50%\">\n<p align=\"left\"><span style=\"font-size: medium;\"><strong><span style=\"color: #808080; font-family: Arial; font-size: small;\"> Mayra Ibarra &#8211; Asistente de Cuentas<\/p>\n<p><\/span> <\/strong><\/span> <span style=\"font-size: xx-small;\"><span style=\"color: #ff0000;\"> Directo<\/span><b>: <\/b> 0230<\/span><span style=\"font-size: xx-small;\">-4664772<br \/>\n<\/span><span style=\"color: #ff0000; font-size: xx-small;\"> Skype:<\/span><span style=\"font-size: xx-small;\"> quasarcomunicacion<br \/>\n<\/span><span style=\"color: #ff0000; font-size: xx-small;\"> Twitter:<\/span><span style=\"font-size: xx-small;\"> @quasarpilar<br \/>\n<\/span><span style=\"color: #ff0000; font-size: xx-small;\"> Gr<\/span><span style=\"color: #ff0000; font-size: xx-small;\">upo y p\u00e1gina en Facebook: <\/span> <span style=\"color: #808080; font-size: xx-small;\">www.facebook.com\/<\/span><a href=\"mailto:mfipata@gmail.com\"><span style=\"font-size: xx-small;\">Quasar<\/span><\/a><span style=\"font-size: xx-small;\">Comunicacion<br \/>\n<\/span><span style=\"color: #ff0000; font-size: xx-small;\"> Web:<\/span><b><\/b> <a href=\"http:\/\/www.quasarcomunicacion.com.ar\/\"> <span style=\"font-size: xx-small;\">www.quasarcomunicacion.com.ar<\/span><\/a><\/p>\n<p align=\"left\"><span style=\"font-size: xx-small;\"> <span style=\"color: #ff0000;\">Mail<\/span><b>:<\/b><\/span><span style=\"font-size: xx-small;\"> <a href=\"mailto:fernanda@quasarcomunicacion.com.ar\"> candela@quasarcomunicacion.com.ar<\/a><\/span><\/p>\n<\/td>\n<td align=\"center\" width=\"50%\">\n<p align=\"right\"><span style=\"font-size: medium;\"><strong> <span style=\"color: #808080; font-family: Arial; font-size: small;\"> Lic. Mar\u00eda Fernanda Ipata &#8211; Directora<br \/>\n<\/span> <\/strong><\/span> <span style=\"font-size: xx-small;\"><span style=\"color: #ff0000;\"><br \/>\nDirecto<\/span><b>: <\/b> 0230<\/span><span style=\"font-size: xx-small;\">-4664772<\/span><span style=\"font-size: xx-small;\"><br \/>\n<\/span><span style=\"font-size: xx-small;\"> <span style=\"color: #ff0000;\">M\u00f3vil:<\/span><b> <\/b> 0230<\/span><span style=\"font-size: xx-small;\">-15-4584535<br \/>\n011-15-6096-4656 ID 558*3763<br \/>\n<\/span><span style=\"color: #ff0000; font-size: xx-small;\"> Skype:<\/span><span style=\"font-size: xx-small;\"> quasarcomunicacion<br \/>\n<\/span><span style=\"color: #ff0000; font-size: xx-small;\"> Twitter:<\/span><span style=\"font-size: xx-small;\"> @quasarpilar<br \/>\n<\/span><span style=\"color: #ff0000; font-size: xx-small;\"> Gr<\/span><span style=\"color: #ff0000; font-size: xx-small;\">upo y p\u00e1gina en Facebook: <\/span> <span style=\"color: #808080; font-size: xx-small;\">www.facebook.com\/<\/span><a href=\"mailto:mfipata@gmail.com\"><span style=\"font-size: xx-small;\">Quasar<\/span><\/a><span style=\"font-size: xx-small;\">Comunicacion<br \/>\n<\/span><span style=\"font-size: xx-small;\"> <span style=\"color: #ff0000;\">LinkedIn<\/span><b>:\u00a0 <\/b><\/span> <span style=\"font-size: xx-small;\"><b> <a href=\"http:\/\/www.linkedin.com\/in\/mfipata\"> http:\/\/www.linkedin.com\/in\/mfipata<\/a><\/b><\/span><span style=\"font-size: xx-small;\"><br \/>\n<\/span><span style=\"color: #ff0000; font-size: xx-small;\"> Web:<\/span><b><\/b> <a href=\"http:\/\/www.quasarcomunicacion.com.ar\/\"> <span style=\"font-size: xx-small;\">www.quasarcomunicacion.com.ar<\/span><\/a><span style=\"font-size: xx-small;\"><br \/>\n<\/span><span style=\"font-size: xx-small;\"> <span style=\"color: #ff0000;\">Mail<\/span><b>:<\/b><\/span><span style=\"font-size: xx-small;\"><a href=\"mailto:fernanda@quasarcomunicacion.com.ar\"> fernanda@quasarcomunicacion.com.ar<\/a><\/span><\/p>\n<\/td>\n<\/tr>\n<\/tbody>\n<\/table>\n<\/div>\n","protected":false},"excerpt":{"rendered":"<p>El Polo Educativo Pilar premi\u00f3 a los ganadores del Concurso \u201cEducador del A\u00f1o 2016\u201d que estuvo dirigido a docentes y [&hellip;]<\/p>\n","protected":false},"author":2,"featured_media":7337,"comment_status":"open","ping_status":"open","sticky":false,"template":"","format":"standard","meta":[],"categories":[2],"tags":[],"_links":{"self":[{"href":"https:\/\/quasarcomunicacion.com.ar\/web\/wp-json\/wp\/v2\/posts\/7336"}],"collection":[{"href":"https:\/\/quasarcomunicacion.com.ar\/web\/wp-json\/wp\/v2\/posts"}],"about":[{"href":"https:\/\/quasarcomunicacion.com.ar\/web\/wp-json\/wp\/v2\/types\/post"}],"author":[{"embeddable":true,"href":"https:\/\/quasarcomunicacion.com.ar\/web\/wp-json\/wp\/v2\/users\/2"}],"replies":[{"embeddable":true,"href":"https:\/\/quasarcomunicacion.com.ar\/web\/wp-json\/wp\/v2\/comments?post=7336"}],"version-history":[{"count":0,"href":"https:\/\/quasarcomunicacion.com.ar\/web\/wp-json\/wp\/v2\/posts\/7336\/revisions"}],"wp:featuredmedia":[{"embeddable":true,"href":"https:\/\/quasarcomunicacion.com.ar\/web\/wp-json\/wp\/v2\/media\/7337"}],"wp:attachment":[{"href":"https:\/\/quasarcomunicacion.com.ar\/web\/wp-json\/wp\/v2\/media?parent=7336"}],"wp:term":[{"taxonomy":"category","embeddable":true,"href":"https:\/\/quasarcomunicacion.com.ar\/web\/wp-json\/wp\/v2\/categories?post=7336"},{"taxonomy":"post_tag","embeddable":true,"href":"https:\/\/quasarcomunicacion.com.ar\/web\/wp-json\/wp\/v2\/tags?post=7336"}],"curies":[{"name":"wp","href":"https:\/\/api.w.org\/{rel}","templated":true}]}}