{"id":7327,"date":"2016-11-16T22:39:39","date_gmt":"2016-11-17T01:39:39","guid":{"rendered":"https:\/\/quasarcomunicacion.com.ar\/web\/?p=7327"},"modified":"2016-11-16T22:39:39","modified_gmt":"2016-11-17T01:39:39","slug":"se-realizo-la-i-ronda-de-networking-para-emprendedores-en-pilar","status":"publish","type":"post","link":"https:\/\/quasarcomunicacion.com.ar\/web\/se-realizo-la-i-ronda-de-networking-para-emprendedores-en-pilar\/","title":{"rendered":"Se realiz\u00f3 la I Ronda de Networking para Emprendedores en Pilar"},"content":{"rendered":"<p style=\"text-align: left;\" align=\"center\"><span style=\"font-family: Verdana; font-size: small;\">En el marco de la<\/span><b style=\"font-family: Verdana; font-size: small;\"> III SEMANA DEL EMPRENDEDOR PILARENSE<\/b><span style=\"font-family: Verdana; font-size: small;\"> impulsada por <\/span><b style=\"font-family: Verdana; font-size: small;\">Emprender Hoy<\/b><span style=\"font-family: Verdana; font-size: small;\">, se realiz\u00f3 en Rental Suites Pilar la <\/span><b style=\"font-family: Verdana; font-size: small;\">I Ronda de Networking para Emprendedores<\/b><span style=\"font-family: Verdana; font-size: small;\"> de la que formaron parte 25 participantes que presentaron sus productos o servicios a los asistentes.<!--more--><\/span><\/p>\n<p><a href=\"https:\/\/quasarcomunicacion.com.ar\/web\/wp-content\/uploads\/2016\/11\/ronda.gif\"><img class=\"aligncenter\" alt=\"ronda\" src=\"https:\/\/quasarcomunicacion.com.ar\/web\/wp-content\/uploads\/2016\/11\/ronda.gif\" \/><\/a><\/p>\n<p><span style=\"font-family: Verdana; font-size: small;\">Durante m\u00e1s de dos horas, durante la <b>Ronda de Networking \u201cContactate HOY\u201d <\/b>se gener\u00f3 un espacio de intercambio de informaci\u00f3n tendiente a generar nuevos contactos que terminen en relaciones comerciales entre los emprendedores buscando crear alianzas beneficiosas para ambas partes. Se trat\u00f3 de un espacio de encuentro con clientes, proveedores y aliados.<\/span><\/p>\n<p><span style=\"font-family: Verdana; font-size: small;\">En esta oportunidad participaron los siguientes emprendimientos: Real Planning; BE Capacitaciones; ZION Estampados; Adobe (Revestimientos y pisos cementicios); Cespym Cursos; Alma Fiesta; UTN Facultad Regional Delta; CG Wine &amp; Whisky; Kundalini, Arte, Meditaci\u00f3n; Qu\u00e1sar Comunicaci\u00f3n Consultora Boutique de Prensa; Blue Clean; Mir\u00e1 qu\u00e9 Onda; Gestor\u00eda y Consultor\u00eda Montoya; QAB Catering; ExtraMile; Control Total de plagas; FLA Consultoria SRL; Swiss Just y Sue\u00f1os Del Norte<\/span><\/p>\n<p><span style=\"font-family: Verdana; font-size: small;\">Con este tipo de eventos, que se repetir\u00e1n gracias a la gran demanda de inscripciones, se busca que los asistentes logren: contactar potenciales clientes; conocer probables proveedores; relacionarse con personas que pueden conocer a otras que los pueden ayudar, generar alianzas con inversores y\/o socios; fomentar la sinergia entre emprendedores, difundir\u00a0 su producto o servicio y compartir necesidades a fin de satisfacerlas en equipo. <\/span><\/p>\n<p><span style=\"font-family: Verdana; font-size: small;\">Adem\u00e1s, se gener\u00f3 un directorio de emprendedores con el objetivo que todos tengan los datos de contacto para continuar la relaci\u00f3n comercial. <\/span><\/p>\n<p><span style=\"font-family: Verdana; font-size: small;\">Cabe recordar que la <b>Semana del Emprendedor Pilarense<\/b> fue instituida por Ordenanza Municipal desde 2014 la tercera semana de noviembre en adhesi\u00f3n a la<b> Semana Global del Emprendedurismo (GEW) <\/b>que se celebra en m\u00e1s de 150 pa\u00edses en todo el mundo.<\/span><\/p>\n<p><span style=\"font-family: Verdana; font-size: small;\">La iniciativa es impulsada y coordinada por <b>Emprender Hoy <\/b>y<b> Pilar Emprende<\/b> (www.emprenderhoy.com.ar) y cuenta con el apoyo de instituciones, organismos p\u00fablicos y privado, emprendedores, empresas y medios de comunicaci\u00f3n. En esta edici\u00f3n, muchas de las actividades son co-organizadas con <b>Cespym Cursos.<\/b><\/span><\/p>\n<p><span style=\"font-family: Verdana; font-size: small;\">Adem\u00e1s, por iniciativa del concejal Federico De Achaval, este a\u00f1o fue declarada de Inter\u00e9s Municipal esta tercera edici\u00f3n a trav\u00e9s de la ordenanza 292\/16 que fue votada por unanimidad en el recinto de sesiones del Concejo Deliberante local.<\/span><\/p>\n<p><b><span style=\"font-family: Verdana; font-size: small;\">APOYOS<\/span><\/b><\/p>\n<p><span style=\"font-family: Verdana; font-size: xx-small;\">Este a\u00f1o, la iniciativa es apoyada por los sponsors principales: Pilar GPS Gu\u00eda de Productos y Servicios; Qu\u00e1sar Comunicaci\u00f3n Consultora boutique de Prensa y Pilar Hoy Noticias.\u00a0\u00a0 <\/span><\/p>\n<p><span style=\"font-family: Verdana; font-size: xx-small;\">Y apoyan de diversas maneras emprendedores, empresas, instituciones, organismos p\u00fablicos y medios de comunicaci\u00f3n como BE Capacitaci\u00f3n, Biztorming consultores de Negocios; Blue Clean; Carbolisto, iniciador de fuego; CG Wine &amp; Whisky, distribuci\u00f3n de vinos y catas privadas; Finanzas Integrales; Florencia Duc\u00f3s asesora de emprendedores; Juli\u00e1n Candermo, consultor en calidad; Galer\u00eda Site Zen; Gestor\u00eda y Consultor\u00eda Montoya; QAB Catering;<br \/>\nLa F\u00e1brica Centro Cultural y Predio Ferial; Las Pastas de Ernesto; Oh my Living, alquiler de livings para eventos; Patricia Maro\u00f1as Seguros; PC Outlet; Pilar de Feria; Real Planning Seguros e Inversiones; Rental Suites; Sushi At Home; Tienda Blue; Tinta Papel y Tijera; Vocal Studio y Zion Estampados y Serigraf\u00eda<\/span><\/p>\n<p><span style=\"font-family: Verdana; font-size: xx-small;\">Como media partners colaboran en la difusi\u00f3n de las actividades: Estudio AM Dise\u00f1o Gr\u00e1fico y Comunicaci\u00f3n Visual; FM Impacto de Tigre; Le Canto las 40; Mujeres Atrayendo Riqueza; Peri\u00f3dico El Apogeo; Peri\u00f3dico El term\u00f3metro; Radio X Pilar; Pilar es Noticia y<br \/>\nSoy Emprendedora.<\/span><\/p>\n<p><span style=\"font-family: Verdana; font-size: xx-small;\">Apoyan la iniciativa las siguientes instituciones: C\u00e1mara de Comercio de Del Viso; C\u00e1mara Empresaria del Parque Industrial, Direcci\u00f3n de Escuelas Municipales, Promoci\u00f3n Pilar, Red de Emprendedores de Pilar y la Universidad Tecnol\u00f3gica Nacional Sede Pilar.<\/span><\/p>\n<p><span style=\"font-family: Verdana; font-size: small;\"> <b>Qu\u00e9 es la Global Entrepreneurship Week? <\/b><\/span><\/p>\n<p><span style=\"font-family: Verdana; font-size: xx-small;\"> Por si todav\u00eda no conoces la Global Entrepreneurship Week, se trata de una iniciativa global donde participan 1450 pa\u00edses, 10mil partners y 7 millones de personas. Est\u00e1 respaldada por gobiernos y emprendedores de todo el mundo que se han unido a la iniciativa para fomentar los valores de la cultura emprendedora.<\/span><\/p>\n<p><span style=\"font-family: Verdana; font-size: xx-small;\">La Global Entrepreneurship Week est\u00e1 respaldada por gobiernos y emprendedores de todo el mundo que se han unido a la iniciativa para fomentar los valores de la cultura emprendedora. El primer ministro brit\u00e1nico David Cameron, el presidente de EEUU Barack Obama, Sir Richard Branson, Michael Dell y otras muchas personalidades han prestado su apoyo a esta causa.<\/p>\n<p>Como anfitri\u00f3n, Endeavor Argentina se encarga de coordinar las actividades, comunic\u00e1ndolas a trav\u00e9s de herramientas facilitadas para el desarrollo del proyecto, desde redes sociales, env\u00edo de mailing masivos y de aliados estrat\u00e9gicos. Ser partner implica sumar el logo de la GEW, compartir con nosotros las m\u00e9tricas de tu evento (objetivos, cantidad de participantes, organizaciones partners, etc)<\/p>\n<p>Global Entrepreneurship Week es una plataforma que se expande para la conexi\u00f3n y colaboraci\u00f3n, que ayuda a millones de personas dar rienda suelta a sus ideas y convertirlas en nuevas empresas que resuelvan desaf\u00edos mundiales fortaleciendo la estabilidad econ\u00f3mica en todo el mundo.<\/span><\/p>\n<p><span style=\"font-family: Verdana; font-size: xx-small;\">La iniciativa puesta en marcha en 2008 y ha crecido r\u00e1pidamente a m\u00e1s de 140 pa\u00edses con campa\u00f1as nacionales organizadas por una serie de organizaciones que llegan a un p\u00fablico nuevo, prueba metodolog\u00edas de intervenci\u00f3n y fortalece sus ecosistemas-dando impulso a la pr\u00f3xima generaci\u00f3n de emprendedores y d\u00e1ndoles el poder para hacer su marca en el mundo.<\/span><\/p>\n<p align=\"right\"><span style=\"font-size: small;\"><b><i><span style=\"font-family: Arial;\">Por otras im\u00e1genes, audios o entrevistas no dude en contactarse<\/span><\/i><\/b><\/span><\/p>\n<p align=\"center\"><span style=\"font-size: small;\"><b><i> Contactos de Prensa<\/i><\/b><\/span><\/p>\n<div align=\"left\">\n<table width=\"100%\" border=\"1\" cellpadding=\"2\" align=\"left\">\n<tbody>\n<tr>\n<td width=\"50%\">\n<p align=\"left\"><strong> <span style=\"color: #ff0000; font-family: Arial; font-size: small;\">Mayra Ibarra <\/span><\/strong> <span style=\"font-size: medium;\"><strong> <span style=\"color: #808080; font-family: Arial; font-size: small;\"> &#8211; Asistente de Cuentas<\/p>\n<p><\/span> <\/strong><\/span> <span style=\"font-size: xx-small;\"><span style=\"color: #ff0000;\"> Directo<\/span><b>: <\/b> 0230<\/span><span style=\"font-size: xx-small;\">-4664772<br \/>\n<\/span><span style=\"color: #ff0000; font-size: xx-small;\"> Skype:<\/span><span style=\"font-size: xx-small;\"> quasarcomunicacion<br \/>\n<\/span><span style=\"color: #ff0000; font-size: xx-small;\"> Twitter:<\/span><span style=\"font-size: xx-small;\"> @quasarpilar<br \/>\n<\/span><span style=\"color: #ff0000; font-size: xx-small;\"> Gr<\/span><span style=\"color: #ff0000; font-size: xx-small;\">upo y p\u00e1gina en Facebook: <\/span> <span style=\"color: #808080; font-size: xx-small;\">www.facebook.com\/<\/span><a href=\"mailto:mfipata@gmail.com\"><span style=\"font-size: xx-small;\">Quasar<\/span><\/a><span style=\"font-size: xx-small;\">Comunicacion<br \/>\n<\/span><span style=\"color: #ff0000; font-size: xx-small;\"> Web:<\/span><b><\/b> <a href=\"http:\/\/www.quasarcomunicacion.com.ar\/\"> <span style=\"font-size: xx-small;\">www.quasarcomunicacion.com.ar<\/span><\/a><\/p>\n<p align=\"left\"><span style=\"font-size: xx-small;\"> <span style=\"color: #ff0000;\">Mail<\/span><b>:<\/b><\/span><span style=\"font-size: xx-small;\"> <a href=\"mailto:fernanda@quasarcomunicacion.com.ar\"> quasar@quasarcomunicacion.com.ar<\/a><\/span><\/p>\n<\/td>\n<td width=\"50%\">\n<p align=\"right\"><span style=\"font-size: medium;\"><strong> <span style=\"color: #808080; font-family: Arial; font-size: small;\"> Lic. Mar\u00eda Fernanda Ipata &#8211; Directora<br \/>\n<\/span> <\/strong><\/span> <span style=\"font-size: xx-small;\"><span style=\"color: #ff0000;\"><br \/>\nDirecto<\/span><b>: <\/b> 0230<\/span><span style=\"font-size: xx-small;\">-4664772<\/span><span style=\"font-size: xx-small;\"><br \/>\n<\/span><span style=\"font-size: xx-small;\"> <span style=\"color: #ff0000;\">M\u00f3vil:<\/span><b> <\/b> 0230<\/span><span style=\"font-size: xx-small;\">-15-4584535<br \/>\n011-15-6096-4656 ID 558*3763<br \/>\n<\/span><span style=\"color: #ff0000; font-size: xx-small;\"> Skype:<\/span><span style=\"font-size: xx-small;\"> quasarcomunicacion<br \/>\n<\/span><span style=\"color: #ff0000; font-size: xx-small;\"> Twitter:<\/span><span style=\"font-size: xx-small;\"> @quasarpilar<br \/>\n<\/span><span style=\"color: #ff0000; font-size: xx-small;\"> Gr<\/span><span style=\"color: #ff0000; font-size: xx-small;\">upo y p\u00e1gina en Facebook: <\/span> <span style=\"color: #808080; font-size: xx-small;\">www.facebook.com\/<\/span><a href=\"mailto:mfipata@gmail.com\"><span style=\"font-size: xx-small;\">Quasar<\/span><\/a><span style=\"font-size: xx-small;\">Comunicacion<br \/>\n<\/span><span style=\"font-size: xx-small;\"> <span style=\"color: #ff0000;\">LinkedIn<\/span><b>:\u00a0 <\/b><\/span> <span style=\"font-size: xx-small;\"><b> <a href=\"http:\/\/www.linkedin.com\/in\/mfipata\"> http:\/\/www.linkedin.com\/in\/mfipata<\/a><\/b><\/span><span style=\"font-size: xx-small;\"><br \/>\n<\/span><span style=\"color: #ff0000; font-size: xx-small;\"> Web:<\/span><b><\/b> <a href=\"http:\/\/www.quasarcomunicacion.com.ar\/\"> <span style=\"font-size: xx-small;\">www.quasarcomunicacion.com.ar<\/span><\/a><span style=\"font-size: xx-small;\"><br \/>\n<\/span><span style=\"font-size: xx-small;\"> <span style=\"color: #ff0000;\">Mail<\/span><b>:<\/b><\/span><span style=\"font-size: xx-small;\"><a href=\"mailto:fernanda@quasarcomunicacion.com.ar\"> fernanda@quasarcomunicacion.com.ar<\/a><\/span><\/p>\n<\/td>\n<\/tr>\n<\/tbody>\n<\/table>\n<\/div>\n","protected":false},"excerpt":{"rendered":"<p>En el marco de la III SEMANA DEL EMPRENDEDOR PILARENSE impulsada por Emprender Hoy, se realiz\u00f3 en Rental Suites Pilar [&hellip;]<\/p>\n","protected":false},"author":2,"featured_media":7328,"comment_status":"open","ping_status":"open","sticky":false,"template":"","format":"standard","meta":[],"categories":[2],"tags":[],"_links":{"self":[{"href":"https:\/\/quasarcomunicacion.com.ar\/web\/wp-json\/wp\/v2\/posts\/7327"}],"collection":[{"href":"https:\/\/quasarcomunicacion.com.ar\/web\/wp-json\/wp\/v2\/posts"}],"about":[{"href":"https:\/\/quasarcomunicacion.com.ar\/web\/wp-json\/wp\/v2\/types\/post"}],"author":[{"embeddable":true,"href":"https:\/\/quasarcomunicacion.com.ar\/web\/wp-json\/wp\/v2\/users\/2"}],"replies":[{"embeddable":true,"href":"https:\/\/quasarcomunicacion.com.ar\/web\/wp-json\/wp\/v2\/comments?post=7327"}],"version-history":[{"count":0,"href":"https:\/\/quasarcomunicacion.com.ar\/web\/wp-json\/wp\/v2\/posts\/7327\/revisions"}],"wp:featuredmedia":[{"embeddable":true,"href":"https:\/\/quasarcomunicacion.com.ar\/web\/wp-json\/wp\/v2\/media\/7328"}],"wp:attachment":[{"href":"https:\/\/quasarcomunicacion.com.ar\/web\/wp-json\/wp\/v2\/media?parent=7327"}],"wp:term":[{"taxonomy":"category","embeddable":true,"href":"https:\/\/quasarcomunicacion.com.ar\/web\/wp-json\/wp\/v2\/categories?post=7327"},{"taxonomy":"post_tag","embeddable":true,"href":"https:\/\/quasarcomunicacion.com.ar\/web\/wp-json\/wp\/v2\/tags?post=7327"}],"curies":[{"name":"wp","href":"https:\/\/api.w.org\/{rel}","templated":true}]}}