{"id":732,"date":"2012-08-24T20:03:44","date_gmt":"2012-08-24T20:03:44","guid":{"rendered":"http:\/\/quasarcomunicacion.wordpress.com\/?p=732"},"modified":"2012-08-24T20:03:44","modified_gmt":"2012-08-24T20:03:44","slug":"momento-cero-encaro-exitosa-campana-solidaria-por-el-dia-del-nino","status":"publish","type":"post","link":"https:\/\/quasarcomunicacion.com.ar\/web\/momento-cero-encaro-exitosa-campana-solidaria-por-el-dia-del-nino\/","title":{"rendered":"Momento Cero encar\u00f3 exitosa campa\u00f1a solidaria por el D\u00eda del Ni\u00f1o"},"content":{"rendered":"<p style=\"text-align:left;\" align=\"center\"><span style=\"color:#ff0000;font-size:large;\"><span style=\"font-family:Verdana;font-size:small;\">En ocasi\u00f3n del d\u00eda del ni\u00f1o\u00a0<\/span><strong>\u00abMomento Cero\u00bb<\/strong><span style=\"font-family:Verdana;font-size:small;\">, junto a la organizaci\u00f3n \u00abCont\u00e1 conmigo\u00bb (que actu\u00f3 como nexo con voluntarios y empresas), organiz\u00f3 su primera colecta de juguetes; en este caso, las donaciones fueron enviadas a la escuela N\u00b0 39 de Barranqueras (Chaco).<!--more--><\/span><\/span><\/p>\n<p>&nbsp;<br \/>\n<span style=\"font-family:Verdana;font-size:small;\">La organizaci\u00f3n sin fines de lucro \u00abCont\u00e1 conmigo\u00bb fue creada por un grupo de j\u00f3venes, que con la convicci\u00f3n de que todas las personas tienen derecho a la educaci\u00f3n colaboran en la recuperaci\u00f3n y mantenimiento de escuelas chaque\u00f1as, apadrin\u00e1ndolas y ayudando a mejorar la calidad de vida de los alumnos que asisten a las mismas.<\/span><br \/>\n<span style=\"font-family:Verdana;font-size:small;\"><strong>Momento Cero<\/strong>\u00a0es un espacio para pap\u00e1s y mam\u00e1s que desean criar ni\u00f1os con adecuada autoestima y emocionalmente sanos. En \u00e9l brindamos la ayuda necesaria para que, con el estilo de vida de hoy, puedan darles a sus hijos los fundamentos b\u00e1sicos que permitan el desarrollo de ni\u00f1os confiados en s\u00ed mismos, emocionalmente estables, y capaces de desarrollar una vida plena y \u00fanica.<\/span><\/p>\n","protected":false},"excerpt":{"rendered":"<p>En ocasi\u00f3n del d\u00eda del ni\u00f1o\u00a0\u00abMomento Cero\u00bb, junto a la organizaci\u00f3n \u00abCont\u00e1 conmigo\u00bb (que actu\u00f3 como nexo con voluntarios y [&hellip;]<\/p>\n","protected":false},"author":2,"featured_media":0,"comment_status":"open","ping_status":"open","sticky":false,"template":"","format":"standard","meta":[],"categories":[2],"tags":[],"_links":{"self":[{"href":"https:\/\/quasarcomunicacion.com.ar\/web\/wp-json\/wp\/v2\/posts\/732"}],"collection":[{"href":"https:\/\/quasarcomunicacion.com.ar\/web\/wp-json\/wp\/v2\/posts"}],"about":[{"href":"https:\/\/quasarcomunicacion.com.ar\/web\/wp-json\/wp\/v2\/types\/post"}],"author":[{"embeddable":true,"href":"https:\/\/quasarcomunicacion.com.ar\/web\/wp-json\/wp\/v2\/users\/2"}],"replies":[{"embeddable":true,"href":"https:\/\/quasarcomunicacion.com.ar\/web\/wp-json\/wp\/v2\/comments?post=732"}],"version-history":[{"count":0,"href":"https:\/\/quasarcomunicacion.com.ar\/web\/wp-json\/wp\/v2\/posts\/732\/revisions"}],"wp:attachment":[{"href":"https:\/\/quasarcomunicacion.com.ar\/web\/wp-json\/wp\/v2\/media?parent=732"}],"wp:term":[{"taxonomy":"category","embeddable":true,"href":"https:\/\/quasarcomunicacion.com.ar\/web\/wp-json\/wp\/v2\/categories?post=732"},{"taxonomy":"post_tag","embeddable":true,"href":"https:\/\/quasarcomunicacion.com.ar\/web\/wp-json\/wp\/v2\/tags?post=732"}],"curies":[{"name":"wp","href":"https:\/\/api.w.org\/{rel}","templated":true}]}}