{"id":7308,"date":"2016-11-03T13:38:31","date_gmt":"2016-11-03T16:38:31","guid":{"rendered":"https:\/\/quasarcomunicacion.com.ar\/web\/?p=7308"},"modified":"2016-11-03T13:38:31","modified_gmt":"2016-11-03T16:38:31","slug":"el-sabado-12-de-noviembre-pilar-de-feria-edicion-emprendedores-en-la-fabrica","status":"publish","type":"post","link":"https:\/\/quasarcomunicacion.com.ar\/web\/el-sabado-12-de-noviembre-pilar-de-feria-edicion-emprendedores-en-la-fabrica\/","title":{"rendered":"El s\u00e1bado 12 de noviembre Pilar de Feria Edici\u00f3n Emprendedores en La F\u00e1brica"},"content":{"rendered":"<p style=\"text-align: left;\" align=\"center\"><span style=\"font-size: small;\">Dando inicio a la <b>III Semana del Emprendedor Pilarense<\/b>, el s\u00e1bado 12 de noviembre de 13 a 18 hs se viene la <b>EDICI\u00d3N EMPRENDEDORES <\/b>de <\/span> <b> PILAR DE FERIA <\/b>en <b> La F\u00e1brica Centro Cultural y Predio Ferial<\/b> (<a href=\"http:\/\/www.pilardeferia.com.ar\/donde.htm\">Ambrosetti 633, Bo La Esmeralda, altura Km 50 de ruta y Ramal Pilar ruta Panamericana) ubicada a tres cuadras de Jumbo Pilar<\/a>. La entrada es libre y gratuita, se recepcionar\u00e1 leche y galletitas para <b>J\u00f3venes Solidarios de Pilar<\/b> que repartir\u00e1 lo recaudado en merenderos de la zona<span style=\"font-size: small;\"> y adem\u00e1s l\u00e1pices de colores para un proyecto especial que est\u00e1n llevando adelante.<!--more--><\/span><\/p>\n<p><a href=\"https:\/\/quasarcomunicacion.com.ar\/web\/wp-content\/uploads\/2016\/11\/octubre.gif\"><img class=\"aligncenter\" alt=\"octubre\" src=\"https:\/\/quasarcomunicacion.com.ar\/web\/wp-content\/uploads\/2016\/11\/octubre.gif\" \/><\/a><\/p>\n<p>Como cada segundo s\u00e1bado del mes, <b>Pilar de Feria<\/b> se convierte en un paseo ideal para disfrutar en familia, donde encontrar\u00e1s las mejores opciones y a muy buenos precios para comprarle directamente al emprendedor y artesano, sin intermediarios. Tambi\u00e9n se podr\u00e1n disfrutar de las cosas ricas del sector gastron\u00f3mico y pasar una linda tarde al aire libre.<\/p>\n<p>En caso de mal tiempo, se pospone para el s\u00e1bado siguiente.<\/p>\n<p>La feria cuenta con un cat\u00e1logo de emprendedores y una cuponera de descuentos con promociones imperdibles. Se puede acceder a esta informaci\u00f3n ingresando en <a href=\"http:\/\/www.facebook.com\/pilardeferia\"> www.facebook.com\/pilardeferia<\/a><\/p>\n<p>Durante toda la tarde habr\u00e1 actividades para disfrutar en familia.<\/p>\n<p><span style=\"font-size: small;\"> C<\/span>omo ya es tradici\u00f3n en cada edici\u00f3n, el teatro visita la feria. A las 15 hs se podr\u00e1 disfrutar de la obra <b>La Isla de los Deseos<\/b> con la <b>Agrupaci\u00f3n Pido Gancho<\/b>. Entrada a la gorra.<\/p>\n<p><span style=\"font-size: small;\">Y a las 16.30 hs una clase abierta de Zumba a cargo de Naty.<\/span><\/p>\n<p><span style=\"font-size: small;\">Y durante toda la tarde los m\u00e1s peque\u00f1os podr\u00e1n pintar en el espacio de Cuadritos Siguiax.<\/span><\/p>\n<p>Tambi\u00e9n estar\u00e1n los voluntarios de <b>Amor de Perro<\/b> ofreciendo mascotas en adopci\u00f3n y vendiendo cosas donadas para recaudar fondos.<\/p>\n<p><b>Pilar de Feria \u201cLa F\u00e1brica<\/b><span style=\"font-family: Verdana;\">\u201d tendr\u00e1 lugar en este centro cultural y predio ferial ubicado en Km 50 con f\u00e1cil acceso desde Panamericana Ramal Pilar y desde Ruta 8, a tres cuadras de Jum<\/span>bo Pilar con f\u00e1cil acceso en auto o transporte p\u00fablico.<\/p>\n<p><span style=\"font-size: small;\">Y ya se anticipa la GRAN FERIA DE NAVIDAD que ser\u00e1 por partida doble, el s\u00e1bado 10 y domingo 11 de diciembre. Para los expositores que desean exponer, ingresar en <a href=\"http:\/\/www.pilardeferia.com.ar\/contacto.htm\"> www.pilardeferia.com.ar\/contacto.htm<\/a> o comunicarse v\u00eda mail a expositores@pilardeferia.com.ar<\/span><\/p>\n<p><b> C\u00d3MO LLEGAR<\/b><\/p>\n<p>&nbsp;<\/p>\n<p>En auto desde Capital Federal o desde Pilar se accede desde la altura Km 50 de ramal Pilar de la ruta Panamericana (bajada Palmas del Pilar \/ Jumbo \/ Villages Pilar). Tomar el puente hacia el lado de Palmas del Pilar \/ Hotel Ibis. Sobre la calle Las Magnolias, tomar la primera calle a la derecha (cartel de ingreso a Barrio La Esmeralda \u2013 como referencia est\u00e1 la concesionaria Mercedes Benz Las Mercedes), tres cuadras sobre esa calle y media a la izquierda<\/p>\n<p>O altura km 50 de ruta 8, tomar la calle del destacamento policial y de all\u00ed son tres cuadras sobre Ambrosetti (en la esquina de ruta 8 est\u00e1 Remises Next)<\/p>\n<p>EN COLECTIVO (algunas de las l\u00edneas que te dejan a pocas cuadras):<\/p>\n<p>L\u00ednea 57 (Express, Servicio Com\u00fan por Autopista o Ruta 8) bajada Km 50<\/p>\n<p>501 por autopista (parada k 50)<\/p>\n<p>203 (por autopista o por ruta 8)<\/p>\n<p>271 (por ruta 8, bajada Km 50)<\/p>\n<p>520 a Derqui (parada Km 50)<\/p>\n<p>176 por ruta 8 Parada Km 50<\/p>\n<p><a href=\"http:\/\/www.pilardeferia.com.ar\/donde.htm\"> www.pilardeferia.com.ar\/donde.htm<\/a><\/p>\n<p><span style=\"font-size: small;\"> Acerca de Pilar de Feria<\/span><\/p>\n<p><span style=\"font-size: xx-small;\">Esta es una nueva edici\u00f3n de<b> Pilar de Feria<\/b> (mir\u00e1 todas las ediciones en <\/span> <a href=\"http:\/\/www.pilardeferia.com.ar\/ediciones.htm\"> <span style=\"font-size: xx-small;\">http:\/\/www.pilardeferia.com.ar\/ediciones.htm<\/span><\/a><span style=\"font-size: xx-small;\">). El equipo de <b>Pilar de Feria <\/b>viene organizando este tipo de eventos desde 2011 cuando realizaron<b> Pilar de Feria Navidad<\/b>, luego la edici\u00f3n Verano en 2012. M\u00e1s tarde dos ediciones en Pilar Point (\u201cDe Shopping\u201d y \u201cArtesan\u00edas, Arte y Dise\u00f1o D\u00eda de la Madre\u201d) para terminar el 2012 con la Edici\u00f3n Navidad. En 2015 realizaron la edici\u00f3n \u201cEmprendedores\u201d y \u201cShowroom\u201d en Galer\u00eda Site Zen. En marzo se realiz\u00f3 la primera feria en La F\u00e1brica, continuando el segundo s\u00e1bado de cada mes con la propuesta.<\/span><\/p>\n<p><b> <span style=\"font-size: xx-small;\">Pilar de Feria<\/span><\/b><span style=\"font-size: xx-small;\"> es un evento peri\u00f3dico y tem\u00e1tico\u00a0 posee diversos t\u00f3picos. La entrada siempre es libre y gratuita para todo el p\u00fablico y el objetivo es darle a los emprendedores un lugar para la exhibici\u00f3n y venta de sus productos. Por Ordenanza 328\/12, <b> Pilar de Feria<\/b> fue declarada de Inter\u00e9s Municipal.<\/span><\/p>\n<p><span style=\"font-size: xx-small;\">Como signo distintivo, a la muestra de productos y servicios se le agregan eventos y herramientas que se le otorgan a los emprendedores como valor agregado para convertirse en una excelente herramienta de marketing, difusi\u00f3n y venta. Adem\u00e1s, de un recomendable paseo en familia. <\/span><\/p>\n<p><span style=\"font-size: xx-small;\">Los emprendedores, adem\u00e1s del apoyo en la difusi\u00f3n de su actividad reciben capacitaci\u00f3n, tips y consejos brindados por expertos en la materia<\/span><\/p>\n<p><span style=\"font-size: small;\"><b><i><span style=\"font-family: Arial;\">Por otras im\u00e1genes, audios o entrevistas no dude en contactarse<\/span><\/i><\/b><\/span><\/p>\n<p align=\"center\"><span style=\"font-size: small;\"><b><i> Contactos de Prensa<\/i><\/b><\/span><\/p>\n<div align=\"left\">\n<table width=\"100%\" border=\"1\" cellpadding=\"2\" align=\"left\">\n<tbody>\n<tr>\n<td align=\"center\" width=\"50%\">\n<p align=\"left\"><span style=\"font-size: medium;\"><strong><span style=\"color: #808080; font-family: Arial; font-size: small;\"> Mayra Ibarra &#8211; Asistente de Cuentas<\/p>\n<p><\/span> <\/strong><\/span> <span style=\"font-size: xx-small;\"><span style=\"color: #ff0000;\"> Directo<\/span><b>: <\/b> 0230<\/span><span style=\"font-size: xx-small;\">-4664772<br \/>\n<\/span><span style=\"color: #ff0000; font-size: xx-small;\"> Skype:<\/span><span style=\"font-size: xx-small;\"> quasarcomunicacion<br \/>\n<\/span><span style=\"color: #ff0000; font-size: xx-small;\"> Twitter:<\/span><span style=\"font-size: xx-small;\"> @quasarpilar<br \/>\n<\/span><span style=\"color: #ff0000; font-size: xx-small;\"> Gr<\/span><span style=\"color: #ff0000; font-size: xx-small;\">upo y p\u00e1gina en Facebook: <\/span> <span style=\"color: #808080; font-size: xx-small;\">www.facebook.com\/<\/span><a href=\"mailto:mfipata@gmail.com\"><span style=\"font-size: xx-small;\">Quasar<\/span><\/a><span style=\"font-size: xx-small;\">Comunicacion<br \/>\n<\/span><span style=\"color: #ff0000; font-size: xx-small;\"> Web:<\/span><b><\/b> <a href=\"http:\/\/www.quasarcomunicacion.com.ar\/\"> <span style=\"font-size: xx-small;\">www.quasarcomunicacion.com.ar<\/span><\/a><\/p>\n<p align=\"left\"><span style=\"font-size: xx-small;\"> <span style=\"color: #ff0000;\">Mail<\/span><b>:<\/b><\/span><span style=\"font-size: xx-small;\"> <a href=\"mailto:fernanda@quasarcomunicacion.com.ar\"> quasar<\/a><a href=\"mailto:fernanda@quasarcomunicacion.com.ar\">@quasarcomunicacion.com.ar<\/a><\/span><\/p>\n<\/td>\n<td align=\"center\" width=\"50%\">\n<p align=\"right\"><span style=\"font-size: medium;\"><strong> <span style=\"color: #808080; font-family: Arial; font-size: small;\"> Lic. Mar\u00eda Fernanda Ipata &#8211; Directora<br \/>\n<\/span> <\/strong><\/span> <span style=\"font-size: xx-small;\"><span style=\"color: #ff0000;\"><br \/>\nDirecto<\/span><b>: <\/b> 0230<\/span><span style=\"font-size: xx-small;\">-4664772<\/span><span style=\"font-size: xx-small;\"><br \/>\n<\/span><span style=\"font-size: xx-small;\"> <span style=\"color: #ff0000;\">M\u00f3vil:<\/span><b> <\/b> 0230<\/span><span style=\"font-size: xx-small;\">-15-4584535<br \/>\n011-15-6096-4656 ID 558*3763<br \/>\n<\/span><span style=\"color: #ff0000; font-size: xx-small;\"> Skype:<\/span><span style=\"font-size: xx-small;\"> quasarcomunicacion<br \/>\n<\/span><span style=\"color: #ff0000; font-size: xx-small;\"> Twitter:<\/span><span style=\"font-size: xx-small;\"> @quasarpilar<br \/>\n<\/span><span style=\"color: #ff0000; font-size: xx-small;\"> Gr<\/span><span style=\"color: #ff0000; font-size: xx-small;\">upo y p\u00e1gina en Facebook: <\/span> <span style=\"color: #808080; font-size: xx-small;\">www.facebook.com\/<\/span><a href=\"mailto:mfipata@gmail.com\"><span style=\"font-size: xx-small;\">Quasar<\/span><\/a><span style=\"font-size: xx-small;\">Comunicacion<br \/>\n<\/span><span style=\"font-size: xx-small;\"> <span style=\"color: #ff0000;\">LinkedIn<\/span><b>:\u00a0 <\/b><\/span> <span style=\"font-size: xx-small;\"><b> <a href=\"http:\/\/www.linkedin.com\/in\/mfipata\"> http:\/\/www.linkedin.com\/in\/mfipata<\/a><\/b><\/span><span style=\"font-size: xx-small;\"><br \/>\n<\/span><span style=\"color: #ff0000; font-size: xx-small;\"> Web:<\/span><b><\/b> <a href=\"http:\/\/www.quasarcomunicacion.com.ar\/\"> <span style=\"font-size: xx-small;\">www.quasarcomunicacion.com.ar<\/span><\/a><span style=\"font-size: xx-small;\"><br \/>\n<\/span><span style=\"font-size: xx-small;\"> <span style=\"color: #ff0000;\">Mail<\/span><b>:<\/b><\/span><span style=\"font-size: xx-small;\"><a href=\"mailto:fernanda@quasarcomunicacion.com.ar\"> fernanda@quasarcomunicacion.com.ar<\/a><\/span><\/p>\n<\/td>\n<\/tr>\n<\/tbody>\n<\/table>\n<\/div>\n","protected":false},"excerpt":{"rendered":"<p>Dando inicio a la III Semana del Emprendedor Pilarense, el s\u00e1bado 12 de noviembre de 13 a 18 hs se [&hellip;]<\/p>\n","protected":false},"author":2,"featured_media":7309,"comment_status":"open","ping_status":"open","sticky":false,"template":"","format":"standard","meta":[],"categories":[2],"tags":[],"_links":{"self":[{"href":"https:\/\/quasarcomunicacion.com.ar\/web\/wp-json\/wp\/v2\/posts\/7308"}],"collection":[{"href":"https:\/\/quasarcomunicacion.com.ar\/web\/wp-json\/wp\/v2\/posts"}],"about":[{"href":"https:\/\/quasarcomunicacion.com.ar\/web\/wp-json\/wp\/v2\/types\/post"}],"author":[{"embeddable":true,"href":"https:\/\/quasarcomunicacion.com.ar\/web\/wp-json\/wp\/v2\/users\/2"}],"replies":[{"embeddable":true,"href":"https:\/\/quasarcomunicacion.com.ar\/web\/wp-json\/wp\/v2\/comments?post=7308"}],"version-history":[{"count":0,"href":"https:\/\/quasarcomunicacion.com.ar\/web\/wp-json\/wp\/v2\/posts\/7308\/revisions"}],"wp:featuredmedia":[{"embeddable":true,"href":"https:\/\/quasarcomunicacion.com.ar\/web\/wp-json\/wp\/v2\/media\/7309"}],"wp:attachment":[{"href":"https:\/\/quasarcomunicacion.com.ar\/web\/wp-json\/wp\/v2\/media?parent=7308"}],"wp:term":[{"taxonomy":"category","embeddable":true,"href":"https:\/\/quasarcomunicacion.com.ar\/web\/wp-json\/wp\/v2\/categories?post=7308"},{"taxonomy":"post_tag","embeddable":true,"href":"https:\/\/quasarcomunicacion.com.ar\/web\/wp-json\/wp\/v2\/tags?post=7308"}],"curies":[{"name":"wp","href":"https:\/\/api.w.org\/{rel}","templated":true}]}}