{"id":7298,"date":"2016-10-21T15:56:46","date_gmt":"2016-10-21T18:56:46","guid":{"rendered":"https:\/\/quasarcomunicacion.com.ar\/web\/?p=7298"},"modified":"2016-10-21T15:56:46","modified_gmt":"2016-10-21T18:56:46","slug":"la-orquesta-de-ninos-y-jovenes-de-la-ciudad-de-pilar-frederic-chopin-participara-del-xvi-encuentro-internacional-de-orquestas-juveniles","status":"publish","type":"post","link":"https:\/\/quasarcomunicacion.com.ar\/web\/la-orquesta-de-ninos-y-jovenes-de-la-ciudad-de-pilar-frederic-chopin-participara-del-xvi-encuentro-internacional-de-orquestas-juveniles\/","title":{"rendered":"La Orquesta de ni\u00f1os y j\u00f3venes de la ciudad de Pilar \u00abFr\u00e9d\u00e9ric Chopin\u00bb participar\u00e1 del XVI Encuentro Internacional de Orquestas Juveniles"},"content":{"rendered":"<p style=\"text-align: left;\" align=\"center\"><span style=\"font-family: Verdana; font-size: small;\">Este fin de semana, 57 chicos pertenecientes a la <\/span><b style=\"font-family: Verdana; font-size: small;\">Orquesta Juvenil de Pilar Fr\u00e8d\u00e8ric Chopin <\/b><span style=\"font-family: Verdana; font-size: small;\"> junto a sus 14 docentes participar\u00e1n del 16\u00aa Encuentro Internacional de Orquestas Juveniles (EIOJ) junto a otras 50 orquestas o bandas y 20 coros.<\/span><\/p>\n<p><span style=\"font-family: Verdana; font-size: small;\">La posibilidad de participar de este prestigioso encuentro se dio luego de un proceso de selecci\u00f3n a partir de un concurso que debieron sortear, lo que demuestra el alto nivel de los integrantes de la orquesta.<!--more--><\/span><\/p>\n<p><a href=\"https:\/\/quasarcomunicacion.com.ar\/web\/wp-content\/uploads\/2013\/10\/orquestasluna1.gif\"><img class=\"aligncenter\" alt=\"orquestasluna1\" src=\"https:\/\/quasarcomunicacion.com.ar\/web\/wp-content\/uploads\/2013\/10\/orquestasluna1.gif\" \/><\/a><\/p>\n<p><span style=\"font-family: Verdana; font-size: small;\">El Encuentro Internacional de Orquestas Juveniles es un festival internacional de orquestas, bandas y coros infanto-juveniles. <\/span><\/p>\n<p><span style=\"font-family: Verdana; font-size: small;\">M\u00e1s de dos mil j\u00f3venes y ni\u00f1os de provenientes de distintos pa\u00edses se re\u00fanen durante tres d\u00edas de Octubre en Buenos Aires , Argentina para celebrar la alegr\u00eda de hacer m\u00fasica en conjunto. El Encuentro presenta un fin de semana conciertos de cada orquesta participante en la Facultad de Derecho de la Universidad de Buenos Aires donde adem\u00e1s se realizan clases magistrales con reconocidos profesores del Teatro Col\u00f3n y la Orquesta Sinf\u00f3nica Nacional. <\/span><\/p>\n<p><span style=\"font-family: Verdana; font-size: small;\">Concluye con un concierto final en el Estadio Luna Park donde todas las agrupaciones comparten el espectacular escenario formando una mega orquesta y coro para interpretar un repertorio com\u00fan. Cada a\u00f1o, acompa\u00f1a a la gran masa sinf\u00f3nico coral en el concierto clausura un artista invitado destacado no solo por su trayectoria art\u00edstica sino tambi\u00e9n por su compromiso social. El EIOJ ha contado con la presencia de artistas como Teresa Parodi, Patricia Sosa, Ra\u00fal Lavie, Jairo, Sandra Mihanovich , el tenor Dar\u00edo Volont\u00e9 y Vera Cirkovic. Este a\u00f1o nos honrra con su presencia Antonio Tarrag\u00f3 Ros . <\/span><\/p>\n<p><span style=\"font-family: Verdana; font-size: small;\">Se suman a\u00f1o a a\u00f1o mas figuras apoyando y apostando por un mundo mejor en el que la m\u00fasica ayude a mejorar la calidad de vida de las personas y permita la inclusi\u00f3n y contensi\u00f3n social a tantos ni\u00f1os y j\u00f3venes que acceden a ella.<\/span><\/p>\n<p><b><span style=\"font-family: Verdana; font-size: small;\">Sobre la <\/span><\/b> <span style=\"font-family: Verdana; font-size: small;\"><b>Orquesta de ni\u00f1os y j\u00f3venes de la ciudad de Pilar \u00abFr\u00e9d\u00e9ric Chopin\u00bb<\/b><\/span><\/p>\n<p><span style=\"font-family: Verdana; font-size: xx-small;\">El<b> Instituto Superior de Formaci\u00f3n Docente Fr\u00e9d\u00e9ric Chopin<\/b> est\u00e1 llevando a cabo desde el a\u00f1o 2011 la creaci\u00f3n de una orquesta de ni\u00f1os y j\u00f3venes representativa de Pilar. <\/span><\/p>\n<p><span style=\"font-family: Verdana; font-size: xx-small;\">La propuesta surge del seno del cuerpo docente del departamento de m\u00fasica, directivo y personal auxiliar, como una necesidad innegable para nuestra comunidad: su propia orquesta juvenil con caracter\u00edsticas de inclusi\u00f3n social. <\/span><\/p>\n<p><span style=\"font-family: Verdana; font-size: xx-small;\">El mismo consiste en incorporar ni\u00f1os y j\u00f3venes de entre 8 y 18 a\u00f1os provenientes de las escuelas p\u00fablicas de nuestra localidad, asegur\u00e1ndoles: <\/span><\/p>\n<p><span style=\"font-family: Verdana; font-size: xx-small;\">Ense\u00f1anza pr\u00e1ctica de un instrumento en manos de profesionales de la pedagog\u00eda musical infantil.<br \/>\nInstrumento para la pr\u00e1ctica en calidad de comodato<br \/>\nAsistencia psicopedag\u00f3gica<br \/>\nMeriendas<br \/>\nParticipaci\u00f3n en audiciones y conciertos abiertos a la comunidad<br \/>\nIntercambio con otras instituciones educativas que aseguren su integraci\u00f3n social y su apertura hacia diferentes \u00e1mbitos.<\/span><\/p>\n<p><span style=\"font-family: Verdana; font-size: xx-small;\">Todo ello en forma absolutamente gratuita.<\/span><\/p>\n<p><span style=\"font-family: Verdana; font-size: small;\"><b>Sobre el Instituto Frederic Chopin<\/b><\/span><\/p>\n<p><span style=\"font-family: Verdana; font-size: xx-small;\">La sede del Instituto est\u00e1 en Villa Morra en la calle Julio A. Roca 226 \u2013 entre 9 de julio y Sanguinetti \u2013 Pilar. Informes e inscripciones llamando al 0230-4432957 \/\/ 0230-4375273 \/\/ 011-15-37349414 \/\/ Radio 737*5854 o escribiendo a <a href=\"mailto:info@instituto\"> info@institutochopin.edu.ar<\/a> M\u00e1s info <a href=\"http:\/\/www.institutochopin.edu.ar\/\"> www.institutochopin.edu.ar<\/a> <\/span><\/p>\n<p><span style=\"font-family: Verdana; font-size: xx-small;\">En el <b>Instituto Frederic Chopin<\/b> se puede estudiar Profesorado de Educaci\u00f3n Inicial, Profesorado de Educaci\u00f3n F\u00edsica, Profesorado de Educaci\u00f3n Musical, Profesorado de Danzas Folcl\u00f3ricas, Profesorado de Expresi\u00f3n Corporal, Profesorado de M\u00fasica (Orientaci\u00f3n Canto L\u00edrico Camar\u00edstico) y el Profesorado de M\u00fasica (Orientaci\u00f3n Instrumentos).<\/span><\/p>\n<p><span style=\"font-family: Verdana; font-size: xx-small;\">Cabe destacar que el Instituto fue creado en el a\u00f1o 2003 por la asociaci\u00f3n civil denominada Centro de Formaci\u00f3n Cultural de la ciudad de Pilar, con el objetivo de promover el desarrollo social a trav\u00e9s de las capacitaciones docentes en diversas disciplinas, apostando al crecimiento de nuestra sociedad con la educaci\u00f3n, la cultura, el desarrollo f\u00edsico, moral y espiritual de nuestros ni\u00f1os, j\u00f3venes y adultos.<\/span><\/p>\n<p><span style=\"font-family: Verdana; font-size: xx-small;\">El instituto de ense\u00f1anza est\u00e1 encuadrado dentro de la Direcci\u00f3n Provincial de Educaci\u00f3n de Gesti\u00f3n Privada y en la Direcci\u00f3n Provincial de Educaci\u00f3n Art\u00edstica<br \/>\nDIPREGEP N\u00ba 7533 Regi\u00f3n XI de la Provincia de Buenos Aires.<\/span><\/p>\n<p><b><i> Por otras im\u00e1genes, audios o entrevistas no dude en contactarsePor otras im\u00e1genes, audios o entrevistas no dude en contactarse<\/i><\/b><\/p>\n<p align=\"center\">Acceso a toda la informaci\u00f3n ingresando en \u00a0<b><i><br \/>\n<a href=\"http:\/\/www.quasarcomunicacion.com.ar\/chopin\"> www.quasarcomunicacion.com.ar\/web\/chopin<\/a> <\/i><\/b><\/p>\n<p align=\"center\"><span style=\"font-size: small;\"><b><i> Contactos de Prensa<\/i><\/b><\/span><\/p>\n<div align=\"left\">\n<table width=\"100%\" border=\"1\" cellpadding=\"2\" align=\"left\">\n<tbody>\n<tr>\n<td width=\"50%\">\n<p align=\"left\"><strong> <span style=\"color: #ff0000; font-family: Arial; font-size: small;\">Mayra Ibarra<\/span><\/strong><span style=\"font-size: medium;\"><strong><span style=\"color: #808080; font-family: Arial; font-size: small;\"> &#8211; Asistente de Cuentas<\/p>\n<p><\/span> <\/strong><\/span> <span style=\"font-size: xx-small;\"><span style=\"color: #ff0000;\"> Directo<\/span><b>: <\/b> 0230<\/span><span style=\"font-size: xx-small;\">-4664772<br \/>\n<\/span><span style=\"color: #ff0000; font-size: xx-small;\"> Skype:<\/span><span style=\"font-size: xx-small;\"> quasarcomunicacion<br \/>\n<\/span><span style=\"color: #ff0000; font-size: xx-small;\"> Twitter:<\/span><span style=\"font-size: xx-small;\"> @quasarpilar<br \/>\n<\/span><span style=\"color: #ff0000; font-size: xx-small;\"> Gr<\/span><span style=\"color: #ff0000; font-size: xx-small;\">upo y p\u00e1gina en Facebook: <\/span> <span style=\"color: #808080; font-size: xx-small;\">www.facebook.com\/<\/span><a href=\"mailto:mfipata@gmail.com\"><span style=\"font-size: xx-small;\">Quasar<\/span><\/a><span style=\"font-size: xx-small;\">Comunicacion<br \/>\n<\/span><span style=\"color: #ff0000; font-size: xx-small;\"> Web:<\/span><b><\/b> <a href=\"http:\/\/www.quasarcomunicacion.com.ar\/\"> <span style=\"font-size: xx-small;\">www.quasarcomunicacion.com.ar<\/span><\/a><\/p>\n<p align=\"left\"><span style=\"font-size: xx-small;\"> <span style=\"color: #ff0000;\">Mail<\/span><b>:<\/b><\/span><span style=\"font-size: xx-small;\"> <a href=\"mailto:fernanda@quasarcomunicacion.com.ar\"> quasar@quasarcomunicacion.com.ar<\/a><\/span><\/p>\n<\/td>\n<td width=\"50%\">\n<p align=\"right\"><span style=\"font-size: medium;\"><strong> <span style=\"color: #808080; font-family: Arial; font-size: small;\"> Lic. Mar\u00eda Fernanda Ipata &#8211; Directora<br \/>\n<\/span> <\/strong><\/span> <span style=\"font-size: xx-small;\"><span style=\"color: #ff0000;\"><br \/>\nDirecto<\/span><b>: <\/b> 0230<\/span><span style=\"font-size: xx-small;\">-4664772<\/span><span style=\"font-size: xx-small;\"><br \/>\n<\/span><span style=\"font-size: xx-small;\"> <span style=\"color: #ff0000;\">M\u00f3vil:<\/span><b> <\/b> 0230<\/span><span style=\"font-size: xx-small;\">-15-4584535<br \/>\n011-15-6096-4656 ID 558*3763<br \/>\n<\/span><span style=\"color: #ff0000; font-size: xx-small;\"> Skype:<\/span><span style=\"font-size: xx-small;\"> quasarcomunicacion<br \/>\n<\/span><span style=\"color: #ff0000; font-size: xx-small;\"> Twitter:<\/span><span style=\"font-size: xx-small;\"> @quasarpilar<br \/>\n<\/span><span style=\"color: #ff0000; font-size: xx-small;\"> Gr<\/span><span style=\"color: #ff0000; font-size: xx-small;\">upo y p\u00e1gina en Facebook: <\/span> <span style=\"color: #808080; font-size: xx-small;\">www.facebook.com\/<\/span><a href=\"mailto:mfipata@gmail.com\"><span style=\"font-size: xx-small;\">Quasar<\/span><\/a><span style=\"font-size: xx-small;\">Comunicacion<br \/>\n<\/span><span style=\"font-size: xx-small;\"> <span style=\"color: #ff0000;\">LinkedIn<\/span><b>:\u00a0 <\/b><\/span> <span style=\"font-size: xx-small;\"><b> <a href=\"http:\/\/www.linkedin.com\/in\/mfipata\"> http:\/\/www.linkedin.com\/in\/mfipata<\/a><\/b><\/span><span style=\"font-size: xx-small;\"><br \/>\n<\/span><span style=\"color: #ff0000; font-size: xx-small;\"> Web:<\/span><b><\/b> <a href=\"http:\/\/www.quasarcomunicacion.com.ar\/\"> <span style=\"font-size: xx-small;\">www.quasarcomunicacion.com.ar<\/span><\/a><span style=\"font-size: xx-small;\"><br \/>\n<\/span><span style=\"font-size: xx-small;\"> <span style=\"color: #ff0000;\">Mail<\/span><b>:<\/b><\/span><span style=\"font-size: xx-small;\"><a href=\"mailto:fernanda@quasarcomunicacion.com.ar\"> fernanda@quasarcomunicacion.com.ar<\/a><\/span><\/p>\n<\/td>\n<\/tr>\n<\/tbody>\n<\/table>\n<\/div>\n","protected":false},"excerpt":{"rendered":"<p>Este fin de semana, 57 chicos pertenecientes a la Orquesta Juvenil de Pilar Fr\u00e8d\u00e8ric Chopin junto a sus 14 docentes [&hellip;]<\/p>\n","protected":false},"author":2,"featured_media":2895,"comment_status":"open","ping_status":"open","sticky":false,"template":"","format":"standard","meta":[],"categories":[2],"tags":[],"_links":{"self":[{"href":"https:\/\/quasarcomunicacion.com.ar\/web\/wp-json\/wp\/v2\/posts\/7298"}],"collection":[{"href":"https:\/\/quasarcomunicacion.com.ar\/web\/wp-json\/wp\/v2\/posts"}],"about":[{"href":"https:\/\/quasarcomunicacion.com.ar\/web\/wp-json\/wp\/v2\/types\/post"}],"author":[{"embeddable":true,"href":"https:\/\/quasarcomunicacion.com.ar\/web\/wp-json\/wp\/v2\/users\/2"}],"replies":[{"embeddable":true,"href":"https:\/\/quasarcomunicacion.com.ar\/web\/wp-json\/wp\/v2\/comments?post=7298"}],"version-history":[{"count":0,"href":"https:\/\/quasarcomunicacion.com.ar\/web\/wp-json\/wp\/v2\/posts\/7298\/revisions"}],"wp:featuredmedia":[{"embeddable":true,"href":"https:\/\/quasarcomunicacion.com.ar\/web\/wp-json\/wp\/v2\/media\/2895"}],"wp:attachment":[{"href":"https:\/\/quasarcomunicacion.com.ar\/web\/wp-json\/wp\/v2\/media?parent=7298"}],"wp:term":[{"taxonomy":"category","embeddable":true,"href":"https:\/\/quasarcomunicacion.com.ar\/web\/wp-json\/wp\/v2\/categories?post=7298"},{"taxonomy":"post_tag","embeddable":true,"href":"https:\/\/quasarcomunicacion.com.ar\/web\/wp-json\/wp\/v2\/tags?post=7298"}],"curies":[{"name":"wp","href":"https:\/\/api.w.org\/{rel}","templated":true}]}}