{"id":7291,"date":"2016-10-20T16:40:04","date_gmt":"2016-10-20T19:40:04","guid":{"rendered":"https:\/\/quasarcomunicacion.com.ar\/web\/?p=7291"},"modified":"2016-10-20T16:40:04","modified_gmt":"2016-10-20T19:40:04","slug":"comenzaron-los-preparativos-para-la-iii-semana-del-emprendedor-pilarense","status":"publish","type":"post","link":"https:\/\/quasarcomunicacion.com.ar\/web\/comenzaron-los-preparativos-para-la-iii-semana-del-emprendedor-pilarense\/","title":{"rendered":"Comenzaron los preparativos para la III Semana del Emprendedor Pilarense"},"content":{"rendered":"<p style=\"text-align: left;\" align=\"center\"><span style=\"font-family: Verdana; font-size: small;\">Por tercer a\u00f1o consecutivo se realizar\u00e1 en Pilar la <\/span><b style=\"font-family: Verdana; font-size: small;\">SEMANA DEL EMPRENDEDOR PILARENSE<\/b><span style=\"font-family: Verdana; font-size: small;\">, instituida por Ordenanza Municipal 504\/14 la tercera semana de noviembre en adhesi\u00f3n a la<\/span><b style=\"font-family: Verdana; font-size: small;\"> Semana Global del Emprendedurismo (GEW) <\/b><span style=\"font-family: Verdana; font-size: small;\">que se celebra en m\u00e1s de 150 pa\u00edses en todo el mundo. Durante toda la semana habr\u00e1 actividades abiertas a la comunidad, gratuitas y aranceladas, para fomentar los valores de la cultura emprendedora. La iniciativa es impulsada y coordinada por <\/span><b style=\"font-family: Verdana; font-size: small;\">Emprender Hoy <\/b><span style=\"font-family: Verdana; font-size: small;\">y<\/span><b style=\"font-family: Verdana; font-size: small;\"> Pilar Emprende<\/b><span style=\"font-family: Verdana; font-size: small;\"> (www.emprenderhoy.com.ar) y cuenta con el apoyo de instituciones, organismos p\u00fablicos y privado, emprendedores, empresas y medios de comunicaci\u00f3n. En esta edici\u00f3n, muchas de las actividades son co-organizadas con <\/span><b style=\"font-family: Verdana; font-size: small;\">Cespym Cursos.<!--more--><\/b><strong> <\/strong><\/p>\n<p><span style=\"font-family: Verdana; font-size: small;\">Este a\u00f1o, para llegar bien preparados a dicha semana, las actividades comienzan en el mes de octubre para capacitar a los emprendedores y que puedan sacarle el mayor provecho a su participaci\u00f3n en los diversos eventos.<\/span><\/p>\n<p><span style=\"font-family: Verdana; font-size: small;\">En la ma\u00f1ana de hoy comenzaron las actividades previas con la capacitaci\u00f3n Facebook para Emprendedores de la que participaron m\u00e1s de 40 asistentes en Rental Suites Pilar gracias al apoyo de Promoci\u00f3n Pilar.<\/span><\/p>\n<p><a href=\"https:\/\/quasarcomunicacion.com.ar\/web\/wp-content\/uploads\/2016\/10\/facebook16.gif\"><img class=\"aligncenter\" alt=\"facebook16\" src=\"https:\/\/quasarcomunicacion.com.ar\/web\/wp-content\/uploads\/2016\/10\/facebook16.gif\" \/><\/a><\/p>\n<p><span style=\"font-family: Verdana; font-size: small;\">Y la agenda sigue el Mi\u00e9rcoles 2 de noviembre a las 14 hs, tambi\u00e9n en Rental Suites Pilar con la charla <\/span> \u00a0<a role=\"null\" href=\"https:\/\/www.facebook.com\/events\/312573285788692\/?ref=3&amp;ref_newsfeed_story_type=regular&amp;action_history=null&amp;source=3&amp;source_newsfeed_story_type=regular\" data-hovercard=\"\/ajax\/hovercard\/event.php?id=312573285788692&amp;extragetparams=%7B%22source%22%3A3%2C%22source_newsfeed_story_type%22%3A%22regular%22%2C%22action_history%22%3A%22null%22%7D\">10 T\u00e9cnicas de Venta para Crecer con tu Negocio<\/a>\u00a0<span style=\"font-family: Verdana; font-size: small;\">a cargo de la Lic. Marina Berrutti de BE Capapacitaciones. Esta capacitaci\u00f3n ser\u00e1 un paso previo a la <b>I Ronda de Networking para Emprendedores<\/b> que tendr\u00e1 lugar en el mes de noviembre.\u00a0<span style=\"font-family: Verdana; font-size: small;\">Inscripciones en http:\/\/emprenderhoy.com.ar\/tecnicasdeventas.html<\/span><\/span><\/p>\n<p><span style=\"font-family: Verdana; font-size: small;\">La semana propiamente dicha comienza el S\u00e1bado 12 de noviembre a las 13 hs\u00a0con la <b>Feria de Emprendedores <\/b>que se realiza el segundo s\u00e1bado de cada mes en La F\u00e1brica y es organizada por Pilar de Feria. Informes e inscripciones en en\u00a0<a href=\"http:\/\/www.pilardeferia.com.ar\/contacto.htm\">www.pilardeferia.com.ar\/contacto.htm\u00a0<\/a><\/span><\/p>\n<p><span style=\"font-family: Verdana; font-size: small;\">El Lunes 14 de noviembre a las 14 hs, en la Galer\u00eda Site Zen\u00a0se dictar\u00e1 la charla gratuita <b>\u00abQu\u00e9 relaci\u00f3n tienes con el dinero? Construye un emprendimiento con h\u00e1bitos financieros saludables<\/b>\u00ab, a cargo de la asesora financiera Fernanda Bolagay de Finanzas Integrales<\/span><\/p>\n<p><span style=\"font-family: Verdana; font-size: small;\">El Martes 15 de noviembre a las 14 hs, en el auditorio de Rental Suites Pilar se realizar\u00e1 la <b>I Ronda de Networking para Emprendedores<\/b> M\u00e1s info e inscripciones\u00a0 en<a href=\"http:\/\/emprenderhoy.com.ar\/ronda2016.html\">\u00a0http:\/\/emprenderhoy.com.ar\/ronda2016.html<\/a><\/span><\/p>\n<p><span style=\"font-family: Verdana; font-size: small;\">Por su parte, el Mi\u00e9rcoles 16 de noviembre a las 10 hs, en Las Pastas de Ernesto (Del Viso), Cespym Cursos organiza el <\/span><b style=\"font-family: Verdana; font-size: small;\">Desayuno Descubre tu Potencial Emprendedor<\/b><span style=\"font-family: Verdana; font-size: small;\"> a cargo de la Lic. Elizabeth Far\u00edas<\/span><\/p>\n<p><span style=\"font-family: Verdana; font-size: small;\">El d\u00eda Jueves 17 de noviembre las actividades se trasladan al Parque Industrial Pilar donde a las\u00a0 9.30 hs en la UTN Facultad Regional Delta, ubicada en el Parque Industrial,\u00a0se dictar\u00e1 la charla gratuita y abierta a la comunidad <b>\u00ab20 claves para Potenciar tu Empresa\u00bb <\/b>a cargo de la Lic Luciana Paulise de Biztorming y autora del libro SOS Pymes. Informes e inscripci\u00f3n en <a href=\"http:\/\/emprenderhoy.com.ar\/charlautn.html\"> http:\/\/emprenderhoy.com.ar\/charlautn.html<\/a> <\/span><\/p>\n<p><span style=\"font-family: Verdana; font-size: small;\">Y el Viernes 18 de noviembre a las 9.30 hs en San Mart\u00edn 250 Pilar centro,\u00a0se ofrecer\u00e1 la <\/span><b style=\"font-family: Verdana; font-size: small;\">\u00abCapacitaci\u00f3n y Asesoramiento sobre Monotributo\u00bb <\/b><span style=\"font-family: Verdana; font-size: small;\">a cargo de la Lic. Lorena Paula L\u00f3pez de la Direcci\u00f3n Nacional de Fomento del Monotributo Social del Ministerio de Desarrollo Social<\/span><\/p>\n<p><span style=\"font-family: Verdana; font-size: small;\">Y seguramente se sumar\u00e1n m\u00e1s actividades, las cuales se publican en el calendario al que se puede acceder en este link http:\/\/emprenderhoy.com.ar\/agenda2016.html<\/span><\/p>\n<p><b><span style=\"font-family: Verdana; font-size: small;\">APOYOS<\/span><\/b><\/p>\n<p><span style=\"font-family: Verdana; font-size: xx-small;\">Este a\u00f1o, la iniciativa es apoyada por los sponsors principales: Pilar GPS Gu\u00eda de Productos y Servicios; Qu\u00e1sar Comunicaci\u00f3n Consultora boutique de Prensa y Pilar Hoy Noticias.\u00a0\u00a0 <\/span><\/p>\n<p><span style=\"font-family: Verdana; font-size: xx-small;\">Y apoyan de diversas maneras emprendedores, empresas, instituciones, organismos p\u00fablicos y medios de comunicaci\u00f3n como Biztorming Training &amp; Consulting; Estudio AM; la Universidad Tecnol\u00f3gica Nacional (UTN) Facultad Regional Delta; Juli\u00e1n Candermo; C\u00e1mara Empresaria del Parque Industrial Pilar (CEPIP); Marina Berrutti de BE Capacitaciones; C\u00e1mara de Comercio de Del Viso; Finanzas Integrales; Promoci\u00f3n Pilar; Rental Suites Pilar; Gestor\u00eda y Consultor\u00eda Montoya; La F\u00e1brica centro cultural y predio ferial; Pilar de Feria; Peri\u00f3dico El Term\u00f3metro; Radio X Pilar; FM Impacto de Tigre; Mujeres Atrayendo Riqueza; Soy Emprendedora; Direcci\u00f3n de Escuelas Municipales de Pilar; Secretar\u00eda de Desarrollo Econ\u00f3mico de Pilar, Las Pastas de Ernesto; Le Canto las 40; Florencia Duc\u00f3s Asesor\u00eda y Capacitaci\u00f3n para Emprendedores y Empresas en Imagen y Comunicaci\u00f3n; Vocal Studio; Patricia Maro\u00f1as Asesora de Seguros; entre otros\u00a0<\/span><\/p>\n<p><span style=\"font-family: Verdana; font-size: small;\"> <b>Qu\u00e9 es la Global Entrepreneurship Week? <\/b><\/span><\/p>\n<p><span style=\"font-family: Verdana; font-size: xx-small;\"> Por si todav\u00eda no conoces la Global Entrepreneurship Week, se trata de una iniciativa global donde participan 1450 pa\u00edses, 10mil partners y 7 millones de personas. Est\u00e1 respaldada por gobiernos y emprendedores de todo el mundo que se han unido a la iniciativa para fomentar los valores de la cultura emprendedora.<\/span><\/p>\n<p><span style=\"font-family: Verdana; font-size: xx-small;\">La Global Entrepreneurship Week est\u00e1 respaldada por gobiernos y emprendedores de todo el mundo que se han unido a la iniciativa para fomentar los valores de la cultura emprendedora. El primer ministro brit\u00e1nico David Cameron, el presidente de EEUU Barack Obama, Sir Richard Branson, Michael Dell y otras muchas personalidades han prestado su apoyo a esta causa.<\/span><\/p>\n<p>Como anfitri\u00f3n, Endeavor Argentina se encarga de coordinar las actividades, comunic\u00e1ndolas a trav\u00e9s de herramientas facilitadas para el desarrollo del proyecto, desde redes sociales, env\u00edo de mailing masivos y de aliados estrat\u00e9gicos. Ser partner implica sumar el logo de la GEW, compartir con nosotros las m\u00e9tricas de tu evento (objetivos, cantidad de participantes, organizaciones partners, etc)<\/p>\n<p>Global Entrepreneurship Week es una plataforma que se expande para la conexi\u00f3n y colaboraci\u00f3n, que ayuda a millones de personas dar rienda suelta a sus ideas y convertirlas en nuevas empresas que resuelvan desaf\u00edos mundiales fortaleciendo la estabilidad econ\u00f3mica en todo el mundo.<\/p>\n<p><span style=\"font-family: Verdana; font-size: xx-small;\">La iniciativa puesta en marcha en 2008 y ha crecido r\u00e1pidamente a m\u00e1s de 140 pa\u00edses con campa\u00f1as nacionales organizadas por una serie de organizaciones que llegan a un p\u00fablico nuevo, prueba metodolog\u00edas de intervenci\u00f3n y fortalece sus ecosistemas-dando impulso a la pr\u00f3xima generaci\u00f3n de emprendedores y d\u00e1ndoles el poder para hacer su marca en el mundo.<\/span><\/p>\n<p align=\"right\"><span style=\"font-size: small;\"><b><i><span style=\"font-family: Arial;\">Por otras im\u00e1genes, audios o entrevistas no dude en contactarse<\/span><\/i><\/b><\/span><\/p>\n<p align=\"center\"><span style=\"font-size: small;\"><b><i> Contactos de Prensa<\/i><\/b><\/span><\/p>\n<div align=\"left\">\n<table width=\"100%\" border=\"1\" cellpadding=\"2\" align=\"left\">\n<tbody>\n<tr>\n<td width=\"50%\">\n<p align=\"left\"><strong> <span style=\"color: #ff0000; font-family: Arial; font-size: small;\">Mayra Ibarra <\/span><\/strong> <span style=\"font-size: medium;\"><strong> <span style=\"color: #808080; font-family: Arial; font-size: small;\"> &#8211; Asistente de Cuentas<\/span><\/strong><\/span><\/p>\n<p><span style=\"font-size: xx-small;\"><span style=\"color: #ff0000;\"> Directo<\/span><b>: <\/b> 0230<\/span><span style=\"font-size: xx-small;\">-4664772<br \/>\n<\/span><span style=\"color: #ff0000; font-size: xx-small;\"> Skype:<\/span><span style=\"font-size: xx-small;\"> quasarcomunicacion<br \/>\n<\/span><span style=\"color: #ff0000; font-size: xx-small;\"> Twitter:<\/span><span style=\"font-size: xx-small;\"> @quasarpilar<br \/>\n<\/span><span style=\"color: #ff0000; font-size: xx-small;\"> Gr<\/span><span style=\"color: #ff0000; font-size: xx-small;\">upo y p\u00e1gina en Facebook: <\/span> <span style=\"color: #808080; font-size: xx-small;\">www.facebook.com\/<\/span><a href=\"mailto:mfipata@gmail.com\"><span style=\"font-size: xx-small;\">Quasar<\/span><\/a><span style=\"font-size: xx-small;\">Comunicacion<br \/>\n<\/span><span style=\"color: #ff0000; font-size: xx-small;\"> Web:<\/span><b><\/b> <a href=\"http:\/\/www.quasarcomunicacion.com.ar\/\"> <span style=\"font-size: xx-small;\">www.quasarcomunicacion.com.ar<\/span><\/a><\/p>\n<p align=\"left\"><span style=\"font-size: xx-small;\"> <span style=\"color: #ff0000;\">Mail<\/span><b>:<\/b><\/span><span style=\"font-size: xx-small;\"> <a href=\"mailto:fernanda@quasarcomunicacion.com.ar\"> quasar@quasarcomunicacion.com.ar<\/a><\/span><\/p>\n<\/td>\n<td width=\"50%\">\n<p align=\"right\"><span style=\"font-size: medium;\"><strong> <span style=\"color: #808080; font-family: Arial; font-size: small;\"> Lic. Mar\u00eda Fernanda Ipata &#8211; Directora<br \/>\n<\/span> <\/strong><\/span> <span style=\"font-size: xx-small;\"><span style=\"color: #ff0000;\"><br \/>\nDirecto<\/span><b>: <\/b> 0230<\/span><span style=\"font-size: xx-small;\">-4664772<\/span><span style=\"font-size: xx-small;\"><br \/>\n<\/span><span style=\"font-size: xx-small;\"> <span style=\"color: #ff0000;\">M\u00f3vil:<\/span><b> <\/b> 0230<\/span><span style=\"font-size: xx-small;\">-15-4584535<br \/>\n011-15-6096-4656 ID 558*3763<br \/>\n<\/span><span style=\"color: #ff0000; font-size: xx-small;\"> Skype:<\/span><span style=\"font-size: xx-small;\"> quasarcomunicacion<br \/>\n<\/span><span style=\"color: #ff0000; font-size: xx-small;\"> Twitter:<\/span><span style=\"font-size: xx-small;\"> @quasarpilar<br \/>\n<\/span><span style=\"color: #ff0000; font-size: xx-small;\"> Gr<\/span><span style=\"color: #ff0000; font-size: xx-small;\">upo y p\u00e1gina en Facebook: <\/span> <span style=\"color: #808080; font-size: xx-small;\">www.facebook.com\/<\/span><a href=\"mailto:mfipata@gmail.com\"><span style=\"font-size: xx-small;\">Quasar<\/span><\/a><span style=\"font-size: xx-small;\">Comunicacion<br \/>\n<\/span><span style=\"font-size: xx-small;\"> <span style=\"color: #ff0000;\">LinkedIn<\/span><b>:\u00a0 <\/b><\/span> <span style=\"font-size: xx-small;\"><b> <a href=\"http:\/\/www.linkedin.com\/in\/mfipata\"> http:\/\/www.linkedin.com\/in\/mfipata<\/a><\/b><\/span><span style=\"font-size: xx-small;\"><br \/>\n<\/span><span style=\"color: #ff0000; font-size: xx-small;\"> Web:<\/span><b><\/b> <a href=\"http:\/\/www.quasarcomunicacion.com.ar\/\"> <span style=\"font-size: xx-small;\">www.quasarcomunicacion.com.ar<\/span><\/a><span style=\"font-size: xx-small;\"><br \/>\n<\/span><span style=\"font-size: xx-small;\"> <span style=\"color: #ff0000;\">Mail<\/span><b>:<\/b><\/span><span style=\"font-size: xx-small;\"><a href=\"mailto:fernanda@quasarcomunicacion.com.ar\"> fernanda@quasarcomunicacion.com.ar<\/a><\/span><\/p>\n<\/td>\n<\/tr>\n<\/tbody>\n<\/table>\n<\/div>\n","protected":false},"excerpt":{"rendered":"<p>Por tercer a\u00f1o consecutivo se realizar\u00e1 en Pilar la SEMANA DEL EMPRENDEDOR PILARENSE, instituida por Ordenanza Municipal 504\/14 la tercera [&hellip;]<\/p>\n","protected":false},"author":2,"featured_media":7292,"comment_status":"open","ping_status":"open","sticky":false,"template":"","format":"standard","meta":[],"categories":[2],"tags":[],"_links":{"self":[{"href":"https:\/\/quasarcomunicacion.com.ar\/web\/wp-json\/wp\/v2\/posts\/7291"}],"collection":[{"href":"https:\/\/quasarcomunicacion.com.ar\/web\/wp-json\/wp\/v2\/posts"}],"about":[{"href":"https:\/\/quasarcomunicacion.com.ar\/web\/wp-json\/wp\/v2\/types\/post"}],"author":[{"embeddable":true,"href":"https:\/\/quasarcomunicacion.com.ar\/web\/wp-json\/wp\/v2\/users\/2"}],"replies":[{"embeddable":true,"href":"https:\/\/quasarcomunicacion.com.ar\/web\/wp-json\/wp\/v2\/comments?post=7291"}],"version-history":[{"count":0,"href":"https:\/\/quasarcomunicacion.com.ar\/web\/wp-json\/wp\/v2\/posts\/7291\/revisions"}],"wp:featuredmedia":[{"embeddable":true,"href":"https:\/\/quasarcomunicacion.com.ar\/web\/wp-json\/wp\/v2\/media\/7292"}],"wp:attachment":[{"href":"https:\/\/quasarcomunicacion.com.ar\/web\/wp-json\/wp\/v2\/media?parent=7291"}],"wp:term":[{"taxonomy":"category","embeddable":true,"href":"https:\/\/quasarcomunicacion.com.ar\/web\/wp-json\/wp\/v2\/categories?post=7291"},{"taxonomy":"post_tag","embeddable":true,"href":"https:\/\/quasarcomunicacion.com.ar\/web\/wp-json\/wp\/v2\/tags?post=7291"}],"curies":[{"name":"wp","href":"https:\/\/api.w.org\/{rel}","templated":true}]}}