{"id":7276,"date":"2016-10-11T14:56:09","date_gmt":"2016-10-11T17:56:09","guid":{"rendered":"https:\/\/quasarcomunicacion.com.ar\/web\/?p=7276"},"modified":"2016-10-11T14:56:09","modified_gmt":"2016-10-11T17:56:09","slug":"taller-gratuito-de-danzas-folkloricas-y-expresion-corporal-en-el-instituto-chopin","status":"publish","type":"post","link":"https:\/\/quasarcomunicacion.com.ar\/web\/taller-gratuito-de-danzas-folkloricas-y-expresion-corporal-en-el-instituto-chopin\/","title":{"rendered":"Taller gratuito de Danzas Folkl\u00f3ricas y Expresi\u00f3n Corporal en el Instituto Chopin"},"content":{"rendered":"<p style=\"text-align: left;\" align=\"center\">\u00a0<span style=\"font-family: Verdana; font-size: small;\">Los d\u00edas mi\u00e9rcoles 19 y 26 de octubre y 2 de noviembre, se estar\u00e1 dictando un <b>Taller de Danzas Folkl\u00f3ricas y Expresi\u00f3n Corporal <\/b>en el <b>Instituto Chopin<\/b> (Julio A. Roca 226, entre 9 de Julio y Sanguinetti, Pilar). El mismo, abierto a la comunidad a partir de los 16 a\u00f1os, es totalmente gratuito y requiere de inscripci\u00f3n previa, enviando un mail a institutochopin@hotmail.com. Para m\u00e1s informaci\u00f3n llamar al 0230-4432957| 0230-4375273| 011-15-37349414| Radio 737*5854 o escribir a info@institutochopin.edu.ar. M\u00e1s info en <a href=\"http:\/\/www.institutochopin.edu.ar\/\">www.institutochopin.edu.ar<!--more--><\/a><\/span><\/p>\n<p><img loading=\"lazy\" class=\"aligncenter\" alt=\"\" src=\"http:\/\/www.quasarcomunicacion.com.ar\/chopin\/expresion.gif\" width=\"550\" height=\"293\" \/><\/p>\n<p><span style=\"font-family: Verdana; font-size: small;\">El taller, que se impartir\u00e1 de 18 a 20 hs, estar\u00e1 a cargo de la Lic. Victoria Matta. <\/span><\/p>\n<p><span style=\"font-family: Verdana; font-size: small;\">El Taller de Danzas Folkl\u00f3ricas y Expresi\u00f3n Corporal utilizar\u00e1 la danza como herramienta de transformaci\u00f3n, y brindar\u00e1 diversas herramientas introductorias para: <\/span><\/p>\n<p><span style=\"font-family: Verdana; font-size: small;\">\u2022 Promover la disponibilidad corporal<br \/>\n\u2022 Fomentar el v\u00ednculo intra e interpersonal<br \/>\n\u2022 Afianzar la identidad nacional<br \/>\n\u2022 Acompa\u00f1ar el desarrollo creativo y el trabajo grupal <\/span><\/p>\n<p><span style=\"font-family: Verdana; font-size: small;\">No obstante, el <b>Instituto Chopin <\/b> presenta un abanico de carreras orientadas a lo art\u00edstico y enfocadas en la docencia. Dentro de \u00e9stas se encuentra el Profesorado de Danzas Folkl\u00f3ricas y el Profesorado de Expresi\u00f3n Corporal.<br \/>\nEn primer lugar, el Profesorado de Danzas Folkl\u00f3ricas, fue una nueva propuesta de la direcci\u00f3n provincial de educaci\u00f3n art\u00edstica, estableciendo una carrera docente que revaloriza la tradici\u00f3n, el saber popular, los valores patrios y el sentido de pertenencia nacional.<\/span><\/p>\n<p><span style=\"font-family: Verdana; font-size: small;\">La misma tiene una duraci\u00f3n de 5 a\u00f1os (incluyendo un a\u00f1o de formaci\u00f3n b\u00e1sica), y su cursada tiene lugar 3 d\u00edas a la semana de 18 a 22 hs.<\/span><\/p>\n<p><span style=\"font-family: Verdana; font-size: small;\">Por otro lado, el Profesorado de Expresi\u00f3n Corporal utiliza el cuerpo como herramienta de transmisi\u00f3n y comunicaci\u00f3n. Al igual que el Profesorado de Danzas Folkl\u00f3ricas, \u00e9ste tiene una duraci\u00f3n de 5 a\u00f1os, incluyendo un a\u00f1o de formaci\u00f3n b\u00e1sica. Se cursa 3 veces por semana de 18 a 22 hs. <\/span><\/p>\n<p><span style=\"font-family: Verdana; font-size: small;\">Las carreras dictadas en el <b>Instituto Chopin<\/b> ofrece excelentes perspectivas de inserci\u00f3n laboral en todos los niveles del sistema educativo oficial.<\/span><\/p>\n<p><span style=\"font-family: Verdana; font-size: small;\">El instituto de ense\u00f1anza est\u00e1 encuadrado dentro de la Direcci\u00f3n Provincial de Educaci\u00f3n de Gesti\u00f3n Privada y en la Direcci\u00f3n Provincial de Educaci\u00f3n Art\u00edstica.<br \/>\nDIPREGEP N\u00ba 7533.<\/span><\/p>\n<p><span style=\"font-family: Verdana; font-size: small;\">Para conocer m\u00e1s acerca del <b>Instituto Chopin<\/b>, dirigirse a su p\u00e1gina en Facebook: <a href=\"https:\/\/www.facebook.com\/Institutosuperiorchopin\"> https:\/\/www.facebook.com\/Institutosuperiorchopin<\/a> o a su web <a href=\"http:\/\/www.institutochopin.edu.ar\/\">www.institutochopin.edu.ar<\/a>\u00a0 <\/span><\/p>\n<p><b><i> Por otras im\u00e1genes, audios o entrevistas no dude en contactarse<\/i><\/b><\/p>\n<p align=\"center\">Acceso a toda la informaci\u00f3n ingresando en \u00a0<b><i><br \/>\n<a href=\"http:\/\/www.quasarcomunicacion.com.ar\/chopin\"> www.quasarcomunicacion.com.ar\/chopin<\/a> <\/i><\/b><\/p>\n<p align=\"center\"><span style=\"font-size: small;\"><b><i> Contactos de Prensa<\/i><\/b><\/span><\/p>\n<div align=\"left\">\n<table width=\"100%\" border=\"1\" cellpadding=\"2\" align=\"left\">\n<tbody>\n<tr>\n<td width=\"50%\">\n<p align=\"left\"><strong> <span style=\"color: #ff0000; font-family: Arial; font-size: small;\">Mayra Ibarra<\/span><\/strong><span style=\"font-size: medium;\"><strong><span style=\"color: #808080; font-family: Arial; font-size: small;\"> &#8211; Asistente de Cuentas<\/span><\/strong><\/span><\/p>\n<p><span style=\"font-size: xx-small;\"><span style=\"color: #ff0000;\"> Directo<\/span><b>: <\/b> 0230<\/span><span style=\"font-size: xx-small;\">-4664772<br \/>\n<\/span><span style=\"color: #ff0000; font-size: xx-small;\"> Skype:<\/span><span style=\"font-size: xx-small;\"> quasarcomunicacion<br \/>\n<\/span><span style=\"color: #ff0000; font-size: xx-small;\"> Twitter:<\/span><span style=\"font-size: xx-small;\"> @quasarpilar<br \/>\n<\/span><span style=\"color: #ff0000; font-size: xx-small;\"> Gr<\/span><span style=\"color: #ff0000; font-size: xx-small;\">upo y p\u00e1gina en Facebook: <\/span> <span style=\"color: #808080; font-size: xx-small;\">www.facebook.com\/<\/span><a href=\"mailto:mfipata@gmail.com\"><span style=\"font-size: xx-small;\">Quasar<\/span><\/a><span style=\"font-size: xx-small;\">Comunicacion<br \/>\n<\/span><span style=\"color: #ff0000; font-size: xx-small;\"> Web:<\/span><b><\/b> <a href=\"http:\/\/www.quasarcomunicacion.com.ar\/\"> <span style=\"font-size: xx-small;\">www.quasarcomunicacion.com.ar<\/span><\/a><\/p>\n<p align=\"left\"><span style=\"font-size: xx-small;\"> <span style=\"color: #ff0000;\">Mail<\/span><b>:<\/b><\/span><span style=\"font-size: xx-small;\"> <a href=\"mailto:fernanda@quasarcomunicacion.com.ar\"> quasar@quasarcomunicacion.com.ar<\/a><\/span><\/p>\n<\/td>\n<td width=\"50%\">\n<p align=\"right\"><span style=\"font-size: medium;\"><strong> <span style=\"color: #808080; font-family: Arial; font-size: small;\"> Lic. Mar\u00eda Fernanda Ipata &#8211; Directora<br \/>\n<\/span> <\/strong><\/span> <span style=\"font-size: xx-small;\"><span style=\"color: #ff0000;\"><br \/>\nDirecto<\/span><b>: <\/b> 0230<\/span><span style=\"font-size: xx-small;\">-4664772<\/span><span style=\"font-size: xx-small;\"><br \/>\n<\/span><span style=\"font-size: xx-small;\"> <span style=\"color: #ff0000;\">M\u00f3vil:<\/span><b> <\/b> 0230<\/span><span style=\"font-size: xx-small;\">-15-4584535<br \/>\n011-15-6096-4656 ID 558*3763<br \/>\n<\/span><span style=\"color: #ff0000; font-size: xx-small;\"> Skype:<\/span><span style=\"font-size: xx-small;\"> quasarcomunicacion<br \/>\n<\/span><span style=\"color: #ff0000; font-size: xx-small;\"> Twitter:<\/span><span style=\"font-size: xx-small;\"> @quasarpilar<br \/>\n<\/span><span style=\"color: #ff0000; font-size: xx-small;\"> Gr<\/span><span style=\"color: #ff0000; font-size: xx-small;\">upo y p\u00e1gina en Facebook: <\/span> <span style=\"color: #808080; font-size: xx-small;\">www.facebook.com\/<\/span><a href=\"mailto:mfipata@gmail.com\"><span style=\"font-size: xx-small;\">Quasar<\/span><\/a><span style=\"font-size: xx-small;\">Comunicacion<br \/>\n<\/span><span style=\"font-size: xx-small;\"> <span style=\"color: #ff0000;\">LinkedIn<\/span><b>:\u00a0 <\/b><\/span> <span style=\"font-size: xx-small;\"><b> <a href=\"http:\/\/www.linkedin.com\/in\/mfipata\"> http:\/\/www.linkedin.com\/in\/mfipata<\/a><\/b><\/span><span style=\"font-size: xx-small;\"><br \/>\n<\/span><span style=\"color: #ff0000; font-size: xx-small;\"> Web:<\/span><b><\/b> <a href=\"http:\/\/www.quasarcomunicacion.com.ar\/\"> <span style=\"font-size: xx-small;\">www.quasarcomunicacion.com.ar<\/span><\/a><span style=\"font-size: xx-small;\"><br \/>\n<\/span><span style=\"font-size: xx-small;\"> <span style=\"color: #ff0000;\">Mail<\/span><b>:<\/b><\/span><span style=\"font-size: xx-small;\"><a href=\"mailto:fernanda@quasarcomunicacion.com.ar\"> fernanda@quasarcomunicacion.com.ar<\/a><\/span><\/p>\n<\/td>\n<\/tr>\n<\/tbody>\n<\/table>\n<\/div>\n","protected":false},"excerpt":{"rendered":"<p>\u00a0Los d\u00edas mi\u00e9rcoles 19 y 26 de octubre y 2 de noviembre, se estar\u00e1 dictando un Taller de Danzas Folkl\u00f3ricas [&hellip;]<\/p>\n","protected":false},"author":2,"featured_media":0,"comment_status":"open","ping_status":"open","sticky":false,"template":"","format":"standard","meta":[],"categories":[2],"tags":[],"_links":{"self":[{"href":"https:\/\/quasarcomunicacion.com.ar\/web\/wp-json\/wp\/v2\/posts\/7276"}],"collection":[{"href":"https:\/\/quasarcomunicacion.com.ar\/web\/wp-json\/wp\/v2\/posts"}],"about":[{"href":"https:\/\/quasarcomunicacion.com.ar\/web\/wp-json\/wp\/v2\/types\/post"}],"author":[{"embeddable":true,"href":"https:\/\/quasarcomunicacion.com.ar\/web\/wp-json\/wp\/v2\/users\/2"}],"replies":[{"embeddable":true,"href":"https:\/\/quasarcomunicacion.com.ar\/web\/wp-json\/wp\/v2\/comments?post=7276"}],"version-history":[{"count":0,"href":"https:\/\/quasarcomunicacion.com.ar\/web\/wp-json\/wp\/v2\/posts\/7276\/revisions"}],"wp:attachment":[{"href":"https:\/\/quasarcomunicacion.com.ar\/web\/wp-json\/wp\/v2\/media?parent=7276"}],"wp:term":[{"taxonomy":"category","embeddable":true,"href":"https:\/\/quasarcomunicacion.com.ar\/web\/wp-json\/wp\/v2\/categories?post=7276"},{"taxonomy":"post_tag","embeddable":true,"href":"https:\/\/quasarcomunicacion.com.ar\/web\/wp-json\/wp\/v2\/tags?post=7276"}],"curies":[{"name":"wp","href":"https:\/\/api.w.org\/{rel}","templated":true}]}}