{"id":7273,"date":"2016-10-07T13:29:26","date_gmt":"2016-10-07T16:29:26","guid":{"rendered":"https:\/\/quasarcomunicacion.com.ar\/web\/?p=7273"},"modified":"2016-10-07T13:29:26","modified_gmt":"2016-10-07T16:29:26","slug":"nueva-fecha-el-sabado-1510-compra-los-regalos-para-mama-a-los-emprendedores-de-la-zona","status":"publish","type":"post","link":"https:\/\/quasarcomunicacion.com.ar\/web\/nueva-fecha-el-sabado-1510-compra-los-regalos-para-mama-a-los-emprendedores-de-la-zona\/","title":{"rendered":"NUEVA FECHA: el s\u00e1bado 15\/10 compr\u00e1 los regalos para mam\u00e1 a los emprendedores de la zona"},"content":{"rendered":"<p style=\"text-align: left;\" align=\"center\"><i>\u00a0<\/i><span style=\"font-size: small;\">Debido al mal tiempo la<\/span><b> EDICI\u00d3N D\u00cdA DE LA MADRE <\/b>de <b>PILAR DE FERIA\u00a0<\/b>se pospuso para el s\u00e1bado 15 de octubre de 13 a 18 hs. Como siempre, con entrada libre y gratuita la feria de artesanos y emprendedores se lleva adelante en <b> La F\u00e1brica Centro Cultural y Predio Ferial<\/b> (<a href=\"http:\/\/www.pilardeferia.com.ar\/donde.htm\">Ambrosetti 633, Bo La Esmeralda, altura Km 50 de ruta y Ramal Pilar ruta Panamericana) ubicada a tres cuadras de Jumbo Pilar<\/a>. Se solicita colaborar con leche y galletitas para la <b>Fundaci\u00f3n Pibes<\/b> que repartir\u00e1 lo recaudado en merenderos de la zona y con carteras, clalinas, bijou en desuso para las madres de bajos recursos.<!--more--><\/p>\n<p><a href=\"https:\/\/quasarcomunicacion.com.ar\/web\/wp-content\/uploads\/2016\/09\/feriaagosto.gif\"><img class=\"aligncenter\" alt=\"feriaagosto\" src=\"https:\/\/quasarcomunicacion.com.ar\/web\/wp-content\/uploads\/2016\/09\/feriaagosto.gif\" \/><\/a><\/p>\n<p>Un paseo ideal para disfrutar en familia, donde encontrar\u00e1n las mejores opciones para regalarle a mam\u00e1 a muy buenos precios, compr\u00e1ndole directamente al emprendedor, sin intermediarios.<\/p>\n<p>En caso de mal tiempo, se pospone para el s\u00e1bado siguiente.<\/p>\n<p>Adem\u00e1s, un sal\u00f3n <b>Estilo Vintage<\/b> (con muy buenas opciones de usados) y un <b>PASEO DE LOS PRODUCTORES<\/b> donde los visitantes encontrar\u00e1n frutas, verduras, legumbres, flores, plantas, muebles de jard\u00edn, macetas, adornos para exterior, etc).<\/p>\n<p><span style=\"font-size: small;\"> Y en el ingreso al predio, <\/span> el imperdible espacio gastron\u00f3mico con los mejores Food Trucks, stands y los productos del barcito de\u00a0<a href=\"https:\/\/www.facebook.com\/lafabricademipapa\/\" data-hovercard=\"\/ajax\/hovercard\/page.php?id=595589927213175&amp;extragetparams=%7B%22directed_target_id%22%3A1767763600174789%7D\">La Fabrica<\/a>.<\/p>\n<p>La feria cuenta con un cat\u00e1logo de emprendedores y una cuponera de descuentos con promociones imperdibles. Se puede acceder a esta informaci\u00f3n ingresando en <a href=\"http:\/\/www.facebook.com\/pilardeferia\"> www.facebook.com\/pilardeferia<\/a><\/p>\n<p>Durante toda la tarde habr\u00e1 actividades para toda la familia. Inflables para los m\u00e1s chicos gracias al aporte de <b>Eventos AyC<\/b> y los personajes preferidos de los m\u00e1s peque\u00f1os para sacarse fotos.<\/p>\n<p>A las 16 hs los <b>Autores Locales de Pilar <\/b>presentar\u00e1n sus libros, y durante toda la tarde estar\u00e1n leyendo cuentos infantiles y vendiendo sus ejemplares en el Sal\u00f3n Abrazos Sanadores. En esta ocasi\u00f3n se presentar\u00e1n los libros: Gaviotas a lo lejos del escritor local Abel Gustavo Maciel y el libro de poes\u00edas: Inventar un Viento del escritor local V\u00edctor Koprivsek.<\/p>\n<p>A las 17 hs ser\u00e1 el momento en que la <b>Fundaci\u00f3n Falun Dafa en Argentina<\/b> ense\u00f1ar\u00e1 ejercicios de qigong y meditaci\u00f3n a los visitantes.<\/p>\n<p><span style=\"font-size: small;\">Y durante toda la tarde los m\u00e1s peque\u00f1os podr\u00e1n pintar en el espacio de Cuadritos Siguiax.<\/span><\/p>\n<p>En esta edici\u00f3n habr\u00e1 sorteos a cada hora para que el p\u00fablico visitante se lleve regalos de la feria. Deber\u00e1n completar el cup\u00f3n en el stand de <b>J\u00f3venes Solidarios<\/b> y estar atentos a los sorteos. Tambi\u00e9n los expositores podr\u00e1n disfrutar de muchos premios.<\/p>\n<p><span style=\"font-size: small;\">Durante la feria, los voluntarios de<b> Fundaci\u00f3n Pibes<\/b> junto al <b>Merendero Chicos Felices<\/b> recibir\u00e1n leche y galletitas. Adem\u00e1s, se recepcionar\u00e1n carteras en desuso para ser regaladas para el d\u00eda de la Madre a mujeres de bajos recursos.<\/span><\/p>\n<p>Durante toda la tarde, los voluntarios de <b>Perros del Alma<\/b> estar\u00e1n concientizando sobre la importancia de la adopci\u00f3n y vender\u00e1n productos de cer\u00e1mica para financiar su funcionamiento. Se trata de una ONG sin fines de lucro, llamada \u201cRed de Protecci\u00f3n Animal Perros del Alma\u201d que actualmente tienen 250 perros que han rescatado de la calle en situaci\u00f3n de salud cr\u00edtica y\/o maltrato. Los que ya est\u00e1n recuperados est\u00e1n en adopci\u00f3n. Todos est\u00e1n vacunados, desparasitados y castrados. El objetivo de la instituci\u00f3n es poder encontrar un hogar para cada uno de los perros recuperados, darlos en adopci\u00f3n y poder seguir rescatando m\u00e1s perros abandonados en la calle o rescatados de maltrato. Adem\u00e1s, buscan formar conciencia en la sociedad sobre el respeto a la vida y el bienestar de los animales, la importancia de la esterilizaci\u00f3n como \u00fanico medio de control poblacional, la vacunaci\u00f3n, la adopci\u00f3n en lugar de comprar.<\/p>\n<p>Tambi\u00e9n estar\u00e1n los voluntarios de Amor de Perro ofreciendo mascotas en adopci\u00f3n y vendiendo cosas donadas para recaudar fondos.<\/p>\n<p><span style=\"font-size: small;\">\u00a0<\/span><b>Pilar de Feria \u201cLa F\u00e1brica<\/b><span style=\"font-family: Verdana;\">\u201d tendr\u00e1 lugar en este centro cultural y predio ferial ubicado en Km 50 con f\u00e1cil acceso desde Panamericana Ramal Pilar y desde Ruta 8, a tres cuadras de Jum<\/span>bo Pilar con f\u00e1cil acceso en auto o transporte p\u00fablico.<\/p>\n<p><b> C\u00d3MO LLEGAR<\/b><\/p>\n<p>&nbsp;<\/p>\n<p>En auto desde Capital Federal o desde Pilar se accede desde la altura Km 50 de ramal Pilar de la ruta Panamericana (bajada Palmas del Pilar \/ Jumbo \/ Villages Pilar). Tomar el puente hacia el lado de Palmas del Pilar \/ Hotel Ibis. Sobre la calle Las Magnolias, tomar la primera calle a la derecha (cartel de ingreso a Barrio La Esmeralda \u2013 como referencia est\u00e1 la concesionaria Mercedes Benz Las Mercedes), tres cuadras sobre esa calle y media a la izquierda<\/p>\n<p>O altura km 50 de ruta 8, tomar la calle del destacamento policial y de all\u00ed son tres cuadras sobre Ambrosetti (en la esquina de ruta 8 est\u00e1 Remises Next)<\/p>\n<p>EN COLECTIVO (algunas de las l\u00edneas que te dejan a pocas cuadras):<\/p>\n<p>L\u00ednea 57 (Express, Servicio Com\u00fan por Autopista o Ruta 8) bajada Km 50<\/p>\n<p>501 por autopista (parada k 50)<\/p>\n<p>203 (por autopista o por ruta 8)<\/p>\n<p>271 (por ruta 8, bajada Km 50)<\/p>\n<p>520 a Derqui (parada Km 50)<\/p>\n<p>176 por ruta 8 Parada Km 50<\/p>\n<p><a href=\"http:\/\/www.pilardeferia.com.ar\/donde.htm\"> www.pilardeferia.com.ar\/donde.htm<\/a><\/p>\n<p><span style=\"font-size: small;\"> Acerca de Pilar de Feria<\/span><\/p>\n<p><span style=\"font-size: xx-small;\">Esta es una nueva edici\u00f3n de<b> Pilar de Feria<\/b> (mir\u00e1 todas las ediciones en <\/span> <a href=\"http:\/\/www.pilardeferia.com.ar\/ediciones.htm\"> <span style=\"font-size: xx-small;\">http:\/\/www.pilardeferia.com.ar\/ediciones.htm<\/span><\/a><span style=\"font-size: xx-small;\">). El equipo de <b>Pilar de Feria <\/b>viene organizando este tipo de eventos desde 2011 cuando realizaron<b> Pilar de Feria Navidad<\/b>, luego la edici\u00f3n Verano en 2012. M\u00e1s tarde dos ediciones en Pilar Point (\u201cDe Shopping\u201d y \u201cArtesan\u00edas, Arte y Dise\u00f1o D\u00eda de la Madre\u201d) para terminar el 2012 con la Edici\u00f3n Navidad. En 2015 realizaron la edici\u00f3n \u201cEmprendedores\u201d y \u201cShowroom\u201d en Galer\u00eda Site Zen. En marzo se realiz\u00f3 la primera feria en La F\u00e1brica, continuando el segundo s\u00e1bado de cada mes con la propuesta.<\/span><\/p>\n<p><b> <span style=\"font-size: xx-small;\">Pilar de Feria<\/span><\/b><span style=\"font-size: xx-small;\"> es un evento peri\u00f3dico y tem\u00e1tico\u00a0 posee diversos t\u00f3picos. La entrada siempre es libre y gratuita para todo el p\u00fablico y el objetivo es darle a los emprendedores un lugar para la exhibici\u00f3n y venta de sus productos. Por Ordenanza 328\/12, <b> Pilar de Feria<\/b> fue declarada de Inter\u00e9s Municipal.<\/span><\/p>\n<p><span style=\"font-size: xx-small;\">Como signo distintivo, a la muestra de productos y servicios se le agregan eventos y herramientas que se le otorgan a los emprendedores como valor agregado para convertirse en una excelente herramienta de marketing, difusi\u00f3n y venta. Adem\u00e1s, de un recomendable paseo en familia. <\/span><\/p>\n<p><span style=\"font-size: xx-small;\">Los emprendedores, adem\u00e1s del apoyo en la difusi\u00f3n de su actividad reciben capacitaci\u00f3n, tips y consejos brindados por expertos en la materia<\/span><\/p>\n<p><span style=\"font-size: small;\"><b><i><span style=\"font-family: Arial;\">Por otras im\u00e1genes, audios o entrevistas no dude en contactarse<\/span><\/i><\/b><\/span><\/p>\n<p align=\"center\"><span style=\"font-size: small;\"><b><i> Contactos de Prensa<\/i><\/b><\/span><\/p>\n<div align=\"left\">\n<table width=\"100%\" border=\"1\" cellpadding=\"2\" align=\"left\">\n<tbody>\n<tr>\n<td align=\"center\" width=\"50%\">\n<p align=\"left\"><span style=\"font-size: medium;\"><strong><span style=\"color: #808080; font-family: Arial; font-size: small;\"> Mayra Ibarra &#8211; Asistente de Cuentas<\/p>\n<p><\/span> <\/strong><\/span> <span style=\"font-size: xx-small;\"><span style=\"color: #ff0000;\"> Directo<\/span><b>: <\/b> 0230<\/span><span style=\"font-size: xx-small;\">-4664772<br \/>\n<\/span><span style=\"color: #ff0000; font-size: xx-small;\"> Skype:<\/span><span style=\"font-size: xx-small;\"> quasarcomunicacion<br \/>\n<\/span><span style=\"color: #ff0000; font-size: xx-small;\"> Twitter:<\/span><span style=\"font-size: xx-small;\"> @quasarpilar<br \/>\n<\/span><span style=\"color: #ff0000; font-size: xx-small;\"> Gr<\/span><span style=\"color: #ff0000; font-size: xx-small;\">upo y p\u00e1gina en Facebook: <\/span> <span style=\"color: #808080; font-size: xx-small;\">www.facebook.com\/<\/span><a href=\"mailto:mfipata@gmail.com\"><span style=\"font-size: xx-small;\">Quasar<\/span><\/a><span style=\"font-size: xx-small;\">Comunicacion<br \/>\n<\/span><span style=\"color: #ff0000; font-size: xx-small;\"> Web:<\/span><b><\/b> <a href=\"http:\/\/www.quasarcomunicacion.com.ar\/\"> <span style=\"font-size: xx-small;\">www.quasarcomunicacion.com.ar<\/span><\/a><\/p>\n<p align=\"left\"><span style=\"font-size: xx-small;\"> <span style=\"color: #ff0000;\">Mail<\/span><b>:<\/b><\/span><span style=\"font-size: xx-small;\"> <a href=\"mailto:fernanda@quasarcomunicacion.com.ar\"> quasar<\/a><a href=\"mailto:fernanda@quasarcomunicacion.com.ar\">@quasarcomunicacion.com.ar<\/a><\/span><\/p>\n<\/td>\n<td align=\"center\" width=\"50%\">\n<p align=\"right\"><span style=\"font-size: medium;\"><strong> <span style=\"color: #808080; font-family: Arial; font-size: small;\"> Lic. Mar\u00eda Fernanda Ipata &#8211; Directora<br \/>\n<\/span> <\/strong><\/span> <span style=\"font-size: xx-small;\"><span style=\"color: #ff0000;\"><br \/>\nDirecto<\/span><b>: <\/b> 0230<\/span><span style=\"font-size: xx-small;\">-4664772<\/span><span style=\"font-size: xx-small;\"><br \/>\n<\/span><span style=\"font-size: xx-small;\"> <span style=\"color: #ff0000;\">M\u00f3vil:<\/span><b> <\/b> 0230<\/span><span style=\"font-size: xx-small;\">-15-4584535<br \/>\n011-15-6096-4656 ID 558*3763<br \/>\n<\/span><span style=\"color: #ff0000; font-size: xx-small;\"> Skype:<\/span><span style=\"font-size: xx-small;\"> quasarcomunicacion<br \/>\n<\/span><span style=\"color: #ff0000; font-size: xx-small;\"> Twitter:<\/span><span style=\"font-size: xx-small;\"> @quasarpilar<br \/>\n<\/span><span style=\"color: #ff0000; font-size: xx-small;\"> Gr<\/span><span style=\"color: #ff0000; font-size: xx-small;\">upo y p\u00e1gina en Facebook: <\/span> <span style=\"color: #808080; font-size: xx-small;\">www.facebook.com\/<\/span><a href=\"mailto:mfipata@gmail.com\"><span style=\"font-size: xx-small;\">Quasar<\/span><\/a><span style=\"font-size: xx-small;\">Comunicacion<br \/>\n<\/span><span style=\"font-size: xx-small;\"> <span style=\"color: #ff0000;\">LinkedIn<\/span><b>:\u00a0 <\/b><\/span> <span style=\"font-size: xx-small;\"><b> <a href=\"http:\/\/www.linkedin.com\/in\/mfipata\"> http:\/\/www.linkedin.com\/in\/mfipata<\/a><\/b><\/span><span style=\"font-size: xx-small;\"><br \/>\n<\/span><span style=\"color: #ff0000; font-size: xx-small;\"> Web:<\/span><b><\/b> <a href=\"http:\/\/www.quasarcomunicacion.com.ar\/\"> <span style=\"font-size: xx-small;\">www.quasarcomunicacion.com.ar<\/span><\/a><span style=\"font-size: xx-small;\"><br \/>\n<\/span><span style=\"font-size: xx-small;\"> <span style=\"color: #ff0000;\">Mail<\/span><b>:<\/b><\/span><span style=\"font-size: xx-small;\"><a href=\"mailto:fernanda@quasarcomunicacion.com.ar\"> fernanda@quasarcomunicacion.com.ar<\/a><\/span><\/p>\n<\/td>\n<\/tr>\n<\/tbody>\n<\/table>\n<\/div>\n","protected":false},"excerpt":{"rendered":"<p>\u00a0Debido al mal tiempo la EDICI\u00d3N D\u00cdA DE LA MADRE de PILAR DE FERIA\u00a0se pospuso para el s\u00e1bado 15 de [&hellip;]<\/p>\n","protected":false},"author":2,"featured_media":7229,"comment_status":"open","ping_status":"open","sticky":false,"template":"","format":"standard","meta":[],"categories":[2],"tags":[],"_links":{"self":[{"href":"https:\/\/quasarcomunicacion.com.ar\/web\/wp-json\/wp\/v2\/posts\/7273"}],"collection":[{"href":"https:\/\/quasarcomunicacion.com.ar\/web\/wp-json\/wp\/v2\/posts"}],"about":[{"href":"https:\/\/quasarcomunicacion.com.ar\/web\/wp-json\/wp\/v2\/types\/post"}],"author":[{"embeddable":true,"href":"https:\/\/quasarcomunicacion.com.ar\/web\/wp-json\/wp\/v2\/users\/2"}],"replies":[{"embeddable":true,"href":"https:\/\/quasarcomunicacion.com.ar\/web\/wp-json\/wp\/v2\/comments?post=7273"}],"version-history":[{"count":0,"href":"https:\/\/quasarcomunicacion.com.ar\/web\/wp-json\/wp\/v2\/posts\/7273\/revisions"}],"wp:featuredmedia":[{"embeddable":true,"href":"https:\/\/quasarcomunicacion.com.ar\/web\/wp-json\/wp\/v2\/media\/7229"}],"wp:attachment":[{"href":"https:\/\/quasarcomunicacion.com.ar\/web\/wp-json\/wp\/v2\/media?parent=7273"}],"wp:term":[{"taxonomy":"category","embeddable":true,"href":"https:\/\/quasarcomunicacion.com.ar\/web\/wp-json\/wp\/v2\/categories?post=7273"},{"taxonomy":"post_tag","embeddable":true,"href":"https:\/\/quasarcomunicacion.com.ar\/web\/wp-json\/wp\/v2\/tags?post=7273"}],"curies":[{"name":"wp","href":"https:\/\/api.w.org\/{rel}","templated":true}]}}