{"id":7270,"date":"2016-10-06T16:47:44","date_gmt":"2016-10-06T19:47:44","guid":{"rendered":"https:\/\/quasarcomunicacion.com.ar\/web\/?p=7270"},"modified":"2016-10-06T16:47:44","modified_gmt":"2016-10-06T19:47:44","slug":"se-viene-el-io-congreso-internacional-de-mujeres-empresarias-organizado-por-gema","status":"publish","type":"post","link":"https:\/\/quasarcomunicacion.com.ar\/web\/se-viene-el-io-congreso-internacional-de-mujeres-empresarias-organizado-por-gema\/","title":{"rendered":"Se viene el I\u00ba Congreso Internacional de Mujeres Empresarias organizado por GEMA"},"content":{"rendered":"<p style=\"text-align: left;\" align=\"center\"><span style=\"font-family: Verdana; font-size: small;\">El <\/span><b style=\"font-family: Verdana; font-size: small;\">Grupo Empresarial de Mujeres Argentinas (GEMA)<\/b><span style=\"font-family: Verdana; font-size: small;\"> organiza el<\/span><b style=\"font-family: Verdana; font-size: small;\"> 1\u00b0 Congreso Internacional de Mujeres Empresarias 3.0<\/b><span style=\"font-family: Verdana; font-size: small;\"> bajo el lema <\/span><i style=\"font-family: Verdana; font-size: small;\"> \u201cUna Visi\u00f3n sin Fronteras\u201d <\/i><span style=\"font-family: Verdana; font-size: small;\">el pr\u00f3ximo 20 y 21 de octubre de 10 a 18 hs en el Centro Cultural de la Ciencia del Polo Cient\u00edfico y Tecnol\u00f3gico, Ministerio de Ciencia y Tecnolog\u00eda (Godoy Cruz 2370, C.A.B.A). Para m\u00e1s informaci\u00f3n: www.mujeres-gema.com.ar\/congreso o enviando un e-mail a <\/span><a style=\"font-family: Verdana; font-size: small;\" href=\"mailto:novedadesgema@gmail.com\"> novedadesgema@gmail.com<!--more--><\/a><\/p>\n<p><a href=\"https:\/\/quasarcomunicacion.com.ar\/web\/wp-content\/uploads\/2016\/10\/presentacion.gif\"><img class=\"aligncenter\" alt=\"presentacion\" src=\"https:\/\/quasarcomunicacion.com.ar\/web\/wp-content\/uploads\/2016\/10\/presentacion.gif\" \/><\/a><\/p>\n<p><span style=\"font-family: Verdana; font-size: small;\">El encuentro, con entrada libre y gratuita, convoca a l\u00edderes, Mujeres Empresarias y Emprendedoras, Instituciones, etc a compartir su \u201cMODELO DE EXITO\u201d con las futuras Lideres de Negocios.<\/span><\/p>\n<p><span style=\"font-family: Verdana; font-size: small;\">Declarado de INTER\u00c9S por la Legislatura de Buenos Aires y auspiciado por el Ministerio de Producci\u00f3n Nacional- SEPYME y el Banco Provincia Buenos Aires, el Congreso tomar\u00e1 como t\u00f3picos principales: el Rol de la mujer actual y su desarrollo a trav\u00e9s de alianzas estrat\u00e9gicas de emprendimientos y negocios, su expansi\u00f3n regional e internacional a trav\u00e9s de las redes que conectan al mundo, accediendo a programas de financiamiento p\u00fablico o privado en funci\u00f3n de la generaci\u00f3n de nuevos puestos de trabajo. El apalancamiento econ\u00f3mico de la Mujer como motor impulsor de las econom\u00edas y el desarrollo sustentable, y el acceso a los conocimientos y a las herramientas de la tecnolog\u00eda.<\/span><\/p>\n<p><span style=\"font-family: Verdana; font-size: small;\">Siendo de inter\u00e9s y prioridad la apertura hacia mercados exteriores de la Red de Negocios \/ Networking que viene desarrollando GEMA en todo el pa\u00eds es que se promueve a trav\u00e9s de este encuentro, una RED INTERNACIONAL, de formaci\u00f3n, crecimiento e intercambio comercial.<\/span><\/p>\n<p><span style=\"font-family: Verdana; font-size: small;\">Los objetivos principales del Congreso son:<\/span><\/p>\n<p><span style=\"font-family: Verdana; font-size: small;\">&#8211; Demostrar el impacto Social-Econ\u00f3mico de la Mujer como impulsora de la econom\u00eda en la \u201cGENERACION DE PUESTOS DE TRABAJO\u201d<br \/>\n&#8211; Desarrollar el Intercambio de experiencias y la concreci\u00f3n de Negocios Internacionales basados en la utilizaci\u00f3n de las \u201cREDES \u201cque Interconectan al Mundo.<br \/>\n&#8211; Promover el dictado de LEYES y\/o la creaci\u00f3n de Organismos de fomento y promoci\u00f3nde la actividad Empresarial de la Mujer<br \/>\n&#8211; Facilitar y Fomentar el acceso a la FINANCIACION, establecer Convenios con Organismos Financieros para que, a trav\u00e9s del acceso a cr\u00e9ditos, la Mujer inicie su carrera Empresarial o desarrolle su Emprendimiento actual<br \/>\n&#8211; Sostener en el tiempo las relaciones con el Mundo a trav\u00e9s de la firma de \u201cCONVENIOS DE COOPERACION INTERNACIONALES\u201d con otras Asociaciones de Mujeres Empresarias de diversos pa\u00edses.<\/span><\/p>\n<p><span style=\"font-family: Verdana; font-size: small;\">Se prev\u00e9 una concurrencia estimada de 500 participantes de Argentina y el exterior. <\/span><\/p>\n<p><span style=\"font-size: small;\"><b><i><span style=\"font-family: Arial;\">Por otras im\u00e1genes, audios o entrevistas no dude en contactarse<\/span><\/i><\/b><\/span><\/p>\n<p align=\"center\"><span style=\"font-size: small;\"><b><i> Contactos de Prensa<\/i><\/b><\/span><\/p>\n<div align=\"left\">\n<table width=\"100%\" border=\"1\" cellpadding=\"2\" align=\"left\">\n<tbody>\n<tr>\n<td align=\"center\" width=\"50%\">\n<p align=\"left\"><strong> <span style=\"color: #ff0000; font-family: Arial; font-size: small;\">Mayra Ibarra<\/span><\/strong><span style=\"font-size: medium;\"><strong><span style=\"color: #808080; font-family: Arial; font-size: small;\"> &#8211; Asistente de Cuentas<\/p>\n<p><\/span> <\/strong><\/span> <span style=\"font-size: xx-small;\"><span style=\"color: #ff0000;\"> Directo<\/span><b>: <\/b> 0230<\/span><span style=\"font-size: xx-small;\">-4664772<br \/>\n<\/span><span style=\"color: #ff0000; font-size: xx-small;\"> Skype:<\/span><span style=\"font-size: xx-small;\"> quasarcomunicacion<br \/>\n<\/span><span style=\"color: #ff0000; font-size: xx-small;\"> Twitter:<\/span><span style=\"font-size: xx-small;\"> @quasarpilar<br \/>\n<\/span><span style=\"color: #ff0000; font-size: xx-small;\"> Gr<\/span><span style=\"color: #ff0000; font-size: xx-small;\">upo y p\u00e1gina en Facebook: <\/span> <span style=\"color: #808080; font-size: xx-small;\">www.facebook.com\/<\/span><a href=\"mailto:mfipata@gmail.com\"><span style=\"font-size: xx-small;\">Quasar<\/span><\/a><span style=\"font-size: xx-small;\">Comunicacion<br \/>\n<\/span><span style=\"color: #ff0000; font-size: xx-small;\"> Web:<\/span><b><\/b> <a href=\"http:\/\/www.quasarcomunicacion.com.ar\/\"> <span style=\"font-size: xx-small;\">www.quasarcomunicacion.com.ar<\/span><\/a><\/p>\n<p align=\"left\"><span style=\"font-size: xx-small;\"> <span style=\"color: #ff0000;\">Mail<\/span><b>:<\/b><\/span><span style=\"font-size: xx-small;\"> <a href=\"mailto:fernanda@quasarcomunicacion.com.ar\"> quasar@quasarcomunicacion.com.ar<\/a><\/span><\/p>\n<\/td>\n<td align=\"center\" width=\"50%\">\n<p align=\"right\"><span style=\"font-size: medium;\"><strong> <span style=\"color: #808080; font-family: Arial; font-size: small;\"> Lic. Mar\u00eda Fernanda Ipata &#8211; Directora<br \/>\n<\/span> <\/strong><\/span> <span style=\"font-size: xx-small;\"><span style=\"color: #ff0000;\"><br \/>\nDirecto<\/span><b>: <\/b> 0230<\/span><span style=\"font-size: xx-small;\">-4664772<\/span><span style=\"font-size: xx-small;\"><br \/>\n<\/span><span style=\"font-size: xx-small;\"> <span style=\"color: #ff0000;\">M\u00f3vil:<\/span><b> <\/b> 0230<\/span><span style=\"font-size: xx-small;\">-15-4584535<br \/>\n011-15-6096-4656 ID 558*3763<br \/>\n<\/span><span style=\"color: #ff0000; font-size: xx-small;\"> Skype:<\/span><span style=\"font-size: xx-small;\"> quasarcomunicacion<br \/>\n<\/span><span style=\"color: #ff0000; font-size: xx-small;\"> Twitter:<\/span><span style=\"font-size: xx-small;\"> @quasarpilar<br \/>\n<\/span><span style=\"color: #ff0000; font-size: xx-small;\"> Gr<\/span><span style=\"color: #ff0000; font-size: xx-small;\">upo y p\u00e1gina en Facebook: <\/span> <span style=\"color: #808080; font-size: xx-small;\">www.facebook.com\/<\/span><a href=\"mailto:mfipata@gmail.com\"><span style=\"font-size: xx-small;\">Quasar<\/span><\/a><span style=\"font-size: xx-small;\">Comunicacion<br \/>\n<\/span><span style=\"font-size: xx-small;\"> <span style=\"color: #ff0000;\">LinkedIn<\/span><b>:\u00a0 <\/b><\/span> <span style=\"font-size: xx-small;\"><b> <a href=\"http:\/\/www.linkedin.com\/in\/mfipata\"> http:\/\/www.linkedin.com\/in\/mfipata<\/a><\/b><\/span><span style=\"font-size: xx-small;\"><br \/>\n<\/span><span style=\"color: #ff0000; font-size: xx-small;\"> Web:<\/span><b><\/b> <a href=\"http:\/\/www.quasarcomunicacion.com.ar\/\"> <span style=\"font-size: xx-small;\">www.quasarcomunicacion.com.ar<\/span><\/a><span style=\"font-size: xx-small;\"><br \/>\n<\/span><span style=\"font-size: xx-small;\"> <span style=\"color: #ff0000;\">Mail<\/span><b>:<\/b><\/span><span style=\"font-size: xx-small;\"><a href=\"mailto:fernanda@quasarcomunicacion.com.ar\"> fernanda@quasarcomunicacion.com.ar<\/a><\/span><\/p>\n<\/td>\n<\/tr>\n<\/tbody>\n<\/table>\n<\/div>\n","protected":false},"excerpt":{"rendered":"<p>El Grupo Empresarial de Mujeres Argentinas (GEMA) organiza el 1\u00b0 Congreso Internacional de Mujeres Empresarias 3.0 bajo el lema \u201cUna [&hellip;]<\/p>\n","protected":false},"author":2,"featured_media":7271,"comment_status":"open","ping_status":"open","sticky":false,"template":"","format":"standard","meta":[],"categories":[2],"tags":[],"_links":{"self":[{"href":"https:\/\/quasarcomunicacion.com.ar\/web\/wp-json\/wp\/v2\/posts\/7270"}],"collection":[{"href":"https:\/\/quasarcomunicacion.com.ar\/web\/wp-json\/wp\/v2\/posts"}],"about":[{"href":"https:\/\/quasarcomunicacion.com.ar\/web\/wp-json\/wp\/v2\/types\/post"}],"author":[{"embeddable":true,"href":"https:\/\/quasarcomunicacion.com.ar\/web\/wp-json\/wp\/v2\/users\/2"}],"replies":[{"embeddable":true,"href":"https:\/\/quasarcomunicacion.com.ar\/web\/wp-json\/wp\/v2\/comments?post=7270"}],"version-history":[{"count":0,"href":"https:\/\/quasarcomunicacion.com.ar\/web\/wp-json\/wp\/v2\/posts\/7270\/revisions"}],"wp:featuredmedia":[{"embeddable":true,"href":"https:\/\/quasarcomunicacion.com.ar\/web\/wp-json\/wp\/v2\/media\/7271"}],"wp:attachment":[{"href":"https:\/\/quasarcomunicacion.com.ar\/web\/wp-json\/wp\/v2\/media?parent=7270"}],"wp:term":[{"taxonomy":"category","embeddable":true,"href":"https:\/\/quasarcomunicacion.com.ar\/web\/wp-json\/wp\/v2\/categories?post=7270"},{"taxonomy":"post_tag","embeddable":true,"href":"https:\/\/quasarcomunicacion.com.ar\/web\/wp-json\/wp\/v2\/tags?post=7270"}],"curies":[{"name":"wp","href":"https:\/\/api.w.org\/{rel}","templated":true}]}}