{"id":7263,"date":"2016-10-04T18:06:35","date_gmt":"2016-10-04T21:06:35","guid":{"rendered":"https:\/\/quasarcomunicacion.com.ar\/web\/?p=7263"},"modified":"2016-10-04T18:06:35","modified_gmt":"2016-10-04T21:06:35","slug":"seminario-de-diseno-de-vidrieras-en-pilar","status":"publish","type":"post","link":"https:\/\/quasarcomunicacion.com.ar\/web\/seminario-de-diseno-de-vidrieras-en-pilar\/","title":{"rendered":"Seminario de dise\u00f1o de vidrieras en Pilar"},"content":{"rendered":"<p style=\"text-align: left;\" align=\"center\"><span style=\"font-family: Verdana; font-size: small;\">El s\u00e1bado 15 de octubre comenzar\u00e1 un <\/span><b style=\"font-family: Verdana; font-size: small;\">seminario de dise\u00f1o de vidrieras comerciales <\/b><span style=\"font-family: Verdana; font-size: small;\">que se dictar\u00e1 en <\/span><b style=\"font-family: Verdana; font-size: small;\">Pilar Point<\/b><span style=\"font-family: Verdana; font-size: small;\"> (Ruta 8 e Ituzaing\u00f3) los \u00faltimos tres s\u00e1bados de octubre, con el fin de preparar las vidrieras para Navidad. El seminario tiene un costo de $950 inscribi\u00e9ndose de forma anticipada, hasta el 10 de octubre. Los miembros de la Red de Emprendedores de Pilar y locatarios de Pilar Point obtendr\u00e1n 10% de descuento, al igual que los socios de la C\u00e1mara de Comercio de Del Viso y clientes de Pilar GPS. Se podr\u00e1 abonar al contado en las oficinas del centro de Pilar, dep\u00f3sito o transferencia bancaria o bien con tarjeta de cr\u00e9dito, Rapi Pago o Pago F\u00e1cil a trav\u00e9s de Mercado Pago. M\u00e1s Info e inscripci\u00f3n on line en <\/span><a style=\"font-family: Verdana; font-size: small;\" href=\"http:\/\/emprenderhoy.com.ar\/seminariovidrieras.html\"> http:\/\/emprenderhoy.com.ar\/seminariovidrieras.html<\/a><span style=\"font-family: Verdana; font-size: small;\"> o escribiendo a <\/span><a style=\"font-family: Verdana; font-size: small;\" href=\"mailto:info@emprenderhoy.com.ar\"> info@emprenderhoy.com.ar<!--more--><\/a><strong> <\/strong><\/p>\n<p>\u00a0<a href=\"https:\/\/quasarcomunicacion.com.ar\/web\/wp-content\/uploads\/2014\/08\/charlavidrieras.gif\"><img class=\"aligncenter\" alt=\"charlavidrieras\" src=\"https:\/\/quasarcomunicacion.com.ar\/web\/wp-content\/uploads\/2014\/08\/charlavidrieras.gif\" \/><\/a><\/p>\n<p><span style=\"font-family: Verdana; font-size: small;\">La capacitaci\u00f3n es organizada Fernando Mazzetti junto <b>Pilar Emprende<\/b> y <b>Emprender Hoy<\/b>; y cuenta con el apoyo de Pilar Point, Pilar Hoy Noticias y Pilar GPS<\/span><\/p>\n<p><span style=\"font-family: Verdana; font-size: small;\">El seminario tiene una duraci\u00f3n de 3 clases de 4 horas cada una, y est\u00e1 dirigido a estudiantes y profesionales de carreras de dise\u00f1o interior, industrial, de indumentaria, gr\u00e1fico, escenograf\u00eda y visual merchandising, vidrieristas, arquitectos, iluminadores, artistas pl\u00e1sticos, artistas visuales, comunicadores sociales, comerciantes y empleados de locales comerciales. Toda persona interesada en el tema, no hay requisitos de experiencia o conocimientos previos ni l\u00edmite de edad.<\/span><\/p>\n<p><span style=\"font-family: Verdana; font-size: small;\">El seminario es te\u00f3rico- pr\u00e1ctico con exhibici\u00f3n de im\u00e1genes, y entre sus objetivos principales figura brindar a los asistentes las herramientas b\u00e1sicas de armado de vidrieras de diferentes rubros, comprender el espacio de exhibici\u00f3n y adaptarlo al producto o servicio ofrecido y utilizar materiales reciclados para el armado de vidrieras.<\/span><\/p>\n<p><span style=\"font-family: Verdana; font-size: small;\">Las vidrieras est\u00e1n incorporadas a la identificaci\u00f3n comercial, cultural y art\u00edstica de las ciudades. Forman parte del lenguaje urbano m\u00e1s all\u00e1 de la mera exhibici\u00f3n de un producto, a tal punto, que se podr\u00eda reconocer una ciudad simplemente viendo sus vidrieras.<\/span><\/p>\n<p><span style=\"font-family: Verdana; font-size: small;\">La mejora en la imagen de las vidrieras beneficia al conjunto, valorizando al producto y aumentando las ventas, por eso, el seminario incluye tambi\u00e9n un taller de armado de vidrieras.<\/span><\/p>\n<p><span style=\"font-family: Verdana; font-size: small;\">El programa consiste en:<\/span><\/p>\n<p><span style=\"font-family: Verdana; font-size: small;\">-Rese\u00f1a hist\u00f3rica y actual en Argentina.<br \/>\n-Tipolog\u00eda de vidrieras.<br \/>\n-Identificaci\u00f3n del local por la vidriera.<br \/>\n-Aspectos t\u00e9cnicos de la organizaci\u00f3n del espacio tridimensional.<br \/>\n-Comprender el espacio para la exhibici\u00f3n.<br \/>\n-Conceptos de marketing.<br \/>\n-Uso del color, formas y materiales.<br \/>\n-Vidrieras de productos o escenogr\u00e1ficas.<br \/>\n-Vidrieras tem\u00e1ticas y fechas especiales.<br \/>\n-El mensaje subliminal.<br \/>\n&#8211; Conceptos de vidrierismo. La \u201cmano del vidrierista\u201d<br \/>\n-Uso de materiales reciclados.<br \/>\n-Reutilizaci\u00f3n de elementos decorativos.<br \/>\n-Herramientas virtuales de compra en el punto de venta.<br \/>\nDise\u00f1o de iluminaci\u00f3n<br \/>\n-Conceptos t\u00e9cnicos, est\u00e9ticos y funcionales.<br \/>\n-Iluminar para vender.<br \/>\n-Fuentes de luz y luminarias.<br \/>\n-Iluminaci\u00f3n de acento o general<br \/>\n-Tipos de iluminaci\u00f3n. Direcci\u00f3n, potencia.<br \/>\n-Tecnolog\u00eda led aplicada al dise\u00f1o lum\u00ednico comercial<br \/>\n-Ahorro energ\u00e9tico<br \/>\n&#8211; Creaci\u00f3n del clima adecuado<br \/>\n-Temperatura de color.<br \/>\n-\u00cdndice de reproducci\u00f3n crom\u00e1tica.<br \/>\n-Aspectos sicol\u00f3gicos de la luz en los consumidores.<br \/>\n&#8211; La iluminaci\u00f3n y su relaci\u00f3n con la experiencia de compra.<br \/>\n&#8211; Errores frecuentes y su soluci\u00f3n.<\/span><\/p>\n<p><span style=\"font-family: Verdana; font-size: small;\">Fernando Mazzetti, docente a cargo del seminario, es Dise\u00f1ador de Interiores, Dise\u00f1ador de Iluminaci\u00f3n (privada y comercial), Dise\u00f1ador de Vidrieras, Asesor de Arquitectos, Vidrieristas y proyectos privados.<\/span><\/p>\n<p><span style=\"font-family: Verdana; font-size: small;\">Adem\u00e1s de su carrera profesional, Fernando Mazzetti escribe con frecuencia en revistas especializadas de iluminaci\u00f3n tales como \u201cMegaluz\u201d y \u201cLuminotecnia\u201d de Argentina, \u201cIluminet\u201d de M\u00e9xico (menci\u00f3n 2012 como colaborador m\u00e1s frecuente), \u201cLightecture\u201d de Espa\u00f1a, y actualmente se encuentra en etapa de documentaci\u00f3n de libro sobre Dise\u00f1o de Iluminaci\u00f3n.<\/span><\/p>\n<p><span style=\"font-family: Verdana; font-size: small;\">Para m\u00e1s informaci\u00f3n o contacto escribir a fernandomazzetti@hotmail.com o ingresando a <a href=\"http:\/\/www.fernandomazzetti.com.ar\/\"> www.fernandomazzetti.com.ar<\/a> <\/span><\/p>\n<p><b><span style=\"font-family: Verdana; font-size: small;\">Acerca de Pilar Emprende by Emprender HOY <\/span><\/b><\/p>\n<p><span style=\"font-family: Verdana; font-size: xx-small;\"><b> Pilar Emprende<\/b> surge a partir del trabajo de <b>Emprender HOY<\/b>, un espacio que busca otorgarle valor a los proyectos de emprendedores de la zona, acompa\u00f1arlos en su puesta en marcha y disfrutar en equipo de los objetivos cumplidos<br \/>\nPara cumplir con su misi\u00f3n, brindan herramientas, espacios de networking, capacitaciones, talleres, tips, noticias, consultor\u00eda, tutor\u00edas\/mentor\u00edas, y todo lo que necesita el vecino para crecer y conformar un s\u00f3lido ecosistema emprendedor.<br \/>\nPilar Emprende es un espacio pensado por emprendedores para los emprendedores de Pilar que junto a Emprender HOY y si equipo de consultores le brindan oportunidades para crecer con su proyecto<br \/>\nLa raz\u00f3n de ser, la misi\u00f3n, de Emprender HOY es proporcionar al sector Emprendedor herramientas y conocimientos que le permitan desarrollar su propio emprendimiento e incorporar competencias que deriven en su mejora continua. Desde la entidad buscan fomentar el autoempleo y la sustentabilidad de los proyectos contribuyendo a la generaci\u00f3n de valor econ\u00f3mico en la sociedad a trav\u00e9s de la creaci\u00f3n y sostenimiento de un ecosistema emprendedor. Aspiran a ser un canal de comunicaci\u00f3n entre los emprendedores y entre las instituciones y organismos dedicados a ellos<br \/>\nTambi\u00e9n cuentan con un grupo de consultores independientes que acercan su saber a los emprendedores, gener\u00e1ndose una comunidad donde la informaci\u00f3n se comparte de forma exponencial y viral <\/span><\/p>\n<p><span style=\"font-size: small;\"><b><i><span style=\"font-family: Arial;\">Por otras im\u00e1genes, audios o entrevistas no dude en contactarse<\/span><\/i><\/b><\/span><\/p>\n<p align=\"center\"><span style=\"font-size: small;\"><b><i> Contactos de Prensa<\/i><\/b><\/span><\/p>\n<div align=\"left\">\n<table width=\"100%\" border=\"1\" cellpadding=\"2\" align=\"left\">\n<tbody>\n<tr>\n<td align=\"center\" width=\"50%\">\n<p align=\"left\"><strong> <span style=\"color: #ff0000; font-family: Arial; font-size: small;\">Mayra Ibarra<\/span><\/strong><span style=\"font-size: medium;\"><strong><span style=\"color: #808080; font-family: Arial; font-size: small;\"> &#8211; Asistente de Cuentas<\/p>\n<p><\/span> <\/strong><\/span> <span style=\"font-size: xx-small;\"><span style=\"color: #ff0000;\"> Directo<\/span><b>: <\/b> 0230<\/span><span style=\"font-size: xx-small;\">-4664772<br \/>\n<\/span><span style=\"color: #ff0000; font-size: xx-small;\"> Skype:<\/span><span style=\"font-size: xx-small;\"> quasarcomunicacion<br \/>\n<\/span><span style=\"color: #ff0000; font-size: xx-small;\"> Twitter:<\/span><span style=\"font-size: xx-small;\"> @quasarpilar<br \/>\n<\/span><span style=\"color: #ff0000; font-size: xx-small;\"> Gr<\/span><span style=\"color: #ff0000; font-size: xx-small;\">upo y p\u00e1gina en Facebook: <\/span> <span style=\"color: #808080; font-size: xx-small;\">www.facebook.com\/<\/span><a href=\"mailto:mfipata@gmail.com\"><span style=\"font-size: xx-small;\">Quasar<\/span><\/a><span style=\"font-size: xx-small;\">Comunicacion<br \/>\n<\/span><span style=\"color: #ff0000; font-size: xx-small;\"> Web:<\/span><b><\/b> <a href=\"http:\/\/www.quasarcomunicacion.com.ar\/\"> <span style=\"font-size: xx-small;\">www.quasarcomunicacion.com.ar<\/span><\/a><\/p>\n<p align=\"left\"><span style=\"font-size: xx-small;\"> <span style=\"color: #ff0000;\">Mail<\/span><b>:<\/b><\/span><span style=\"font-size: xx-small;\"> <a href=\"mailto:fernanda@quasarcomunicacion.com.ar\"> quasar@quasarcomunicacion.com.ar<\/a><\/span><\/p>\n<\/td>\n<td align=\"center\" width=\"50%\">\n<p align=\"right\"><span style=\"font-size: medium;\"><strong> <span style=\"color: #808080; font-family: Arial; font-size: small;\"> Lic. Mar\u00eda Fernanda Ipata &#8211; Directora<br \/>\n<\/span> <\/strong><\/span> <span style=\"font-size: xx-small;\"><span style=\"color: #ff0000;\"><br \/>\nDirecto<\/span><b>: <\/b> 0230<\/span><span style=\"font-size: xx-small;\">-4664772<\/span><span style=\"font-size: xx-small;\"><br \/>\n<\/span><span style=\"font-size: xx-small;\"> <span style=\"color: #ff0000;\">M\u00f3vil:<\/span><b> <\/b> 0230<\/span><span style=\"font-size: xx-small;\">-15-4584535<br \/>\n011-15-6096-4656 ID 558*3763<br \/>\n<\/span><span style=\"color: #ff0000; font-size: xx-small;\"> Skype:<\/span><span style=\"font-size: xx-small;\"> quasarcomunicacion<br \/>\n<\/span><span style=\"color: #ff0000; font-size: xx-small;\"> Twitter:<\/span><span style=\"font-size: xx-small;\"> @quasarpilar<br \/>\n<\/span><span style=\"color: #ff0000; font-size: xx-small;\"> Gr<\/span><span style=\"color: #ff0000; font-size: xx-small;\">upo y p\u00e1gina en Facebook: <\/span> <span style=\"color: #808080; font-size: xx-small;\">www.facebook.com\/<\/span><a href=\"mailto:mfipata@gmail.com\"><span style=\"font-size: xx-small;\">Quasar<\/span><\/a><span style=\"font-size: xx-small;\">Comunicacion<br \/>\n<\/span><span style=\"font-size: xx-small;\"> <span style=\"color: #ff0000;\">LinkedIn<\/span><b>:\u00a0 <\/b><\/span> <span style=\"font-size: xx-small;\"><b> <a href=\"http:\/\/www.linkedin.com\/in\/mfipata\"> http:\/\/www.linkedin.com\/in\/mfipata<\/a><\/b><\/span><span style=\"font-size: xx-small;\"><br \/>\n<\/span><span style=\"color: #ff0000; font-size: xx-small;\"> Web:<\/span><b><\/b> <a href=\"http:\/\/www.quasarcomunicacion.com.ar\/\"> <span style=\"font-size: xx-small;\">www.quasarcomunicacion.com.ar<\/span><\/a><span style=\"font-size: xx-small;\"><br \/>\n<\/span><span style=\"font-size: xx-small;\"> <span style=\"color: #ff0000;\">Mail<\/span><b>:<\/b><\/span><span style=\"font-size: xx-small;\"><a href=\"mailto:fernanda@quasarcomunicacion.com.ar\"> fernanda@quasarcomunicacion.com.ar<\/a><\/span><\/p>\n<\/td>\n<\/tr>\n<\/tbody>\n<\/table>\n<\/div>\n","protected":false},"excerpt":{"rendered":"<p>El s\u00e1bado 15 de octubre comenzar\u00e1 un seminario de dise\u00f1o de vidrieras comerciales que se dictar\u00e1 en Pilar Point (Ruta [&hellip;]<\/p>\n","protected":false},"author":2,"featured_media":4961,"comment_status":"open","ping_status":"open","sticky":false,"template":"","format":"standard","meta":[],"categories":[2],"tags":[],"_links":{"self":[{"href":"https:\/\/quasarcomunicacion.com.ar\/web\/wp-json\/wp\/v2\/posts\/7263"}],"collection":[{"href":"https:\/\/quasarcomunicacion.com.ar\/web\/wp-json\/wp\/v2\/posts"}],"about":[{"href":"https:\/\/quasarcomunicacion.com.ar\/web\/wp-json\/wp\/v2\/types\/post"}],"author":[{"embeddable":true,"href":"https:\/\/quasarcomunicacion.com.ar\/web\/wp-json\/wp\/v2\/users\/2"}],"replies":[{"embeddable":true,"href":"https:\/\/quasarcomunicacion.com.ar\/web\/wp-json\/wp\/v2\/comments?post=7263"}],"version-history":[{"count":0,"href":"https:\/\/quasarcomunicacion.com.ar\/web\/wp-json\/wp\/v2\/posts\/7263\/revisions"}],"wp:featuredmedia":[{"embeddable":true,"href":"https:\/\/quasarcomunicacion.com.ar\/web\/wp-json\/wp\/v2\/media\/4961"}],"wp:attachment":[{"href":"https:\/\/quasarcomunicacion.com.ar\/web\/wp-json\/wp\/v2\/media?parent=7263"}],"wp:term":[{"taxonomy":"category","embeddable":true,"href":"https:\/\/quasarcomunicacion.com.ar\/web\/wp-json\/wp\/v2\/categories?post=7263"},{"taxonomy":"post_tag","embeddable":true,"href":"https:\/\/quasarcomunicacion.com.ar\/web\/wp-json\/wp\/v2\/tags?post=7263"}],"curies":[{"name":"wp","href":"https:\/\/api.w.org\/{rel}","templated":true}]}}