{"id":7243,"date":"2016-09-16T16:15:43","date_gmt":"2016-09-16T19:15:43","guid":{"rendered":"https:\/\/quasarcomunicacion.com.ar\/web\/?p=7243"},"modified":"2016-09-16T16:15:43","modified_gmt":"2016-09-16T19:15:43","slug":"el-polo-educativo-realizo-su-encuentro-musical-2016","status":"publish","type":"post","link":"https:\/\/quasarcomunicacion.com.ar\/web\/el-polo-educativo-realizo-su-encuentro-musical-2016\/","title":{"rendered":"El Polo Educativo realiz\u00f3 su Encuentro Musical 2016"},"content":{"rendered":"<p style=\"text-align: left;\" align=\"center\"><span style=\"font-family: Verdana; font-size: small;\">El pasado jueves 8 de septiembre se llev\u00f3 a cabo el <b>Encuentro Musical 2016<\/b>, en el auditorio de la Universidad del Salvador, organizado por el <b>Polo Educativo Pilar<\/b>. La velada que se realiz\u00f3 con un auditorio completo, reuni\u00f3 a seis colegios socios de la instituci\u00f3n con el fin de demostrar lo aprendido en los grupos de Coro de dichas instituciones.<!--more--><\/span><\/p>\n<p><a href=\"https:\/\/quasarcomunicacion.com.ar\/web\/wp-content\/uploads\/2016\/09\/coros.gif\"><img class=\"aligncenter\" alt=\"coros\" src=\"https:\/\/quasarcomunicacion.com.ar\/web\/wp-content\/uploads\/2016\/09\/coros.gif\" \/><\/a><br \/>\n<span style=\"font-family: Verdana; font-size: small;\">Luego de unas palabras de aliento de Marcelo Gilly, director Ejecutivo del <b>Polo Educativo Pilar<\/b>, y en presencia de los directivos de los colegios se dio comienzo a las presentaciones de los grupos corales, a cargo del Profesor Javier Escobar, director de coro del Del Viso Day School. <\/span><br \/>\n<span style=\"font-family: Verdana; font-size: small;\">Los alumnos, aunque todos de diferentes edades, deslumbraron con sus voces y coordinaci\u00f3n, y los profesores a cargo de los grupos corales se demostraron m\u00e1s que satisfechos con el trabajo de sus alumnos. <\/span><br \/>\n<span style=\"font-family: Verdana; font-size: small;\">El Colegio North Hills dio comienzo al encuentro quienes, a cargo del profesor Ricardo Sagastiz\u00e1bal, interpretaron \u201cSomebody to love\u201d de Freddy Mercury, \u201cTema de Pototo\u201d de Luis Alberto Spinetta, y \u201cEl Explicao\u201d de Les Luthiers. Continu\u00f3 con su presentaci\u00f3n el Brick Towers College, a cargo del profesor Gustavo P\u00e9rez, interpretando \u201cSelecci\u00f3n de Mi Bella Dama\u201d de Diego Sarqu\u00eds Musical, y \u201cVen conmigo\u201d de Cristina Aguilera.<\/span><br \/>\n<span style=\"font-family: Verdana; font-size: small;\">Entre aplausos y un desfile de numerosos coros continu\u00f3 con las presentaciones el Northern International School, a cargo del profesor Francisco Duran, interpretando \u201cLas campanas de Tucum\u00e1n\u201d de Waldo Belloso y Zulema Alcayaga, \u201cNobody knows the trouble I\u2019ve seen\u201d de Negro Spiritual y \u201cLlamado\u201d de Magdalena Fleitas. <\/span><br \/>\n<span style=\"font-family: Verdana; font-size: small;\">Sigui\u00f3 el colegio San Jorge Loma Verde, quienes, a cargo de la profesora Mabel Ballini entonaron una primer pieza compuesta por las canciones \u201cMuele molinillo de caf\u00e9\u201d, \u201cSe\u00f1ales de tr\u00e1nsito\u201d y \u201cPregones del Altiplano\u201d y la segunda pieza fu\u00e9 \u201cTratando de crecer\u201d de Juan Carlos Baglietto.<\/span><br \/>\n<span style=\"font-family: Verdana; font-size: small;\">Luego, con animadas coreograf\u00edas acompa\u00f1ando las interpretaciones, el Colegio Norbridge a cargo del profesor Gustavo P\u00e9rez, hizo \u201cRecuerdos del Bicentenario\u201d de acuerdo a una adaptaci\u00f3n del profesor, y \u201cCan\u2019t take my eyes off you\u201d de Gloria Gaynor.<\/span><br \/>\n<span style=\"font-family: Verdana; font-size: small;\">Finalmente, el Del Viso Day School se hizo presente a cargo del profesor Javier Escobar cantando \u201cDemons\u201d de Imagine Dragons (arreglo de Diego Sarquis), \u201cYesterday\u201d de John Lennon y Paul McCartney (arreglo de Viviana Tabbush) y \u201cStart of something new\u201d de Matthew Gerrard.<\/span><br \/>\n<span style=\"font-family: Verdana; font-size: small;\">As\u00ed fu\u00e9 como un auditorio colmado se vio invadido por la m\u00fasica, en lo que, seg\u00fan Marcelo Gilly, es una de las actividades m\u00e1s lindas que organiza la instituci\u00f3n en el a\u00f1o.<\/span><br \/>\n<span style=\"font-family: Verdana; font-size: small;\">Todas las fotos en <a href=\"https:\/\/www.facebook.com\/poloeducativo\/\"> https:\/\/www.facebook.com\/poloeducativo\/<\/a> <\/span><br \/>\n<span style=\"font-size: small;\"><b><i><span style=\"font-family: Arial;\">Por otras im\u00e1genes, audios o entrevistas no dude en contactarse entrevistas no dude en contactarse<\/span><\/i><\/b><\/span><\/p>\n<div align=\"left\">\n<table width=\"100%\" border=\"1\" cellpadding=\"2\" align=\"left\">\n<tbody>\n<tr>\n<td align=\"center\" width=\"50%\">\n<p align=\"left\"><span style=\"font-size: medium;\"><strong><span style=\"color: #808080; font-family: Arial; font-size: small;\"> Mayra Ibarra &#8211; Asistente de Cuentas<\/span><\/strong><\/span><\/p>\n<p><span style=\"font-size: xx-small;\"><span style=\"color: #ff0000;\"> Directo<\/span><b>: <\/b> 0230<\/span><span style=\"font-size: xx-small;\">-4664772<br \/>\n<\/span><span style=\"color: #ff0000; font-size: xx-small;\"> Skype:<\/span><span style=\"font-size: xx-small;\"> quasarcomunicacion<br \/>\n<\/span><span style=\"color: #ff0000; font-size: xx-small;\"> Twitter:<\/span><span style=\"font-size: xx-small;\"> @quasarpilar<br \/>\n<\/span><span style=\"color: #ff0000; font-size: xx-small;\"> Gr<\/span><span style=\"color: #ff0000; font-size: xx-small;\">upo y p\u00e1gina en Facebook: <\/span> <span style=\"color: #808080; font-size: xx-small;\">www.facebook.com\/<\/span><a href=\"mailto:mfipata@gmail.com\"><span style=\"font-size: xx-small;\">Quasar<\/span><\/a><span style=\"font-size: xx-small;\">Comunicacion<br \/>\n<\/span><span style=\"color: #ff0000; font-size: xx-small;\"> Web:<\/span><b><\/b> <a href=\"http:\/\/www.quasarcomunicacion.com.ar\/\"> <span style=\"font-size: xx-small;\">www.quasarcomunicacion.com.ar<\/span><\/a><\/p>\n<p align=\"left\"><span style=\"font-size: xx-small;\"> <span style=\"color: #ff0000;\">Mail<\/span><b>:<\/b><\/span><span style=\"font-size: xx-small;\"> <a href=\"mailto:fernanda@quasarcomunicacion.com.ar\"> candela@quasarcomunicacion.com.ar<\/a><\/span><\/p>\n<\/td>\n<td align=\"center\" width=\"50%\">\n<p align=\"right\"><span style=\"font-size: medium;\"><strong> <span style=\"color: #808080; font-family: Arial; font-size: small;\"> Lic. Mar\u00eda Fernanda Ipata &#8211; Directora<br \/>\n<\/span> <\/strong><\/span> <span style=\"font-size: xx-small;\"><span style=\"color: #ff0000;\"><br \/>\nDirecto<\/span><b>: <\/b> 0230<\/span><span style=\"font-size: xx-small;\">-4664772<\/span><span style=\"font-size: xx-small;\"><br \/>\n<\/span><span style=\"font-size: xx-small;\"> <span style=\"color: #ff0000;\">M\u00f3vil:<\/span><b> <\/b> 0230<\/span><span style=\"font-size: xx-small;\">-15-4584535<br \/>\n011-15-6096-4656 ID 558*3763<br \/>\n<\/span><span style=\"color: #ff0000; font-size: xx-small;\"> Skype:<\/span><span style=\"font-size: xx-small;\"> quasarcomunicacion<br \/>\n<\/span><span style=\"color: #ff0000; font-size: xx-small;\"> Twitter:<\/span><span style=\"font-size: xx-small;\"> @quasarpilar<br \/>\n<\/span><span style=\"color: #ff0000; font-size: xx-small;\"> Gr<\/span><span style=\"color: #ff0000; font-size: xx-small;\">upo y p\u00e1gina en Facebook: <\/span> <span style=\"color: #808080; font-size: xx-small;\">www.facebook.com\/<\/span><a href=\"mailto:mfipata@gmail.com\"><span style=\"font-size: xx-small;\">Quasar<\/span><\/a><span style=\"font-size: xx-small;\">Comunicacion<br \/>\n<\/span><span style=\"font-size: xx-small;\"> <span style=\"color: #ff0000;\">LinkedIn<\/span><b>:\u00a0 <\/b><\/span> <span style=\"font-size: xx-small;\"><b> <a href=\"http:\/\/www.linkedin.com\/in\/mfipata\"> http:\/\/www.linkedin.com\/in\/mfipata<\/a><\/b><\/span><span style=\"font-size: xx-small;\"><br \/>\n<\/span><span style=\"color: #ff0000; font-size: xx-small;\"> Web:<\/span><b><\/b> <a href=\"http:\/\/www.quasarcomunicacion.com.ar\/\"> <span style=\"font-size: xx-small;\">www.quasarcomunicacion.com.ar<\/span><\/a><span style=\"font-size: xx-small;\"><br \/>\n<\/span><span style=\"font-size: xx-small;\"> <span style=\"color: #ff0000;\">Mail<\/span><b>:<\/b><\/span><span style=\"font-size: xx-small;\"><a href=\"mailto:fernanda@quasarcomunicacion.com.ar\"> fernanda@quasarcomunicacion.com.ar<\/a><\/span><\/p>\n<\/td>\n<\/tr>\n<\/tbody>\n<\/table>\n<\/div>\n","protected":false},"excerpt":{"rendered":"<p>El pasado jueves 8 de septiembre se llev\u00f3 a cabo el Encuentro Musical 2016, en el auditorio de la Universidad [&hellip;]<\/p>\n","protected":false},"author":2,"featured_media":0,"comment_status":"open","ping_status":"open","sticky":false,"template":"","format":"standard","meta":[],"categories":[34],"tags":[],"_links":{"self":[{"href":"https:\/\/quasarcomunicacion.com.ar\/web\/wp-json\/wp\/v2\/posts\/7243"}],"collection":[{"href":"https:\/\/quasarcomunicacion.com.ar\/web\/wp-json\/wp\/v2\/posts"}],"about":[{"href":"https:\/\/quasarcomunicacion.com.ar\/web\/wp-json\/wp\/v2\/types\/post"}],"author":[{"embeddable":true,"href":"https:\/\/quasarcomunicacion.com.ar\/web\/wp-json\/wp\/v2\/users\/2"}],"replies":[{"embeddable":true,"href":"https:\/\/quasarcomunicacion.com.ar\/web\/wp-json\/wp\/v2\/comments?post=7243"}],"version-history":[{"count":0,"href":"https:\/\/quasarcomunicacion.com.ar\/web\/wp-json\/wp\/v2\/posts\/7243\/revisions"}],"wp:attachment":[{"href":"https:\/\/quasarcomunicacion.com.ar\/web\/wp-json\/wp\/v2\/media?parent=7243"}],"wp:term":[{"taxonomy":"category","embeddable":true,"href":"https:\/\/quasarcomunicacion.com.ar\/web\/wp-json\/wp\/v2\/categories?post=7243"},{"taxonomy":"post_tag","embeddable":true,"href":"https:\/\/quasarcomunicacion.com.ar\/web\/wp-json\/wp\/v2\/tags?post=7243"}],"curies":[{"name":"wp","href":"https:\/\/api.w.org\/{rel}","templated":true}]}}