{"id":7236,"date":"2016-09-13T16:23:36","date_gmt":"2016-09-13T19:23:36","guid":{"rendered":"https:\/\/quasarcomunicacion.com.ar\/web\/?p=7236"},"modified":"2016-09-13T16:23:36","modified_gmt":"2016-09-13T19:23:36","slug":"nuevas-jornadas-de-actualizacion-empresaria-2","status":"publish","type":"post","link":"https:\/\/quasarcomunicacion.com.ar\/web\/nuevas-jornadas-de-actualizacion-empresaria-2\/","title":{"rendered":"Nuevas Jornadas de Actualizaci\u00f3n Empresaria"},"content":{"rendered":"<p style=\"text-align: left;\" align=\"center\"><span style=\"font-family: Verdana; font-size: small;\">Se realizar\u00e1 la d\u00e9cimo cuarta edici\u00f3n de las <\/span><b style=\"font-family: Verdana; font-size: small;\">\u201cJornadas de Actualizaci\u00f3n Empresaria\u201d<\/b><span style=\"font-family: Verdana; font-size: small;\">, organizadas por el Centro de Capacitaci\u00f3n y Empresa SA (CCyE), el 19 y 20 de septiembre en el Centro de Convenciones de la UCA (Alicia M. de Justo 1680) de 9 a 18 hs. Estas Jornadas est\u00e1n dirigidas a directores de Medianas y Peque\u00f1as Empresas. Es considerado el evento m\u00e1s espec\u00edfico para empresas de servicios, comerciales, industriales o agropecuarias.<!--more--><\/span><\/p>\n<p align=\"left\"><a href=\"https:\/\/quasarcomunicacion.com.ar\/web\/wp-content\/uploads\/2016\/09\/jornada2015a.gif\"><img class=\"aligncenter\" alt=\"jornada2015a\" src=\"https:\/\/quasarcomunicacion.com.ar\/web\/wp-content\/uploads\/2016\/09\/jornada2015a.gif\" \/><\/a><\/p>\n<p><span style=\"font-family: Verdana; font-size: small;\">Este a\u00f1o convocar\u00e1 a m\u00e1s de 800 due\u00f1os y directivos de pymes. El evento abordar\u00e1 los siguientes temas: Necesidades del cliente, Imagen de la empresa, Diferencias Generacionales, Equipos de Alto Rendimiento, Empresa Familiar, Captaci\u00f3n de Clientes, Ambiente de Trabajo y Desarrollo Personal Empresario. <\/span><\/p>\n<p><span style=\"font-family: Verdana; font-size: small;\">Las <b>\u201cJornadas de Actualizaci\u00f3n Empresaria\u201d<\/b> brindan herramientas concretas y nuevos enfoques para que el directivo logre una mayor productividad, motivaci\u00f3n personal y dominio de la organizaci\u00f3n, consolidaci\u00f3n de la rentabilidad, criterios y visi\u00f3n de negocios.<\/span><\/p>\n<p><span style=\"font-family: Verdana; font-size: small;\">Este evento ha reunido a m\u00e1s de 22.000 empresarios y directivos destacados del sector, que encontraron en estas Jornadas, el \u00e1mbito ideal donde capacitarse e integrarse con pares, permitiendo de esta manera generar nuevos negocios y redescubrir su profesi\u00f3n: \u00abla de empresario\u00bb.<\/span><\/p>\n<p><span style=\"font-family: Verdana; font-size: small;\">Este a\u00f1o, contar\u00e1 con la presencia de disertantes de todo el mundo: Marcela Reynolds (Chile); Jonatan Loidi (Argentina); Ignacio Martin Maruri (Espa\u00f1a); Ingrid Rivera (Argentina); Jos\u00e9 Mar\u00eda y Mart\u00edn Quiros (Argentina); Fernando Anzures (M\u00e9xico); Jes\u00fas Cochegrus (M\u00e9xico) y Jos\u00e9 Mar\u00eda Doria (Espa\u00f1a) <\/span><\/p>\n<p><span style=\"font-family: Verdana; font-size: small;\">Los especialistas responder\u00e1n a los siguientes interrogantes: \u00bfC\u00f3mo averiguar lo que ning\u00fan competidor sabe y transformarlo en diferenciaci\u00f3n?; \u00bfCu\u00e1les son las decisiones claves para el futuro exitoso de nuestro negocio?; \u00bfC\u00f3mo liderar a los m\u00e1s j\u00f3venes para que den lo mejor de s\u00ed?; \u00bfC\u00f3mo hacer para que los mandos medios trabajen en equipo?; \u00bfC\u00f3mo desarrollar la capacidad empresaria de los hijos?; \u00bfD\u00f3nde est\u00e1 el cliente potencial y c\u00f3mo llegar a \u00e9l?; \u00bfC\u00f3mo generar un ambiente estimulante y productivo?; \u00bfC\u00f3mo mantener un \u00e1nimo sereno a pesar de los vaivenes del negocio? <\/span><\/p>\n<p><span style=\"font-family: Verdana; font-size: small;\">Para m\u00e1s informaci\u00f3n www.jornadaspymes.com.ar o comun\u00edquese al 0810-888-1010 o (54) 11 4546 8707<\/span><\/p>\n<p><span style=\"font-family: Verdana; font-size: small;\"><b>Auspicia<\/b>: Adecco, American Express y ICBC <\/span><\/p>\n<p><span style=\"font-family: Verdana; font-size: small;\"><b>ACERCA DE CENTRO DE CAPACITACI\u00d3N Y EMPRESA SA<\/b><\/span><span style=\"font-family: Verdana; font-size: xx-small;\"><br \/>\nEl Centro de Capacitaci\u00f3n y Empresa S.A organiza desde el a\u00f1o 2.003 las \u00abJornadas de Actualizaci\u00f3n Empresaria\u00bb, que son consideradas, por su contenido exclusivo y excelencia en la organizaci\u00f3n, el evento m\u00e1s importante para directores de Pymes en nuestro pa\u00eds. Diferentes especialistas coinciden en un enfoque totalmente integrado para comprender la particularidad de la empresa peque\u00f1a, mediana y familiar, brind\u00e1ndole la mejor oportunidad de capacitarse en cada \u00e1rea de su empresa con herramientas y soluciones concretas. <a href=\"http:\/\/www.pymevision.com.ar\/\">www.pymevision.com.ar<\/a> <\/span><\/p>\n<p><span style=\"font-size: small;\"><b><i><span style=\"font-family: Arial;\">Por otras im\u00e1genes, audios o entrevistas no dude en contactarse<\/span><\/i><\/b><\/span><\/p>\n<p align=\"center\"><span style=\"font-size: small;\"><b><i> Contactos de Prensa<\/i><\/b><\/span><\/p>\n<div align=\"left\">\n<table width=\"100%\" border=\"1\" cellpadding=\"2\" align=\"left\">\n<tbody>\n<tr>\n<td align=\"center\" width=\"50%\">\n<p align=\"left\"><span style=\"font-size: medium;\"><strong><span style=\"color: #808080; font-family: Arial; font-size: small;\"> Mayra Ibarra &#8211; Asistente de Cuentas<\/p>\n<p><\/span> <\/strong><\/span> <span style=\"font-size: xx-small;\"><span style=\"color: #ff0000;\"> Directo<\/span><b>: <\/b> 0230<\/span><span style=\"font-size: xx-small;\">-4664772<br \/>\n<\/span><span style=\"color: #ff0000; font-size: xx-small;\"> Skype:<\/span><span style=\"font-size: xx-small;\"> quasarcomunicacion<br \/>\n<\/span><span style=\"color: #ff0000; font-size: xx-small;\"> Twitter:<\/span><span style=\"font-size: xx-small;\"> @quasarpilar<br \/>\n<\/span><span style=\"color: #ff0000; font-size: xx-small;\"> Gr<\/span><span style=\"color: #ff0000; font-size: xx-small;\">upo y p\u00e1gina en Facebook: <\/span> <span style=\"color: #808080; font-size: xx-small;\">www.facebook.com\/<\/span><a href=\"mailto:mfipata@gmail.com\"><span style=\"font-size: xx-small;\">Quasar<\/span><\/a><span style=\"font-size: xx-small;\">Comunicacion<br \/>\n<\/span><span style=\"color: #ff0000; font-size: xx-small;\"> Web:<\/span><b><\/b> <a href=\"http:\/\/www.quasarcomunicacion.com.ar\/\"> <span style=\"font-size: xx-small;\">www.quasarcomunicacion.com.ar<\/span><\/a><\/p>\n<p align=\"left\"><span style=\"font-size: xx-small;\"> <span style=\"color: #ff0000;\">Mail<\/span><b>:<\/b><\/span><span style=\"font-size: xx-small;\"> <a href=\"mailto:fernanda@quasarcomunicacion.com.ar\"> quasar<\/a><a href=\"mailto:fernanda@quasarcomunicacion.com.ar\">@quasarcomunicacion.com.ar<\/a><\/span><\/p>\n<\/td>\n<td align=\"center\" width=\"50%\">\n<p align=\"right\"><span style=\"font-size: medium;\"><strong> <span style=\"color: #808080; font-family: Arial; font-size: small;\"> Lic. Mar\u00eda Fernanda Ipata &#8211; Directora<br \/>\n<\/span> <\/strong><\/span> <span style=\"font-size: xx-small;\"><span style=\"color: #ff0000;\"><br \/>\nDirecto<\/span><b>: <\/b> 0230<\/span><span style=\"font-size: xx-small;\">-4664772<\/span><span style=\"font-size: xx-small;\"><br \/>\n<\/span><span style=\"font-size: xx-small;\"> <span style=\"color: #ff0000;\">M\u00f3vil:<\/span><b> <\/b> 0230<\/span><span style=\"font-size: xx-small;\">-15-4584535<br \/>\n011-15-6096-4656 ID 558*3763<br \/>\n<\/span><span style=\"color: #ff0000; font-size: xx-small;\"> Skype:<\/span><span style=\"font-size: xx-small;\"> quasarcomunicacion<br \/>\n<\/span><span style=\"color: #ff0000; font-size: xx-small;\"> Twitter:<\/span><span style=\"font-size: xx-small;\"> @quasarpilar<br \/>\n<\/span><span style=\"color: #ff0000; font-size: xx-small;\"> Gr<\/span><span style=\"color: #ff0000; font-size: xx-small;\">upo y p\u00e1gina en Facebook: <\/span> <span style=\"color: #808080; font-size: xx-small;\">www.facebook.com\/<\/span><a href=\"mailto:mfipata@gmail.com\"><span style=\"font-size: xx-small;\">Quasar<\/span><\/a><span style=\"font-size: xx-small;\">Comunicacion<br \/>\n<\/span><span style=\"font-size: xx-small;\"> <span style=\"color: #ff0000;\">LinkedIn<\/span><b>:\u00a0 <\/b><\/span> <span style=\"font-size: xx-small;\"><b> <a href=\"http:\/\/www.linkedin.com\/in\/mfipata\"> http:\/\/www.linkedin.com\/in\/mfipata<\/a><\/b><\/span><span style=\"font-size: xx-small;\"><br \/>\n<\/span><span style=\"color: #ff0000; font-size: xx-small;\"> Web:<\/span><b><\/b> <a href=\"http:\/\/www.quasarcomunicacion.com.ar\/\"> <span style=\"font-size: xx-small;\">www.quasarcomunicacion.com.ar<\/span><\/a><span style=\"font-size: xx-small;\"><br \/>\n<\/span><span style=\"font-size: xx-small;\"> <span style=\"color: #ff0000;\">Mail<\/span><b>:<\/b><\/span><span style=\"font-size: xx-small;\"><a href=\"mailto:fernanda@quasarcomunicacion.com.ar\"> fernanda@quasarcomunicacion.com.ar<\/a><\/span><\/p>\n<\/td>\n<\/tr>\n<\/tbody>\n<\/table>\n<\/div>\n","protected":false},"excerpt":{"rendered":"<p>Se realizar\u00e1 la d\u00e9cimo cuarta edici\u00f3n de las \u201cJornadas de Actualizaci\u00f3n Empresaria\u201d, organizadas por el Centro de Capacitaci\u00f3n y Empresa [&hellip;]<\/p>\n","protected":false},"author":2,"featured_media":7237,"comment_status":"open","ping_status":"open","sticky":false,"template":"","format":"standard","meta":[],"categories":[2],"tags":[],"_links":{"self":[{"href":"https:\/\/quasarcomunicacion.com.ar\/web\/wp-json\/wp\/v2\/posts\/7236"}],"collection":[{"href":"https:\/\/quasarcomunicacion.com.ar\/web\/wp-json\/wp\/v2\/posts"}],"about":[{"href":"https:\/\/quasarcomunicacion.com.ar\/web\/wp-json\/wp\/v2\/types\/post"}],"author":[{"embeddable":true,"href":"https:\/\/quasarcomunicacion.com.ar\/web\/wp-json\/wp\/v2\/users\/2"}],"replies":[{"embeddable":true,"href":"https:\/\/quasarcomunicacion.com.ar\/web\/wp-json\/wp\/v2\/comments?post=7236"}],"version-history":[{"count":0,"href":"https:\/\/quasarcomunicacion.com.ar\/web\/wp-json\/wp\/v2\/posts\/7236\/revisions"}],"wp:featuredmedia":[{"embeddable":true,"href":"https:\/\/quasarcomunicacion.com.ar\/web\/wp-json\/wp\/v2\/media\/7237"}],"wp:attachment":[{"href":"https:\/\/quasarcomunicacion.com.ar\/web\/wp-json\/wp\/v2\/media?parent=7236"}],"wp:term":[{"taxonomy":"category","embeddable":true,"href":"https:\/\/quasarcomunicacion.com.ar\/web\/wp-json\/wp\/v2\/categories?post=7236"},{"taxonomy":"post_tag","embeddable":true,"href":"https:\/\/quasarcomunicacion.com.ar\/web\/wp-json\/wp\/v2\/tags?post=7236"}],"curies":[{"name":"wp","href":"https:\/\/api.w.org\/{rel}","templated":true}]}}