{"id":7233,"date":"2016-09-08T16:48:37","date_gmt":"2016-09-08T19:48:37","guid":{"rendered":"https:\/\/quasarcomunicacion.com.ar\/web\/?p=7233"},"modified":"2016-09-08T16:48:37","modified_gmt":"2016-09-08T19:48:37","slug":"charla-gratuita-motivacion-el-motor-emocional-de-tu-emprendimiento","status":"publish","type":"post","link":"https:\/\/quasarcomunicacion.com.ar\/web\/charla-gratuita-motivacion-el-motor-emocional-de-tu-emprendimiento\/","title":{"rendered":"Charla Gratuita \u00abMotivaci\u00f3n: el motor emocional de tu emprendimiento\u00bb"},"content":{"rendered":"<p style=\"text-align: left;\" align=\"center\"><span style=\"font-family: Verdana; font-size: small;\">\u00a0El pr\u00f3ximo mi\u00e9rcoles 14 de septiembre se realizar\u00e1 la cuarta y \u00faltima charla del <b>Ciclo de Charlas Gratuitas para el #desarrolloemprendedor en Pilar 2016<\/b> que se lleva adelante en el auditorio de <b>Wid\u00fa Networking Space.<\/b> En esta ocasi\u00f3n la tem\u00e1tica ser\u00e1 <b>\u00abMotivaci\u00f3n: el motor emocional de tu emprendimiento\u00bb <\/b>a ca<\/span><span style=\"font-family: Verdana; font-size: small;\">rgo de Adriana Canga y Lucila Dotto de <b>AGC Consultora<\/b>. La entrada a cada capacitaci\u00f3n es libre y gratuita y para participar solo se requiere completar el siguiente formulario online: <a href=\"http:\/\/www.emprenderhoy.com.ar\/desarrolloemprendedor2016.html\"> www.<\/a><\/span><span style=\"font-family: Verdana;\"><a href=\"http:\/\/www.emprenderhoy.com.ar\/desarrolloemprendedor2016.html\"><span style=\"font-size: small;\">emprenderhoy.com.ar\/desarrolloemprendedor2016.html<\/span><\/a><span style=\"font-size: small;\">. <\/span><\/span><span style=\"font-family: Verdana; font-size: small;\">Informes escribiendo a <a href=\"mailto:info@emprenderhoy.com.ar\"> info@emprenderhoy.com.ar<\/a> o comunic\u00e1ndose al 011-15-6742-7635<!--more--><\/span><\/p>\n<p><span style=\"font-family: Verdana; font-size: small;\">El ciclo, que se realiza por tercer a\u00f1o consecutivo, es organizado por <b>Emprender HOY<\/b> y <b>Pilar Emprende<\/b>. El auditorio de <b>Wid\u00fa Networking Space<\/b> est\u00e1 ubicado en el Edificio M3, Piso 2, en Parque Austral Pilar &#8211; Ruta 8 Km 50, Pilar.\u00a0<\/span><\/p>\n<p><a href=\"https:\/\/quasarcomunicacion.com.ar\/web\/wp-content\/uploads\/2016\/09\/charlaagosto1.gif\"><img class=\"aligncenter\" alt=\"charlaagosto1\" src=\"https:\/\/quasarcomunicacion.com.ar\/web\/wp-content\/uploads\/2016\/09\/charlaagosto1.gif\" \/><\/a><\/p>\n<p><span style=\"font-family: Verdana; font-size: small;\">Durante la capacitaci\u00f3n se hablar\u00e1 sobre la motivaci\u00f3n intr\u00ednseca como motor fundamental de un emprendedor. Entender de qu\u00e9 se nutre, c\u00f3mo se sostiene y desde qu\u00e9 actitudes se construye ser\u00e1 el objetivo de esta charla.\u00a0<\/span><\/p>\n<div data-block=\"true\" data-editor=\"6dobi\" data-offset-key=\"93e6s-0-0\">\n<div data-offset-key=\"93e6s-0-0\"><span style=\"font-family: Verdana; font-size: small;\"><b>AGC Consultora<\/b> es una empresa con oficinas en Pilar. Desde la consultora se dedican a acompa\u00f1ar los diferentes momentos de crecimiento personal y profesional donde es necesario tomar decisiones o generar nuevos recursos. Trabajan para posibilitar que las personas se contacten con su potencial, desarrollando aquellas dimensiones que las hacen \u201c\u00fanicas\u201d.<\/span><\/div>\n<\/div>\n<div data-block=\"true\" data-editor=\"6dobi\" data-offset-key=\"e6pk-0-0\">\n<div data-offset-key=\"e6pk-0-0\"><span style=\"font-family: Verdana; font-size: small;\">Visit\u00e1 su web en http:\/\/agcconsultora.com.ar\/<\/span><\/div>\n<\/div>\n<p>ORGANIZAN:\u00a0<a href=\"https:\/\/www.facebook.com\/emprenderhoyfanpage\/\" data-hovercard=\"\/ajax\/hovercard\/page.php?id=181669988634054&amp;extragetparams=%7B%22directed_target_id%22%3A616409758537868%7D\">Emprender HOY | Un Espacio de los Emprendedores<\/a>,\u00a0<a href=\"https:\/\/www.facebook.com\/widupilar\/\" data-hovercard=\"\/ajax\/hovercard\/page.php?id=1578197509106023&amp;extragetparams=%7B%22directed_target_id%22%3A616409758537868%7D\">Wid\u00fa Networking Space<\/a>\u00a0y\u00a0<a href=\"https:\/\/www.facebook.com\/pilaremprendefanpage\/\" data-hovercard=\"\/ajax\/hovercard\/page.php?id=1420840981528711&amp;extragetparams=%7B%22directed_target_id%22%3A616409758537868%7D\">Pilar Emprende<\/a><br \/>\nSPONSORS: AGC CONSULTORA,\u00a0<a href=\"https:\/\/www.facebook.com\/MadreEmprendedoraIncubadoraDeNegocios\/\" data-hovercard=\"\/ajax\/hovercard\/page.php?id=539454099408605&amp;extragetparams=%7B%22directed_target_id%22%3A616409758537868%7D\">MadreEmprendedora<\/a>\u00a0y\u00a0<a href=\"https:\/\/www.facebook.com\/CespymCursos\/\" data-hovercard=\"\/ajax\/hovercard\/page.php?id=663174583702660&amp;extragetparams=%7B%22directed_target_id%22%3A616409758537868%7D\">Cespym Cursos<\/a><\/p>\n<p>COMUNICAN:\u00a0<a href=\"https:\/\/www.facebook.com\/QuasarComunicacion\/\" data-hovercard=\"\/ajax\/hovercard\/page.php?id=63346165268&amp;extragetparams=%7B%22directed_target_id%22%3A616409758537868%7D\">Qu\u00e1sar Comunicaci\u00f3n<\/a>\u00a0y\u00a0<a href=\"https:\/\/www.facebook.com\/estudioamArgentina\/\" data-hovercard=\"\/ajax\/hovercard\/page.php?id=88602556139&amp;extragetparams=%7B%22directed_target_id%22%3A616409758537868%7D\">Estudioam dise\u00f1o grafico y comunicaci\u00f3n visual<\/a><\/p>\n<p>APOYAN:\u00a0<a href=\"https:\/\/www.facebook.com\/pilarhoy\/\" data-hovercard=\"\/ajax\/hovercard\/page.php?id=1620630301546988&amp;extragetparams=%7B%22directed_target_id%22%3A616409758537868%7D\">Pilar Hoy Noticias<\/a>,\u00a0<a href=\"https:\/\/www.facebook.com\/pilargps.com.ar\/\" data-hovercard=\"\/ajax\/hovercard\/page.php?id=188608264519935&amp;extragetparams=%7B%22directed_target_id%22%3A616409758537868%7D\">PILAR GPS &#8211; Gu\u00eda de Productos y Servicios<\/a>,<a href=\"https:\/\/www.facebook.com\/RadioXPilar\/\" data-hovercard=\"\/ajax\/hovercard\/page.php?id=234660046615285&amp;extragetparams=%7B%22directed_target_id%22%3A616409758537868%7D\">Radio X Pilar Fm 100.3 Mhz<\/a>, Le Canto las 40,\u00a0<a href=\"https:\/\/www.facebook.com\/revistali\/\" data-hovercard=\"\/ajax\/hovercard\/page.php?id=536402283046667&amp;extragetparams=%7B%22directed_target_id%22%3A616409758537868%7D\">Revista Li<\/a>,\u00a0<a href=\"https:\/\/www.facebook.com\/frixemprendedores\/\" data-hovercard=\"\/ajax\/hovercard\/page.php?id=409577082557160&amp;extragetparams=%7B%22directed_target_id%22%3A616409758537868%7D\">Frix emprendedores<\/a>,\u00a0<a href=\"https:\/\/www.facebook.com\/TMPtumejorperfil\/\" data-hovercard=\"\/ajax\/hovercard\/page.php?id=473149516145475&amp;extragetparams=%7B%22directed_target_id%22%3A616409758537868%7D\">Tu mejor perfil<\/a>,\u00a0<a href=\"https:\/\/www.facebook.com\/Skinsdecorativos\/\" data-hovercard=\"\/ajax\/hovercard\/page.php?id=271530266271333&amp;extragetparams=%7B%22directed_target_id%22%3A616409758537868%7D\">Skins deco<\/a>, ST Sistemas, Red Conar,<a href=\"https:\/\/www.facebook.com\/tiendabluefanpage\/\" data-hovercard=\"\/ajax\/hovercard\/page.php?id=651384364911712&amp;extragetparams=%7B%22directed_target_id%22%3A616409758537868%7D\">Tienda Blue<\/a>\u00a0y\u00a0<a href=\"https:\/\/www.facebook.com\/BlueCleanFanPage\/\" data-hovercard=\"\/ajax\/hovercard\/page.php?id=765864536846792&amp;extragetparams=%7B%22directed_target_id%22%3A616409758537868%7D\">Blue Clean<\/a><\/p>\n<p><b><span style=\"font-family: Verdana; font-size: small;\">Acerca de las capacitadoras<\/span><\/b><span style=\"font-family: Verdana; font-size: xx-small;\"><\/p>\n<p><b> Adriana Canga<\/b>: Consultora \u2013 Capacitadora \u2013 Coach. Lic. en Psicolog\u00eda, Universidad de Belgrano. Especialista en Crisis Vitales. Modelo de trabajo: Octavio Fern\u00e1ndez Moujan. <\/span><\/p>\n<p><span style=\"font-family: Verdana; font-size: xx-small;\">Entrenadora en Estrategias Ericksonianas, (M. Erickson Foundation) PNL, Coaching. Escuela Argentina de Coaching y PNL Capacitadora en Neurociencias: Desarrollo de Inteligencias (IM), Estilos de Aprendizaje, Integraci\u00f3n Hemisf\u00e9rica, Liderazgo, Comunicaci\u00f3n. Creativity Training, Stanford University. Docencia Universitaria: Universidad de Belgrano, Universidad Maim\u00f3nides, Universidad de Palermo. Talleres de Actitud. Autoestima. Coaching Personal. \u201c100 % Vos Mismo\u201d Coaching Vocacional \u201c100 % Estrategias\u201d Coaching Empresarial, Profesional. Socia en AGC Consultora.<\/span><\/p>\n<p>&nbsp;<\/p>\n<p><b><\/b><span style=\"font-family: Verdana; font-size: xx-small;\"><b>Lucila Dotto: <\/b>Consultora \u2013 Capacitadora \u2013 Coach. Licenciada en Psicolog\u00eda \u2013 Universidad Cat\u00f3lica Argentina. Maestr\u00eda en Marketing y Comunicaci\u00f3n, Universidad de San Andr\u00e9s. <\/span><\/p>\n<p><span style=\"font-family: Verdana; font-size: xx-small;\">Especialista en Relaciones Institucionales, Comunicaci\u00f3n interna y externa, gesti\u00f3n, organizaci\u00f3n y administraci\u00f3n de Recursos Humanos. Directora del Departamento de Admisi\u00f3n, Universidad de San Andr\u00e9s. \u201c100 % Vos Mismo\u201d Coaching Vocacional. \u201c100 % Estrategias\u201d Coaching Empresarial, Profesional. Socia en AGC Consultora<\/span><\/p>\n<p><span style=\"font-family: Verdana; font-size: xx-small;\">M\u00e1s info en <a href=\"http:\/\/agcconsultora.com.ar\/\"> http:\/\/agcconsultora.com.ar\/<\/a><\/span><\/p>\n<p>&nbsp;<\/p>\n<p><b><span style=\"font-family: Verdana; font-size: small;\">Acerca de Emprender HOY<\/span><\/b><\/p>\n<p><span style=\"font-family: Verdana; font-size: xx-small;\"><b> Emprender HOY <\/b>es un espacio para todos los emprendedores que se materializa en diversos eventos como ferias, encuentros, capacitaciones, consultor\u00edas, espacios de networking, entre otros. <\/span><\/p>\n<p><span style=\"font-family: Verdana; font-size: xx-small;\">La raz\u00f3n de ser, la misi\u00f3n, de <b>Emprender HOY <\/b>es proporcionar al sector Emprendedor herramientas y conocimientos que le permitan desarrollar su propio emprendimiento e incorporar competencias que deriven en su mejora continua. <\/span><\/p>\n<p><span style=\"font-family: Verdana; font-size: xx-small;\">Desde la instituci\u00f3n buscan fomentar el autoempleo y la sustentabilidad de los proyectos contribuyendo a la generaci\u00f3n de valor econ\u00f3mico en la sociedad a trav\u00e9s de la creaci\u00f3n y sostenimiento de un ecosistema emprendedor. Aspiran a ser un canal de comunicaci\u00f3n entre los emprendedores y entre las instituciones y organismos dedicados a ellos <\/span><\/p>\n<p><span style=\"font-family: Verdana; font-size: xx-small;\">Tambi\u00e9n cuentan con un grupo de consultores independientes que acercan su saber a los emprendedores, gener\u00e1ndose una comunidad donde la informaci\u00f3n se comparte de forma exponencial y viral <\/span><\/p>\n<p><span style=\"font-family: Verdana; font-size: xx-small;\">Emprender Hoy, a trav\u00e9s del proyecto <b>#DESARROLLOEMPRENDEDOR<\/b> desarrolla por tercer a\u00f1o consecutivo un ciclo de actividades gratuitas compuesto por charlas y encuentros de networking.<\/span><\/p>\n<p><span style=\"font-family: Verdana; font-size: xx-small;\">El mismo se desarrolla en la ciudad de Pilar (Bs. As., Argentina) y cuenta con el apoyo de diferentes instituciones, particulares, medios de comunicaci\u00f3n y consultores independientes que comparten su conocimiento de manera desinteresada. <\/span><\/p>\n<p><b><span style=\"font-family: Verdana; font-size: small;\">Acerca de Pilar Emprende by Emprender HOY <\/span><\/b><\/p>\n<p><span style=\"font-family: Verdana; font-size: xx-small;\"><b> Pilar Emprende<\/b> surge a partir del trabajo de <b>Emprender HOY, <\/b>un espacio que busca otorgarle valor a los proyectos de emprendedores de la zona, acompa\u00f1arlos en su puesta en marcha y disfrutar en equipo de los objetivos cumplidos <\/span><\/p>\n<p><span style=\"font-family: Verdana; font-size: xx-small;\">Para cumplir con su misi\u00f3n, brindan herramientas, espacios de networking, capacitaciones, tips, noticias, consultor\u00eda y todo lo que necesita el emprendedor para crecer y conformar un s\u00f3lido ecosistema emprendedor. <\/span><\/p>\n<p><span style=\"font-family: Verdana; font-size: xx-small;\"><b>Pilar Emprende<\/b> es un espacio pensado por emprendedores para los emprendedores de Pilar que junto a <b>Emprender HOY<\/b> le brindan oportunidades para crecer con su proyecto<\/span><\/p>\n<p><span style=\"font-family: Verdana; font-size: xx-small;\">Adem\u00e1s, cuenta desde 2015 con el espacio radial Pilar Emprende Radio que durante 2015 se emite los martes de 15 a 17 hs por Radio X Pilar (FM 100.3 \/ <a href=\"http:\/\/www.radioxpilar.com\/\">www.radioxpilar.com<\/a>.ar) en su segunda temporada.<\/span><\/p>\n<p><span style=\"font-family: Verdana; font-size: xx-small;\"><b> Emprender HOY <\/b>es un espacio para todos los emprendedores que se materializa en diversos eventos como ferias, encuentros, capacitaciones, consultor\u00edas, espacios de networking, entre otros. <\/span><\/p>\n<p><span style=\"font-family: Verdana; font-size: xx-small;\">La raz\u00f3n de ser, la misi\u00f3n, de <b>Emprender HOY <\/b>es proporcionar al sector Emprendedor herramientas y conocimientos que le permitan desarrollar su propio emprendimiento e incorporar competencias que deriven en su mejora continua. <\/span><\/p>\n<p><span style=\"font-family: Verdana; font-size: xx-small;\">Desde la instituci\u00f3n buscan fomentar el autoempleo y la sustentabilidad de los proyectos contribuyendo a la generaci\u00f3n de valor econ\u00f3mico en la sociedad a trav\u00e9s de la creaci\u00f3n y sostenimiento de un ecosistema emprendedor. Aspiran a ser un canal de comunicaci\u00f3n entre los emprendedores y entre las instituciones y organismos dedicados a ellos <\/span><\/p>\n<p><span style=\"font-family: Verdana; font-size: xx-small;\">Tambi\u00e9n cuentan con un grupo de consultores independientes que acercan su saber a los emprendedores, gener\u00e1ndose una comunidad donde la informaci\u00f3n se comparte de forma exponencial y viral <\/span><\/p>\n<p><span style=\"font-size: small;\"><b><i><span style=\"font-family: Arial;\">Por otras im\u00e1genes, audios o entrevistas no dude en contactarse<\/span><\/i><\/b><\/span><\/p>\n<p align=\"center\"><span style=\"font-size: small;\"><b><i> Contactos de Prensa<\/i><\/b><\/span><\/p>\n<div align=\"left\">\n<table width=\"100%\" border=\"1\" cellpadding=\"2\" align=\"left\">\n<tbody>\n<tr>\n<td align=\"center\" width=\"50%\">\n<p align=\"left\"><strong> <span style=\"color: #ff0000; font-family: Arial; font-size: small;\">Mayra Ibarra<\/span><\/strong><span style=\"font-size: medium;\"><strong><span style=\"color: #808080; font-family: Arial; font-size: small;\"> &#8211; Asistente de Cuentas<\/p>\n<p><\/span> <\/strong><\/span> <span style=\"font-size: xx-small;\"><span style=\"color: #ff0000;\"> Directo<\/span><b>: <\/b> 0230<\/span><span style=\"font-size: xx-small;\">-4664772<br \/>\n<\/span><span style=\"color: #ff0000; font-size: xx-small;\"> Skype:<\/span><span style=\"font-size: xx-small;\"> quasarcomunicacion<br \/>\n<\/span><span style=\"color: #ff0000; font-size: xx-small;\"> Twitter:<\/span><span style=\"font-size: xx-small;\"> @quasarpilar<br \/>\n<\/span><span style=\"color: #ff0000; font-size: xx-small;\"> Gr<\/span><span style=\"color: #ff0000; font-size: xx-small;\">upo y p\u00e1gina en Facebook: <\/span> <span style=\"color: #808080; font-size: xx-small;\">www.facebook.com\/<\/span><a href=\"mailto:mfipata@gmail.com\"><span style=\"font-size: xx-small;\">Quasar<\/span><\/a><span style=\"font-size: xx-small;\">Comunicacion<br \/>\n<\/span><span style=\"color: #ff0000; font-size: xx-small;\"> Web:<\/span><b><\/b> <a href=\"http:\/\/www.quasarcomunicacion.com.ar\/\"> <span style=\"font-size: xx-small;\">www.quasarcomunicacion.com.ar<\/span><\/a><\/p>\n<p align=\"left\"><span style=\"font-size: xx-small;\"> <span style=\"color: #ff0000;\">Mail<\/span><b>:<\/b><\/span><span style=\"font-size: xx-small;\"> <a href=\"mailto:fernanda@quasarcomunicacion.com.ar\"> quasar@quasarcomunicacion.com.ar<\/a><\/span><\/p>\n<\/td>\n<td align=\"center\" width=\"50%\">\n<p align=\"right\"><span style=\"font-size: medium;\"><strong> <span style=\"color: #808080; font-family: Arial; font-size: small;\"> Lic. Mar\u00eda Fernanda Ipata &#8211; Directora<br \/>\n<\/span> <\/strong><\/span> <span style=\"font-size: xx-small;\"><span style=\"color: #ff0000;\"><br \/>\nDirecto<\/span><b>: <\/b> 0230<\/span><span style=\"font-size: xx-small;\">-4664772<\/span><span style=\"font-size: xx-small;\"><br \/>\n<\/span><span style=\"font-size: xx-small;\"> <span style=\"color: #ff0000;\">M\u00f3vil:<\/span><b> <\/b> 0230<\/span><span style=\"font-size: xx-small;\">-15-4584535<br \/>\n011-15-6096-4656 ID 558*3763<br \/>\n<\/span><span style=\"color: #ff0000; font-size: xx-small;\"> Skype:<\/span><span style=\"font-size: xx-small;\"> quasarcomunicacion<br \/>\n<\/span><span style=\"color: #ff0000; font-size: xx-small;\"> Twitter:<\/span><span style=\"font-size: xx-small;\"> @quasarpilar<br \/>\n<\/span><span style=\"color: #ff0000; font-size: xx-small;\"> Gr<\/span><span style=\"color: #ff0000; font-size: xx-small;\">upo y p\u00e1gina en Facebook: <\/span> <span style=\"color: #808080; font-size: xx-small;\">www.facebook.com\/<\/span><a href=\"mailto:mfipata@gmail.com\"><span style=\"font-size: xx-small;\">Quasar<\/span><\/a><span style=\"font-size: xx-small;\">Comunicacion<br \/>\n<\/span><span style=\"font-size: xx-small;\"> <span style=\"color: #ff0000;\">LinkedIn<\/span><b>:\u00a0 <\/b><\/span> <span style=\"font-size: xx-small;\"><b> <a href=\"http:\/\/www.linkedin.com\/in\/mfipata\"> http:\/\/www.linkedin.com\/in\/mfipata<\/a><\/b><\/span><span style=\"font-size: xx-small;\"><br \/>\n<\/span><span style=\"color: #ff0000; font-size: xx-small;\"> Web:<\/span><b><\/b> <a href=\"http:\/\/www.quasarcomunicacion.com.ar\/\"> <span style=\"font-size: xx-small;\">www.quasarcomunicacion.com.ar<\/span><\/a><span style=\"font-size: xx-small;\"><br \/>\n<\/span><span style=\"font-size: xx-small;\"> <span style=\"color: #ff0000;\">Mail<\/span><b>:<\/b><\/span><span style=\"font-size: xx-small;\"><a href=\"mailto:fernanda@quasarcomunicacion.com.ar\"> fernanda@quasarcomunicacion.com.ar<\/a><\/span><\/p>\n<\/td>\n<\/tr>\n<\/tbody>\n<\/table>\n<\/div>\n","protected":false},"excerpt":{"rendered":"<p>\u00a0El pr\u00f3ximo mi\u00e9rcoles 14 de septiembre se realizar\u00e1 la cuarta y \u00faltima charla del Ciclo de Charlas Gratuitas para el [&hellip;]<\/p>\n","protected":false},"author":2,"featured_media":7234,"comment_status":"open","ping_status":"open","sticky":false,"template":"","format":"standard","meta":[],"categories":[2],"tags":[],"_links":{"self":[{"href":"https:\/\/quasarcomunicacion.com.ar\/web\/wp-json\/wp\/v2\/posts\/7233"}],"collection":[{"href":"https:\/\/quasarcomunicacion.com.ar\/web\/wp-json\/wp\/v2\/posts"}],"about":[{"href":"https:\/\/quasarcomunicacion.com.ar\/web\/wp-json\/wp\/v2\/types\/post"}],"author":[{"embeddable":true,"href":"https:\/\/quasarcomunicacion.com.ar\/web\/wp-json\/wp\/v2\/users\/2"}],"replies":[{"embeddable":true,"href":"https:\/\/quasarcomunicacion.com.ar\/web\/wp-json\/wp\/v2\/comments?post=7233"}],"version-history":[{"count":0,"href":"https:\/\/quasarcomunicacion.com.ar\/web\/wp-json\/wp\/v2\/posts\/7233\/revisions"}],"wp:featuredmedia":[{"embeddable":true,"href":"https:\/\/quasarcomunicacion.com.ar\/web\/wp-json\/wp\/v2\/media\/7234"}],"wp:attachment":[{"href":"https:\/\/quasarcomunicacion.com.ar\/web\/wp-json\/wp\/v2\/media?parent=7233"}],"wp:term":[{"taxonomy":"category","embeddable":true,"href":"https:\/\/quasarcomunicacion.com.ar\/web\/wp-json\/wp\/v2\/categories?post=7233"},{"taxonomy":"post_tag","embeddable":true,"href":"https:\/\/quasarcomunicacion.com.ar\/web\/wp-json\/wp\/v2\/tags?post=7233"}],"curies":[{"name":"wp","href":"https:\/\/api.w.org\/{rel}","templated":true}]}}