{"id":7228,"date":"2016-09-05T22:04:01","date_gmt":"2016-09-06T01:04:01","guid":{"rendered":"https:\/\/quasarcomunicacion.com.ar\/web\/?p=7228"},"modified":"2016-09-05T22:04:01","modified_gmt":"2016-09-06T01:04:01","slug":"pilar-de-feria-un-paseo-para-toda-la-familia-con-mas-de-80-stands-de-emprendedores","status":"publish","type":"post","link":"https:\/\/quasarcomunicacion.com.ar\/web\/pilar-de-feria-un-paseo-para-toda-la-familia-con-mas-de-80-stands-de-emprendedores\/","title":{"rendered":"Pilar de Feria: un paseo para toda la familia con m\u00e1s de 80 stands de emprendedores"},"content":{"rendered":"<p style=\"text-align: left;\" align=\"center\">Como cada segundo s\u00e1bado del mes, el pr\u00f3ximo 10 de septiembre se viene una nueva edici\u00f3n de <b>PILAR DE FERIA PRIMAVERA 2016<\/b> que se realizar\u00e1 de 13 a 18 hs en <b> La F\u00e1brica Centro Cultural y Predio Ferial<\/b> (<a href=\"http:\/\/www.pilardeferia.com.ar\/donde.htm\">Ambrosetti 633, Bo La Esmeralda, altura Km 50 de ruta y Ramal Pilar ruta Panamericana) ubicada a tres cuadras de Jumbo Pilar<\/a>. El paseo es con entrada libre y gratuita, se solicita colaborar con leche y galletitas para la Fundaci\u00f3n Pibes que repartir\u00e1 lo recaudado en merenderos de la zona.<\/p>\n<p>En caso de mal tiempo, se pospone para el s\u00e1bado siguiente.<!--more--><\/p>\n<p><a href=\"https:\/\/quasarcomunicacion.com.ar\/web\/wp-content\/uploads\/2016\/09\/feriaagosto.gif\"><img class=\"aligncenter\" alt=\"feriaagosto\" src=\"https:\/\/quasarcomunicacion.com.ar\/web\/wp-content\/uploads\/2016\/09\/feriaagosto.gif\" \/><\/a><\/p>\n<p>En esta edici\u00f3n, a los tradicionales espacios de emprendedores y artesanos, se agrega un ESPACIO VINTAGE (con muy buenas opciones de usados) y un PASEO DE LOS PRODUCTORES donde los visitantes encontrar\u00e1n frutas, verduras, legumbres, flores, plantas, muebles de jard\u00edn, macetas, adornos para exterior, etc). Y el imperdible espacio gastron\u00f3mico con los mejores Food Trucks y el barcito de\u00a0<a href=\"https:\/\/www.facebook.com\/lafabricademipapa\/\" data-hovercard=\"\/ajax\/hovercard\/page.php?id=595589927213175&amp;extragetparams=%7B%22directed_target_id%22%3A1767763600174789%7D\">La Fabrica<\/a><\/p>\n<p>En esta edici\u00f3n hay m\u00e1s de 80 expositores confirmados. La feria cuenta con un cat\u00e1logo de emprendedores y una cuponera de descuentos con promociones imperdibles. Se puede acceder a esta informaci\u00f3n ingresando en <a href=\"http:\/\/www.facebook.com\/pilardeferia\"> www.facebook.com\/pilardeferia<\/a><\/p>\n<p>Durante toda la tarde habr\u00e1 actividades para toda la familia. Inflables para los m\u00e1s chicos gracias al aporte de Eventos AyC y los personajes preferidos de los m\u00e1s peque\u00f1os para sacarse fotos.<\/p>\n<p>Adem\u00e1s, clases de pintura a beneficio; posturas de yoga y masajes en cabeza, manos y pies con aceites puros de lavanda, manzanilla, menta y mucho m\u00e1s a cargo de DHRUVA Yoga y Terapias Orientales.<\/p>\n<p>A las 14 hs llega el TEATRO INFANTIL con la obra Un Huevo en Dedolandia a cargo de\u00a0<a href=\"https:\/\/www.facebook.com\/vanesavictoriacaldara\/\" data-hovercard=\"\/ajax\/hovercard\/page.php?id=636355026382296&amp;extragetparams=%7B%22directed_target_id%22%3A1767763600174789%7D\">Aqu\u00ed y Ahora Compa\u00f1\u00eda de Teatro<\/a>\u00a0&#8211; Entrada a la gorra<\/p>\n<p>A las 16 hs &#8211; Clase abierta de Tai-yoga (ejercicios medicina china) con instructores de\u00a0<a href=\"https:\/\/www.facebook.com\/Existe-un-Lugar-235115453550807\/\" data-hovercard=\"\/ajax\/hovercard\/page.php?id=235115453550807&amp;extragetparams=%7B%22directed_target_id%22%3A1767763600174789%7D\">Existe un Lugar<\/a><\/p>\n<p><span style=\"font-size: small;\"> \u00a0<\/span>Durante toda la tarde, los voluntarios de <b>Perros del Alma<\/b> estar\u00e1n concientizando sobre la importancia de la adopci\u00f3n y vender\u00e1n productos de cer\u00e1mica para financiar su funcionamiento. Se trata de una ONG sin fines de lucro, llamada \u201cRed de Protecci\u00f3n Animal Perros del Alma\u201d que actualmente tienen 250 perros que han rescatado de la calle en situaci\u00f3n de salud cr\u00edtica y\/o maltrato. Los que ya est\u00e1n recuperados est\u00e1n en adopci\u00f3n. Todos est\u00e1n vacunados, desparasitados y castrados. El objetivo de la instituci\u00f3n es poder encontrar un hogar para cada uno de los perros recuperados, darlos en adopci\u00f3n y poder seguir rescatando m\u00e1s perros abandonados en la calle o rescatados de maltrato. Adem\u00e1s, buscan formar conciencia en la sociedad sobre el respeto a la vida y el bienestar de los animales, la importancia de la esterilizaci\u00f3n como \u00fanico medio de control poblacional, la vacunaci\u00f3n, la adopci\u00f3n en lugar de comprar.<\/p>\n<p>Tambi\u00e9n estar\u00e1n los voluntarios de Amor de Perro ofreciendo mascotas en adopci\u00f3n.<\/p>\n<p><span style=\"font-size: small;\">\u00a0<\/span><b>Pilar de Feria \u201cLa F\u00e1brica<\/b>\u201d tendr\u00e1 lugar en este centro cultural y predio ferial ubicado en Km 50 con f\u00e1cil acceso desde Panamericana Ramal Pilar y desde Ruta 8, a tres cuadras de Jumbo Pilar con f\u00e1cil acceso en auto o transporte p\u00fablico.<\/p>\n<p><b> C\u00d3MO LLEGAR<\/b><\/p>\n<p>&nbsp;<\/p>\n<p>En auto desde Capital Federal o desde Pilar se accede desde la altura Km 50 de ramal Pilar de la ruta Panamericana (bajada Palmas del Pilar \/ Jumbo \/ Villages Pilar). Tomar el puente hacia el lado de Palmas del Pilar \/ Hotel Ibis. Sobre la calle Las Magnolias, tomar la primera calle a la derecha (cartel de ingreso a Barrio La Esmeralda \u2013 como referencia est\u00e1 la concesionaria Mercedes Benz Las Mercedes), tres cuadras sobre esa calle y media a la izquierda<\/p>\n<p>O altura km 50 de ruta 8, tomar la calle del destacamento policial y de all\u00ed son tres cuadras sobre Ambrosetti (en la esquina de ruta 8 est\u00e1 Remises Next)<\/p>\n<p>EN COLECTIVO (algunas de las l\u00edneas que te dejan a pocas cuadras):<\/p>\n<p>L\u00ednea 57 (Express, Servicio Com\u00fan por Autopista o Ruta 8) bajada Km 50<\/p>\n<p>501 por autopista (parada k 50)<\/p>\n<p>203 (por autopista o por ruta 8)<\/p>\n<p>271 (por ruta 8, bajada Km 50)<\/p>\n<p>520 a Derqui (parada Km 50)<\/p>\n<p>176 por ruta 8 Parada Km 50<\/p>\n<p><a href=\"http:\/\/www.pilardeferia.com.ar\/donde.htm\"> www.pilardeferia.com.ar\/donde.htm<\/a><\/p>\n<p><span style=\"font-size: small;\"> Acerca de Pilar de Feria<\/span><\/p>\n<p><span style=\"font-size: xx-small;\">Esta es una nueva edici\u00f3n de<b> Pilar de Feria<\/b> (mir\u00e1 todas las ediciones en <\/span> <a href=\"http:\/\/www.pilardeferia.com.ar\/ediciones.htm\"> <span style=\"font-size: xx-small;\">http:\/\/www.pilardeferia.com.ar\/ediciones.htm<\/span><\/a><span style=\"font-size: xx-small;\">). El equipo de <b>Pilar de Feria <\/b>viene organizando este tipo de eventos desde 2011 cuando realizaron<b> Pilar de Feria Navidad<\/b>, luego la edici\u00f3n Verano en 2012. M\u00e1s tarde dos ediciones en Pilar Point (\u201cDe Shopping\u201d y \u201cArtesan\u00edas, Arte y Dise\u00f1o D\u00eda de la Madre\u201d) para terminar el 2012 con la Edici\u00f3n Navidad. En 2015 realizaron la edici\u00f3n \u201cEmprendedores\u201d y \u201cShowroom\u201d en Galer\u00eda Site Zen. En marzo se realiz\u00f3 la primera feria en La F\u00e1brica, continuando el segundo s\u00e1bado de cada mes con la propuesta.<\/span><\/p>\n<p><b> <span style=\"font-size: xx-small;\">Pilar de Feria<\/span><\/b><span style=\"font-size: xx-small;\"> es un evento peri\u00f3dico y tem\u00e1tico\u00a0 posee diversos t\u00f3picos. La entrada siempre es libre y gratuita para todo el p\u00fablico y el objetivo es darle a los emprendedores un lugar para la exhibici\u00f3n y venta de sus productos. Por Ordenanza 328\/12, <b> Pilar de Feria<\/b> fue declarada de Inter\u00e9s Municipal.<\/span><\/p>\n<p><span style=\"font-size: xx-small;\">Como signo distintivo, a la muestra de productos y servicios se le agregan eventos y herramientas que se le otorgan a los emprendedores como valor agregado para convertirse en una excelente herramienta de marketing, difusi\u00f3n y venta. Adem\u00e1s, de un recomendable paseo en familia. <\/span><\/p>\n<p><span style=\"font-size: xx-small;\">Los emprendedores, adem\u00e1s del apoyo en la difusi\u00f3n de su actividad reciben capacitaci\u00f3n, tips y consejos brindados por expertos en la materia<\/span><\/p>\n<p><span style=\"font-size: small;\"><b><i><span style=\"font-family: Arial;\">Por otras im\u00e1genes, audios o entrevistas no dude en contactarse<\/span><\/i><\/b><\/span><\/p>\n<p align=\"center\"><span style=\"font-size: small;\"><b><i> Contactos de Prensa<\/i><\/b><\/span><\/p>\n<div align=\"left\">\n<table width=\"100%\" border=\"1\" cellpadding=\"2\" align=\"left\">\n<tbody>\n<tr>\n<td align=\"center\" width=\"50%\">\n<p align=\"left\"><span style=\"font-size: medium;\"><strong><span style=\"color: #808080; font-family: Arial; font-size: small;\"> Mayra Ibarra &#8211; Asistente de Cuentas<\/p>\n<p><\/span> <\/strong><\/span> <span style=\"font-size: xx-small;\"><span style=\"color: #ff0000;\"> Directo<\/span><b>: <\/b> 0230<\/span><span style=\"font-size: xx-small;\">-4664772<br \/>\n<\/span><span style=\"color: #ff0000; font-size: xx-small;\"> Skype:<\/span><span style=\"font-size: xx-small;\"> quasarcomunicacion<br \/>\n<\/span><span style=\"color: #ff0000; font-size: xx-small;\"> Twitter:<\/span><span style=\"font-size: xx-small;\"> @quasarpilar<br \/>\n<\/span><span style=\"color: #ff0000; font-size: xx-small;\"> Gr<\/span><span style=\"color: #ff0000; font-size: xx-small;\">upo y p\u00e1gina en Facebook: <\/span> <span style=\"color: #808080; font-size: xx-small;\">www.facebook.com\/<\/span><a href=\"mailto:mfipata@gmail.com\"><span style=\"font-size: xx-small;\">Quasar<\/span><\/a><span style=\"font-size: xx-small;\">Comunicacion<br \/>\n<\/span><span style=\"color: #ff0000; font-size: xx-small;\"> Web:<\/span><b><\/b> <a href=\"http:\/\/www.quasarcomunicacion.com.ar\/\"> <span style=\"font-size: xx-small;\">www.quasarcomunicacion.com.ar<\/span><\/a><\/p>\n<p align=\"left\"><span style=\"font-size: xx-small;\"> <span style=\"color: #ff0000;\">Mail<\/span><b>:<\/b><\/span><span style=\"font-size: xx-small;\"> <a href=\"mailto:fernanda@quasarcomunicacion.com.ar\"> quasar<\/a><a href=\"mailto:fernanda@quasarcomunicacion.com.ar\">@quasarcomunicacion.com.ar<\/a><\/span><\/p>\n<\/td>\n<td align=\"center\" width=\"50%\">\n<p align=\"right\"><span style=\"font-size: medium;\"><strong> <span style=\"color: #808080; font-family: Arial; font-size: small;\"> Lic. Mar\u00eda Fernanda Ipata &#8211; Directora<br \/>\n<\/span> <\/strong><\/span> <span style=\"font-size: xx-small;\"><span style=\"color: #ff0000;\"><br \/>\nDirecto<\/span><b>: <\/b> 0230<\/span><span style=\"font-size: xx-small;\">-4664772<\/span><span style=\"font-size: xx-small;\"><br \/>\n<\/span><span style=\"font-size: xx-small;\"> <span style=\"color: #ff0000;\">M\u00f3vil:<\/span><b> <\/b> 0230<\/span><span style=\"font-size: xx-small;\">-15-4584535<br \/>\n011-15-6096-4656 ID 558*3763<br \/>\n<\/span><span style=\"color: #ff0000; font-size: xx-small;\"> Skype:<\/span><span style=\"font-size: xx-small;\"> quasarcomunicacion<br \/>\n<\/span><span style=\"color: #ff0000; font-size: xx-small;\"> Twitter:<\/span><span style=\"font-size: xx-small;\"> @quasarpilar<br \/>\n<\/span><span style=\"color: #ff0000; font-size: xx-small;\"> Gr<\/span><span style=\"color: #ff0000; font-size: xx-small;\">upo y p\u00e1gina en Facebook: <\/span> <span style=\"color: #808080; font-size: xx-small;\">www.facebook.com\/<\/span><a href=\"mailto:mfipata@gmail.com\"><span style=\"font-size: xx-small;\">Quasar<\/span><\/a><span style=\"font-size: xx-small;\">Comunicacion<br \/>\n<\/span><span style=\"font-size: xx-small;\"> <span style=\"color: #ff0000;\">LinkedIn<\/span><b>:\u00a0 <\/b><\/span> <span style=\"font-size: xx-small;\"><b> <a href=\"http:\/\/www.linkedin.com\/in\/mfipata\"> http:\/\/www.linkedin.com\/in\/mfipata<\/a><\/b><\/span><span style=\"font-size: xx-small;\"><br \/>\n<\/span><span style=\"color: #ff0000; font-size: xx-small;\"> Web:<\/span><b><\/b> <a href=\"http:\/\/www.quasarcomunicacion.com.ar\/\"> <span style=\"font-size: xx-small;\">www.quasarcomunicacion.com.ar<\/span><\/a><span style=\"font-size: xx-small;\"><br \/>\n<\/span><span style=\"font-size: xx-small;\"> <span style=\"color: #ff0000;\">Mail<\/span><b>:<\/b><\/span><span style=\"font-size: xx-small;\"><a href=\"mailto:fernanda@quasarcomunicacion.com.ar\"> fernanda@quasarcomunicacion.com.ar<\/a><\/span><\/p>\n<\/td>\n<\/tr>\n<\/tbody>\n<\/table>\n<\/div>\n","protected":false},"excerpt":{"rendered":"<p>Como cada segundo s\u00e1bado del mes, el pr\u00f3ximo 10 de septiembre se viene una nueva edici\u00f3n de PILAR DE FERIA [&hellip;]<\/p>\n","protected":false},"author":2,"featured_media":7229,"comment_status":"open","ping_status":"open","sticky":false,"template":"","format":"standard","meta":[],"categories":[2],"tags":[],"_links":{"self":[{"href":"https:\/\/quasarcomunicacion.com.ar\/web\/wp-json\/wp\/v2\/posts\/7228"}],"collection":[{"href":"https:\/\/quasarcomunicacion.com.ar\/web\/wp-json\/wp\/v2\/posts"}],"about":[{"href":"https:\/\/quasarcomunicacion.com.ar\/web\/wp-json\/wp\/v2\/types\/post"}],"author":[{"embeddable":true,"href":"https:\/\/quasarcomunicacion.com.ar\/web\/wp-json\/wp\/v2\/users\/2"}],"replies":[{"embeddable":true,"href":"https:\/\/quasarcomunicacion.com.ar\/web\/wp-json\/wp\/v2\/comments?post=7228"}],"version-history":[{"count":0,"href":"https:\/\/quasarcomunicacion.com.ar\/web\/wp-json\/wp\/v2\/posts\/7228\/revisions"}],"wp:featuredmedia":[{"embeddable":true,"href":"https:\/\/quasarcomunicacion.com.ar\/web\/wp-json\/wp\/v2\/media\/7229"}],"wp:attachment":[{"href":"https:\/\/quasarcomunicacion.com.ar\/web\/wp-json\/wp\/v2\/media?parent=7228"}],"wp:term":[{"taxonomy":"category","embeddable":true,"href":"https:\/\/quasarcomunicacion.com.ar\/web\/wp-json\/wp\/v2\/categories?post=7228"},{"taxonomy":"post_tag","embeddable":true,"href":"https:\/\/quasarcomunicacion.com.ar\/web\/wp-json\/wp\/v2\/tags?post=7228"}],"curies":[{"name":"wp","href":"https:\/\/api.w.org\/{rel}","templated":true}]}}