{"id":7205,"date":"2016-08-25T14:30:40","date_gmt":"2016-08-25T17:30:40","guid":{"rendered":"https:\/\/quasarcomunicacion.com.ar\/web\/?p=7205"},"modified":"2016-08-25T14:30:40","modified_gmt":"2016-08-25T17:30:40","slug":"bicicleteada-y-plantacion-de-autoctonas-para-festejar-los-13-anos-de-la-reserva-natural-del-pilar","status":"publish","type":"post","link":"https:\/\/quasarcomunicacion.com.ar\/web\/bicicleteada-y-plantacion-de-autoctonas-para-festejar-los-13-anos-de-la-reserva-natural-del-pilar\/","title":{"rendered":"Bicicleteada y plantaci\u00f3n de aut\u00f3ctonas para festejar los 13 a\u00f1os de la Reserva Natural del Pilar"},"content":{"rendered":"<p style=\"text-align: left;\" align=\"center\"><i>\u00a0<a href=\"https:\/\/quasarcomunicacion.com.ar\/web\/wp-content\/uploads\/2016\/08\/plantacion.gif\"><img class=\"alignright\" alt=\"plantacion\" src=\"https:\/\/quasarcomunicacion.com.ar\/web\/wp-content\/uploads\/2016\/08\/plantacion.gif\" \/><\/a><\/i><span style=\"font-family: Verdana; font-size: small;\">La <b>Asociaci\u00f3n Patrimonio Natural <\/b>y la <b>Reserva Natural del Pilar<\/b> est\u00e1n festejado sus 13 a\u00f1os de vida. Es por eso que este domingo 28 de agosto, a partir de las 11 hs, se dar\u00e1 comienzo a una serie de actividades para compartir en familia o con amigos y celebrar un nuevo aniversario.<!--more--><\/span><\/p>\n<p>\u00a0<span style=\"font-family: Verdana; font-size: small;\">A las 11:00 hs, desde la plaza 12 de Octubre, frente a la Parroquia de Pilar, se iniciar\u00e1 una caravana con bicicletas decoradas para la ocasi\u00f3n, que se dirigir\u00e1n hasta la Reserva Natural.<\/span><\/p>\n<p><span style=\"font-family: Verdana; font-size: small;\">Durante el recorrido se har\u00e1 la plantaci\u00f3n de nativas en diversos puntos.<br \/>\nY para finalizar, a las 14:30 hs, ser\u00e1 el festejo del cumplea\u00f1os y el corte de torta.<\/span><\/p>\n<p><span style=\"font-family: Verdana; font-size: small;\">La invitaci\u00f3n permanece abierta a todos los simpatizantes de la naturaleza, a los que alguna vez hayan realizado alguna actividad o visitado la Reserva, o a quienes a\u00fan deseen hacerlo.<\/span><\/p>\n<p><span style=\"font-family: Verdana; font-size: small;\">Para m\u00e1s informaci\u00f3n o contacto comunicarse llamando al (011) 15-5730-2504<\/span><\/p>\n<p><span style=\"font-family: Verdana; font-size: small;\">La <b>Reserva Natural del Pilar<\/b> se encuentra a menos de 2 km del casco urbano de la ciudad del Pilar y de la Panamericana (Ramal Pilar). Su acceso es muy f\u00e1cil ya que hay asfalto hasta el ingreso a la misma y el colectivo 503 llega hasta all\u00ed, indica a Ex F\u00e1brica Militar y parte del centro de Pilar. La Reserva se halla en la calle Argerich sin n\u00famero, detr\u00e1s de la ex F\u00e1brica Militar, por ruta 25 camino a Escobar.<\/span><\/p>\n<p><span style=\"font-size: small;\"><b><i><span style=\"font-family: Arial;\">Por otras im\u00e1genes, audios o entrevistas no dude en contactarse<\/span><\/i><\/b><\/span><\/p>\n<p align=\"center\"><span style=\"font-size: small;\"><b><i> Contactos de Prensa<\/i><\/b><\/span><\/p>\n<div align=\"left\">\n<table width=\"100%\" border=\"1\" cellpadding=\"2\" align=\"left\">\n<tbody>\n<tr>\n<td align=\"center\" width=\"50%\">\n<p align=\"left\"><strong> <span style=\"color: #ff0000; font-family: Arial; font-size: small;\">Mayra Ibarra<\/span><\/strong><span style=\"font-size: medium;\"><strong><span style=\"color: #808080; font-family: Arial; font-size: small;\"> &#8211; Asistente de Cuentas<\/p>\n<p><\/span> <\/strong><\/span> <span style=\"font-size: xx-small;\"><span style=\"color: #ff0000;\"> Directo<\/span><b>: <\/b> 0230<\/span><span style=\"font-size: xx-small;\">-4664772<br \/>\n<\/span><span style=\"color: #ff0000; font-size: xx-small;\"> Skype:<\/span><span style=\"font-size: xx-small;\"> quasarcomunicacion<br \/>\n<\/span><span style=\"color: #ff0000; font-size: xx-small;\"> Twitter:<\/span><span style=\"font-size: xx-small;\"> @quasarpilar<br \/>\n<\/span><span style=\"color: #ff0000; font-size: xx-small;\"> Gr<\/span><span style=\"color: #ff0000; font-size: xx-small;\">upo y p\u00e1gina en Facebook: <\/span> <span style=\"color: #808080; font-size: xx-small;\">www.facebook.com\/<\/span><a href=\"mailto:mfipata@gmail.com\"><span style=\"font-size: xx-small;\">Quasar<\/span><\/a><span style=\"font-size: xx-small;\">Comunicacion<br \/>\n<\/span><span style=\"color: #ff0000; font-size: xx-small;\"> Web:<\/span><b><\/b> <a href=\"http:\/\/www.quasarcomunicacion.com.ar\/\"> <span style=\"font-size: xx-small;\">www.quasarcomunicacion.com.ar<\/span><\/a><\/p>\n<p align=\"left\"><span style=\"font-size: xx-small;\"> <span style=\"color: #ff0000;\">Mail<\/span><b>:<\/b><\/span><span style=\"font-size: xx-small;\"> <a href=\"mailto:fernanda@quasarcomunicacion.com.ar\"> quasar@quasarcomunicacion.com.ar<\/a><\/span><\/p>\n<\/td>\n<td align=\"center\" width=\"50%\">\n<p align=\"right\"><span style=\"font-size: medium;\"><strong> <span style=\"color: #808080; font-family: Arial; font-size: small;\"> Lic. Mar\u00eda Fernanda Ipata &#8211; Directora<br \/>\n<\/span> <\/strong><\/span> <span style=\"font-size: xx-small;\"><span style=\"color: #ff0000;\"><br \/>\nDirecto<\/span><b>: <\/b> 0230<\/span><span style=\"font-size: xx-small;\">-4664772<\/span><span style=\"font-size: xx-small;\"><br \/>\n<\/span><span style=\"font-size: xx-small;\"> <span style=\"color: #ff0000;\">M\u00f3vil:<\/span><b> <\/b> 0230<\/span><span style=\"font-size: xx-small;\">-15-4584535<br \/>\n011-15-6096-4656 ID 558*3763<br \/>\n<\/span><span style=\"color: #ff0000; font-size: xx-small;\"> Skype:<\/span><span style=\"font-size: xx-small;\"> quasarcomunicacion<br \/>\n<\/span><span style=\"color: #ff0000; font-size: xx-small;\"> Twitter:<\/span><span style=\"font-size: xx-small;\"> @quasarpilar<br \/>\n<\/span><span style=\"color: #ff0000; font-size: xx-small;\"> Gr<\/span><span style=\"color: #ff0000; font-size: xx-small;\">upo y p\u00e1gina en Facebook: <\/span> <span style=\"color: #808080; font-size: xx-small;\">www.facebook.com\/<\/span><a href=\"mailto:mfipata@gmail.com\"><span style=\"font-size: xx-small;\">Quasar<\/span><\/a><span style=\"font-size: xx-small;\">Comunicacion<br \/>\n<\/span><span style=\"font-size: xx-small;\"> <span style=\"color: #ff0000;\">LinkedIn<\/span><b>:\u00a0 <\/b><\/span> <span style=\"font-size: xx-small;\"><b> <a href=\"http:\/\/www.linkedin.com\/in\/mfipata\"> http:\/\/www.linkedin.com\/in\/mfipata<\/a><\/b><\/span><span style=\"font-size: xx-small;\"><br \/>\n<\/span><span style=\"color: #ff0000; font-size: xx-small;\"> Web:<\/span><b><\/b> <a href=\"http:\/\/www.quasarcomunicacion.com.ar\/\"> <span style=\"font-size: xx-small;\">www.quasarcomunicacion.com.ar<\/span><\/a><span style=\"font-size: xx-small;\"><br \/>\n<\/span><span style=\"font-size: xx-small;\"> <span style=\"color: #ff0000;\">Mail<\/span><b>:<\/b><\/span><span style=\"font-size: xx-small;\"><a href=\"mailto:fernanda@quasarcomunicacion.com.ar\"> fernanda@quasarcomunicacion.com.ar<\/a><\/span><\/p>\n<\/td>\n<\/tr>\n<\/tbody>\n<\/table>\n<\/div>\n","protected":false},"excerpt":{"rendered":"<p>\u00a0La Asociaci\u00f3n Patrimonio Natural y la Reserva Natural del Pilar est\u00e1n festejado sus 13 a\u00f1os de vida. Es por eso [&hellip;]<\/p>\n","protected":false},"author":2,"featured_media":7206,"comment_status":"open","ping_status":"open","sticky":false,"template":"","format":"standard","meta":[],"categories":[2],"tags":[],"_links":{"self":[{"href":"https:\/\/quasarcomunicacion.com.ar\/web\/wp-json\/wp\/v2\/posts\/7205"}],"collection":[{"href":"https:\/\/quasarcomunicacion.com.ar\/web\/wp-json\/wp\/v2\/posts"}],"about":[{"href":"https:\/\/quasarcomunicacion.com.ar\/web\/wp-json\/wp\/v2\/types\/post"}],"author":[{"embeddable":true,"href":"https:\/\/quasarcomunicacion.com.ar\/web\/wp-json\/wp\/v2\/users\/2"}],"replies":[{"embeddable":true,"href":"https:\/\/quasarcomunicacion.com.ar\/web\/wp-json\/wp\/v2\/comments?post=7205"}],"version-history":[{"count":0,"href":"https:\/\/quasarcomunicacion.com.ar\/web\/wp-json\/wp\/v2\/posts\/7205\/revisions"}],"wp:featuredmedia":[{"embeddable":true,"href":"https:\/\/quasarcomunicacion.com.ar\/web\/wp-json\/wp\/v2\/media\/7206"}],"wp:attachment":[{"href":"https:\/\/quasarcomunicacion.com.ar\/web\/wp-json\/wp\/v2\/media?parent=7205"}],"wp:term":[{"taxonomy":"category","embeddable":true,"href":"https:\/\/quasarcomunicacion.com.ar\/web\/wp-json\/wp\/v2\/categories?post=7205"},{"taxonomy":"post_tag","embeddable":true,"href":"https:\/\/quasarcomunicacion.com.ar\/web\/wp-json\/wp\/v2\/tags?post=7205"}],"curies":[{"name":"wp","href":"https:\/\/api.w.org\/{rel}","templated":true}]}}