{"id":720,"date":"2012-08-23T21:38:56","date_gmt":"2012-08-23T21:38:56","guid":{"rendered":"http:\/\/quasarcomunicacion.wordpress.com\/?p=720"},"modified":"2012-08-23T21:38:56","modified_gmt":"2012-08-23T21:38:56","slug":"los-docentes-tienen-una-alta-propension-a-sufrir-trastornos-de-ansiedad","status":"publish","type":"post","link":"https:\/\/quasarcomunicacion.com.ar\/web\/los-docentes-tienen-una-alta-propension-a-sufrir-trastornos-de-ansiedad\/","title":{"rendered":"Los docentes tienen una alta propensi\u00f3n a sufrir trastornos de ansiedad"},"content":{"rendered":"<p><img loading=\"lazy\" src=\"http:\/\/www.quasarcomunicacion.com.ar\/ceeta\/2009\/docente.gif\" alt=\"\" width=\"300\" height=\"204\" align=\"right\" hspace=\"6\" vspace=\"6\" \/><span style=\"font-family:Verdana;font-size:small;\">Seg\u00fan el <strong>Centro de Estudios Especializados en Trastornos de Ansiedad (CEETA)<\/strong>, en la actualidad, la docencia est\u00e1 calificada como una de las profesiones en la que, quienes la ejercen, est\u00e1n proclives a sufrir un trastorno denominado burn out \u2013o s\u00edndrome del quemado-, como as\u00ed tambi\u00e9n alg\u00fan trastorno de ansiedad.<!--more--><\/span><br \/>\n<span style=\"font-family:Verdana;font-size:small;\">\u201cEsto se debe en parte, a que la tarea docente implica muchas veces estar en contacto con ni\u00f1os o adolescentes en los cuales la falta de l\u00edmites est\u00e1 al orden del d\u00eda. A esto se suma la alta responsabilidad con la que carga la persona, que tiene a su cargo el cuidado y la educaci\u00f3n de menores, la alta carga horaria y los bajos salarios\u201d, explica la Lic. Gabriela Mart\u00ednez Castro, Directora del <strong>CEETA<\/strong>.<\/span><br \/>\n<span style=\"font-family:Verdana;font-size:small;\">\u201cTambi\u00e9n debe darse en estas circunstancias, que el docente tenga una predisposici\u00f3n gen\u00e9tica a sufrir alg\u00fan tipo de trastorno de ansiedad y que se de alguna situaci\u00f3n o hecho puntual de agresi\u00f3n dentro del \u00e1mbito escolar que sea desencadenante del trastorno\u201d, agrega Mart\u00ednez Castro.<\/span><\/p>\n<div align=\"center\">\n<table id=\"AutoNumber5\" width=\"90%\" border=\"0\" cellspacing=\"4\" cellpadding=\"4\">\n<tbody>\n<tr>\n<td bgcolor=\"#ECFFF9\" width=\"100%\"><em> <span style=\"font-family:Verdana;font-size:xx-small;\">La licenciada Gabriela Mart\u00ed<\/span><\/em><span style=\"font-family:Verdana;font-size:xx-small;\"><em>nez Castro, directora del CEETA, est\u00e1 disponible para consultas o entrevistas sobre el tema. Comunicarse al 011-4110-0183 \u00f3 011-15-6096-4656 para concretarlas o enviar un mail a <a href=\"mailto:gabriela@quasarcomunicacion.com.ar\"> fernanda@quasarcomunicacion.com.ar <\/a>\u00a0<\/em><\/span><\/td>\n<\/tr>\n<\/tbody>\n<\/table>\n<\/div>\n<p><span style=\"font-family:Verdana;font-size:small;\">El S\u00edndrome de burn out es un tipo de estr\u00e9s laboral que afecta preferentemente a las profesiones caracterizadas por el contacto con personas, como lo son, la docencia, la medicina, la psicolog\u00eda, los telemarketing, entre otras. Estos profesionales se esfuerzan desmedidamente y de forma sostenida en el tiempo, lo cual origina grandes riesgos de contraer enfermedades, afectando, parad\u00f3jicamente, su rendimiento laboral y su calidad de vida.<\/span><br \/>\n<span style=\"font-family:Verdana;font-size:small;\">Otros tipos de trastornos tambi\u00e9n comunes en estas \u00e1reas son los trastornos de p\u00e1nico y trastorno por ansiedad generalizada, entre otros.<\/span><br \/>\n<strong><span style=\"font-family:Verdana;font-size:small;\">Importancia de diferenciar lo biol\u00f3gico de lo psicol\u00f3gico<\/span><\/strong><br \/>\n<span style=\"font-family:Verdana;font-size:small;\">Seg\u00fan Mart\u00ednez Castro, ante este tipo de situaci\u00f3n lo primero que se debe hacer es diferenciar si se trata de una cuesti\u00f3n biol\u00f3gica o un ataque de ansiedad. La cuesti\u00f3n biol\u00f3gica puede descartarse con un chequeo m\u00e9dico. <\/span><br \/>\n<span style=\"font-family:Verdana;font-size:small;\">\u201cSiempre hay que tener en cuenta que tal vez estamos ante un cuadro biol\u00f3gico y no ante un simple cuadro de ansiedad. Muchas veces se confunde con enfermedades por sus s\u00edntomas, que pueden ser taquicardia, sudoraci\u00f3n, mareos, sensaci\u00f3n de morir y perdida de control, entre otros\u201d, dijo la psic\u00f3loga.<\/span><br \/>\n<span style=\"font-family:Verdana;font-size:small;\">\u201cNinguno de estos s\u00edntomas, si procede de un trastorno de ansiedad, va a dejar secuelas desde el punto de vista biol\u00f3gico. Pero si puede desde dejarlas desde el punto de vista psicol\u00f3gico, ya que por lo general quien lo sufre teme volver a padecerlo\u201d, agrega. <\/span><br \/>\n<span style=\"font-family:Verdana;font-size:small;\">Finalmente, se recomienda que quienes sufren de alguna de estas patolog\u00edas pidan ayuda, ya que cuando se llega a una situaci\u00f3n en la que aparece un trastorno de este tipo la persona corre el riesgo de que incapacite su vida.<\/span><\/p>\n<div align=\"center\">\n<table id=\"AutoNumber4\" width=\"90%\" border=\"0\" cellspacing=\"4\" cellpadding=\"4\">\n<tbody>\n<tr>\n<td bgcolor=\"#ECFFF9\" width=\"100%\"><em> <span style=\"font-family:Verdana;font-size:xx-small;\">La licenciada Gabriela Mart\u00ed<\/span><\/em><span style=\"font-family:Verdana;font-size:xx-small;\"><em>nez Castro, directora del CEETA, est\u00e1 disponible para consultas o entrevistas sobre el tema. Comunicarse al 011-4110-0183 \u00f3 011-15-6096-4656 para concretarlas o enviar un mail a <a href=\"mailto:gabriela@quasarcomunicacion.com.ar\"> fernanda@quasarcomunicacion.com.ar <\/a><\/em><\/span><\/td>\n<\/tr>\n<\/tbody>\n<\/table>\n<\/div>\n<p><span style=\"font-family:Verdana;font-size:small;\">El equipo de profesionales del <strong>Centro de Estudios Especializados en Trastornos de Ansiedad <\/strong>brinda tratamiento para este tipo de problemas.\u00a0 El <strong>CEETA<\/strong> est\u00e1 ubicado en el Edificio Concord-Sector los Almendros-piso segundo Oficina 202. Km 50 de la ruta Panamericana ramal Pilar. Sedes en Parque Patricios, Belgrano, Barrio Norte y San Isidro. En 2012 abri\u00f3 una sede en Madrid (Espa\u00f1a).Tel\u00e9fono: 0230-4667175 \u00f3 al Celular 15-4416-1578 <a href=\"http:\/\/www.ceeta.org\/\">www.ceeta.org<\/a>\u00a0 <a href=\"mailto:info@ceeta.org\">info@ceeta.org<\/a> <\/span><\/p>\n<p align=\"center\"><span style=\"font-family:Verdana;font-size:small;\">Acceso a toda la informaci\u00f3n ingresando en <a href=\"http:\/\/www.quasarcomunicacion.com.ar\/ceeta\"> www.quasarcomunicacion.com.ar\/ceeta<\/a> <\/span><\/p>\n","protected":false},"excerpt":{"rendered":"<p>Seg\u00fan el Centro de Estudios Especializados en Trastornos de Ansiedad (CEETA), en la actualidad, la docencia est\u00e1 calificada como una [&hellip;]<\/p>\n","protected":false},"author":2,"featured_media":0,"comment_status":"open","ping_status":"open","sticky":false,"template":"","format":"standard","meta":[],"categories":[34],"tags":[],"_links":{"self":[{"href":"https:\/\/quasarcomunicacion.com.ar\/web\/wp-json\/wp\/v2\/posts\/720"}],"collection":[{"href":"https:\/\/quasarcomunicacion.com.ar\/web\/wp-json\/wp\/v2\/posts"}],"about":[{"href":"https:\/\/quasarcomunicacion.com.ar\/web\/wp-json\/wp\/v2\/types\/post"}],"author":[{"embeddable":true,"href":"https:\/\/quasarcomunicacion.com.ar\/web\/wp-json\/wp\/v2\/users\/2"}],"replies":[{"embeddable":true,"href":"https:\/\/quasarcomunicacion.com.ar\/web\/wp-json\/wp\/v2\/comments?post=720"}],"version-history":[{"count":0,"href":"https:\/\/quasarcomunicacion.com.ar\/web\/wp-json\/wp\/v2\/posts\/720\/revisions"}],"wp:attachment":[{"href":"https:\/\/quasarcomunicacion.com.ar\/web\/wp-json\/wp\/v2\/media?parent=720"}],"wp:term":[{"taxonomy":"category","embeddable":true,"href":"https:\/\/quasarcomunicacion.com.ar\/web\/wp-json\/wp\/v2\/categories?post=720"},{"taxonomy":"post_tag","embeddable":true,"href":"https:\/\/quasarcomunicacion.com.ar\/web\/wp-json\/wp\/v2\/tags?post=720"}],"curies":[{"name":"wp","href":"https:\/\/api.w.org\/{rel}","templated":true}]}}