{"id":7129,"date":"2016-07-05T12:47:23","date_gmt":"2016-07-05T15:47:23","guid":{"rendered":"https:\/\/quasarcomunicacion.com.ar\/web\/?p=7129"},"modified":"2016-07-05T12:47:23","modified_gmt":"2016-07-05T15:47:23","slug":"este-9-de-julio-celebralo-en-katharina-bistro","status":"publish","type":"post","link":"https:\/\/quasarcomunicacion.com.ar\/web\/este-9-de-julio-celebralo-en-katharina-bistro\/","title":{"rendered":"Este 9 de julio celebralo en Katharina Bistr\u00f3"},"content":{"rendered":"<p style=\"text-align: left;\" align=\"center\"><b style=\"font-family: Verdana; font-size: small;\">\u00a0<\/b><span style=\"font-family: Verdana; font-size: small;\">Para celebrar los 200 a\u00f1os de la Independencia, <\/span><b style=\"font-family: Verdana; font-size: small;\">Katharina Bistr\u00f3<\/b><span style=\"font-family: Verdana; font-size: small;\">, el restaurante de Entre Cielos, lanza un men\u00fa especial con su mejor selecci\u00f3n de productos y vinos para acompa\u00f1ar. Para m\u00e1s informaci\u00f3n y reservas escribir a katharina@entrecielos.com o llamar al 261 4983377.<!--more--><\/span><\/p>\n<p align=\"left\"><a href=\"https:\/\/quasarcomunicacion.com.ar\/web\/wp-content\/uploads\/2014\/05\/katharina.gif\"><img class=\"aligncenter\" alt=\"katharina\" src=\"https:\/\/quasarcomunicacion.com.ar\/web\/wp-content\/uploads\/2014\/05\/katharina.gif\" \/><\/a><\/p>\n<p align=\"left\"><span style=\"font-family: Verdana; font-size: small;\">Ubicado en Guardia Vieja 1998, Vistalba, Luj\u00e1n de Cuyo, Mendoza.<br \/>\nPor s\u00f3lo $750 por persona (con IVA incluido), se podr\u00e1 disfrutar de las siguientes opciones este s\u00e1bado 9 de julio al mediod\u00eda. <\/span><\/p>\n<p><span style=\"font-family: Verdana; font-size: small;\">&#8211; Entrada: Mini tartitas de escalibada con mix de hojas verdes o empanadas criollas con salsa norte\u00f1a.<br \/>\n&#8211; Principal: Risotto de cebada con queso de cabra y calabazas asadas o Entrec\u00f4te grillado al estilo criollo, acompa\u00f1ados de papas, puerros, tomates quemados y aros de cebollas crocantes.<br \/>\n&#8211; Quesos y Dulces: Crotin, Camembert, Gruyer; calabaza en alm\u00edbar, dulce de alcayota con nuez, cascaras de naranja confitadas.<br \/>\n&#8211; Postre: Peras al Torront\u00e9s con salsa de chocolate sobre Crocante de algarrobo y helado de vainilla.<br \/>\n&#8211; Petit Four: Tabletitas Mendocinas.<br \/>\nSe pueden elegir cualquiera de las opciones de Entrada y Men\u00fa Principal. Adem\u00e1s se incluye Vinos de La Bodega Las Perdices, aguas con gas y sin gas l\u00ednea Villavicencio, gaseosas l\u00ednea Coca Cola y Caf\u00e9 Nespresso. <\/span><\/p>\n<p><span style=\"font-family: Verdana; font-size: small;\"><b>Vuelve Tanz <\/b><br \/>\nComo si fuera poco, luego de disfrutar del men\u00fa patri\u00f3tico de <b>Katharina Bistr\u00f3 <\/b>y un circuito en el Hamam Spa, <b> Entre Cielos<\/b> invita a tomar tragos en <b>#TanzEntreCielos.<\/b><\/span><\/p>\n<p><span style=\"font-family: Verdana; font-size: small;\"><b>Entre Cielos Luxury Wine Hotel &amp; Spa<\/b> contin\u00faa innovando a partir de nuevas experiencias para sus invitados. Esta vez, #TANZ Entre Cielos: Bar &amp; Baile. Esta segunda entrega tendr\u00e1 lugar desde las 20 hs en Entre Cielos (Guardia Vieja 1998- Luj\u00e1n de Cuyo) con playa de estacionamiento totalmente gratuito.<br \/>\nPod\u00e9s adquirir tu entrada con el Combo Entre Cielos a s\u00f3lo $350 <\/span><\/p>\n<p align=\"left\"><span style=\"font-family: Verdana; font-size: small;\"> <b>Acerca de Entre Cielos<\/b><\/span><\/p>\n<p align=\"left\"><span style=\"font-family: Verdana; font-size: xx-small;\"> <i><b>Entre Cielos Luxury Wine Hotel &amp; Spa \u00abLa Experiencia Moderna de Mendoza\u00bb<\/b><\/i>, un hotel boutique urbano inspirado por la belleza natural donde el hu\u00e9sped podr\u00e1 relajarse en en el tranquilo Spa + Hamam, disfrutar de las 3.2 hect\u00e1reas de vinos Malbec y renovar sus ansias de aventura. <\/span><\/p>\n<p align=\"left\"><span style=\"font-family: Verdana; font-size: xx-small;\">Est\u00e1 situado en las afueras de la ciudad, escondido en el centro de Luj\u00e1n de Cuyo, la mejor regi\u00f3n de Malbec de Mendoza. Entre Cielos tiene accesos al aeropuerto y al centro de la ciudad, pero est\u00e1 anclado en el centro de la majestuosa tierra del vino de Mendoza.<\/span><\/p>\n<p align=\"left\"><span style=\"font-family: Verdana; font-size: xx-small;\">Moderno y c\u00f3modo, el alegre exterior de<b> Entre Cielos<\/b> y los acogedores interiores est\u00e1n formados por l\u00edneas limpias y sensuales curvas que abrazan la belleza natural del entorno, conviviendo en perfecta armon\u00eda.<\/span><\/p>\n<p align=\"left\"><span style=\"font-family: Verdana; font-size: xx-small;\">Posee 16 espaciosas habitaciones, cuidadosamente dise\u00f1adas con amplias vistas, detalles sofisticados y lujosas camas con s\u00e1banas de lino. Para las parejas rom\u00e1nticas o los en\u00f3filos, la <i>Limited Edition Vineyard Loft <\/i>es un tesoro. Esta joya est\u00e1 flotando sobre los extensos vi\u00f1edos. El loft disfruta de las vistas m\u00e1s emocionantes de Los Andes, los vinos Malbec y los luminosos cielos de Mendoza.<\/span><\/p>\n<p align=\"left\"><span style=\"font-family: Verdana; font-size: xx-small;\">El Spa + Hamam es literalmente un santuario, en su interior se congregan los beneficios de las pr\u00e1cticas tradicionales turcas como m\u00e9todo de limpieza y relajaci\u00f3n, siendo el \u00fanico hamam tradicional de todo el continente. <\/span><\/p>\n<p align=\"left\"><span style=\"font-family: Verdana; font-size: xx-small;\">Adem\u00e1s, cenar en <b>Entre Cielos<\/b> es como reunir Mendoza y la estaci\u00f3n del a\u00f1o actual, ya que el restaurante renueva su carta de platos gourmet en cada momento del a\u00f1o. Las opciones de la carta para la cena tienen el objetivo de estimular el paladar, mientras se conocen las tradiciones locales y argentinas con un toque moderno.<\/span><\/p>\n<p align=\"left\"><span style=\"font-family: Verdana; font-size: xx-small;\">Por \u00faltimo, el vino ocupa un lugar destacado. Ser\u00eda inconcebible viajar a una zona vitivin\u00edcola tan renombrada a nivel mundial y perdernos la posibilidad de elaborar el vino propio. \u00abEmpezamos el proyecto desde cero y hemos podido sentarnos con nuestro en\u00f3logo y decidir exactamente c\u00f3mo queremos desarrollar nuestros vinos y vi\u00f1edos. Adem\u00e1s, descubrir creaciones nuevas y cl\u00e1sicas de las bodegas locales es una experiencia sin fin en Mendoza\u00bb, indican los propietarios.<\/span><br \/>\n<span style=\"font-size: xx-small;\"><br \/>\n<\/span> <span style=\"font-family: Verdana; font-size: xx-small;\"> <b>Informaci\u00f3n y contacto:<\/b> hotel@entrecielos.com<br \/>\nTel\u00e9fono de contacto: 0261-498 33 77<br \/>\n<a href=\"http:\/\/www.entrecielos.com\/\">www.entrecielos.com<\/a><\/span><\/p>\n<p>&nbsp;<\/p>\n<p align=\"center\"><b><i> Por otras im\u00e1genes, audios o entrevistas no dude en contactarse<\/i><\/b><\/p>\n<p align=\"center\">Acceso a toda la informaci\u00f3n ingresando en \u00a0<b><i><br \/>\n<a href=\"http:\/\/www.quasarcomunicacion.com.ar\/entrecielos\"> www.quasarcomunicacion.com.ar\/web\/entrecielos<\/a>\u00a0 <\/i><\/b><\/p>\n<p align=\"center\"><span style=\"font-size: small;\"><b><i> Contactos de Prensa<\/i><\/b><\/span><\/p>\n<div align=\"left\">\n<table width=\"100%\" border=\"1\" cellpadding=\"2\" align=\"left\">\n<tbody>\n<tr>\n<td align=\"center\" width=\"50%\">\n<p align=\"left\"><strong> <span style=\"color: #ff0000; font-family: Arial; font-size: small;\">Mayra Ibarra<\/span><\/strong><span style=\"font-size: medium;\"><strong><span style=\"color: #808080; font-family: Arial; font-size: small;\"> &#8211; Asistente de Cuentas<\/p>\n<p><\/span> <\/strong><\/span> <span style=\"font-size: xx-small;\"><span style=\"color: #ff0000;\"> Directo<\/span><b>: <\/b> 0230<\/span><span style=\"font-size: xx-small;\">-4664772<br \/>\n<\/span><span style=\"color: #ff0000; font-size: xx-small;\"> Skype:<\/span><span style=\"font-size: xx-small;\"> quasarcomunicacion<br \/>\n<\/span><span style=\"color: #ff0000; font-size: xx-small;\"> Twitter:<\/span><span style=\"font-size: xx-small;\"> @quasarpilar<br \/>\n<\/span><span style=\"color: #ff0000; font-size: xx-small;\"> Gr<\/span><span style=\"color: #ff0000; font-size: xx-small;\">upo y p\u00e1gina en Facebook: <\/span> <span style=\"color: #808080; font-size: xx-small;\">www.facebook.com\/<\/span><a href=\"mailto:mfipata@gmail.com\"><span style=\"font-size: xx-small;\">Quasar<\/span><\/a><span style=\"font-size: xx-small;\">Comunicacion<br \/>\n<\/span><span style=\"color: #ff0000; font-size: xx-small;\"> Web:<\/span><b><\/b> <a href=\"http:\/\/www.quasarcomunicacion.com.ar\/\"> <span style=\"font-size: xx-small;\">www.quasarcomunicacion.com.ar<\/span><\/a><\/p>\n<p align=\"left\"><span style=\"font-size: xx-small;\"> <span style=\"color: #ff0000;\">Mail<\/span><b>:<\/b><\/span><span style=\"font-size: xx-small;\"> <a href=\"mailto:fernanda@quasarcomunicacion.com.ar\"> quasar@quasarcomunicacion.com.ar<\/a><\/span><\/p>\n<\/td>\n<td align=\"center\" width=\"50%\">\n<p align=\"right\"><span style=\"font-size: medium;\"><strong> <span style=\"color: #808080; font-family: Arial; font-size: small;\"> Lic. Mar\u00eda Fernanda Ipata &#8211; Directora<br \/>\n<\/span> <\/strong><\/span> <span style=\"font-size: xx-small;\"><span style=\"color: #ff0000;\"><br \/>\nDirecto<\/span><b>: <\/b> 0230<\/span><span style=\"font-size: xx-small;\">-4664772<\/span><span style=\"font-size: xx-small;\"><br \/>\n<\/span><span style=\"font-size: xx-small;\"> <span style=\"color: #ff0000;\">M\u00f3vil:<\/span><b> <\/b> 0230<\/span><span style=\"font-size: xx-small;\">-15-4584535<br \/>\n011-15-6096-4656 ID 558*3763<br \/>\n<\/span><span style=\"color: #ff0000; font-size: xx-small;\"> Skype:<\/span><span style=\"font-size: xx-small;\"> quasarcomunicacion<br \/>\n<\/span><span style=\"color: #ff0000; font-size: xx-small;\"> Twitter:<\/span><span style=\"font-size: xx-small;\"> @quasarpilar<br \/>\n<\/span><span style=\"color: #ff0000; font-size: xx-small;\"> Gr<\/span><span style=\"color: #ff0000; font-size: xx-small;\">upo y p\u00e1gina en Facebook: <\/span> <span style=\"color: #808080; font-size: xx-small;\">www.facebook.com\/<\/span><a href=\"mailto:mfipata@gmail.com\"><span style=\"font-size: xx-small;\">Quasar<\/span><\/a><span style=\"font-size: xx-small;\">Comunicacion<br \/>\n<\/span><span style=\"font-size: xx-small;\"> <span style=\"color: #ff0000;\">LinkedIn<\/span><b>:\u00a0 <\/b><\/span> <span style=\"font-size: xx-small;\"><b> <a href=\"http:\/\/www.linkedin.com\/in\/mfipata\"> http:\/\/www.linkedin.com\/in\/mfipata<\/a><\/b><\/span><span style=\"font-size: xx-small;\"><br \/>\n<\/span><span style=\"color: #ff0000; font-size: xx-small;\"> Web:<\/span><b><\/b> <a href=\"http:\/\/www.quasarcomunicacion.com.ar\/\"> <span style=\"font-size: xx-small;\">www.quasarcomunicacion.com.ar<\/span><\/a><span style=\"font-size: xx-small;\"><br \/>\n<\/span><span style=\"font-size: xx-small;\"> <span style=\"color: #ff0000;\"> Mail<\/span><b>:<\/b><\/span><span style=\"font-size: xx-small;\"><a href=\"mailto:fernanda@quasarcomunicacion.com.ar\"> fernanda@quasarcomunicacion.com.ar<\/a><\/span><\/p>\n<\/td>\n<\/tr>\n<\/tbody>\n<\/table>\n<\/div>\n","protected":false},"excerpt":{"rendered":"<p>\u00a0Para celebrar los 200 a\u00f1os de la Independencia, Katharina Bistr\u00f3, el restaurante de Entre Cielos, lanza un men\u00fa especial con [&hellip;]<\/p>\n","protected":false},"author":2,"featured_media":4274,"comment_status":"open","ping_status":"open","sticky":false,"template":"","format":"standard","meta":[],"categories":[2],"tags":[],"_links":{"self":[{"href":"https:\/\/quasarcomunicacion.com.ar\/web\/wp-json\/wp\/v2\/posts\/7129"}],"collection":[{"href":"https:\/\/quasarcomunicacion.com.ar\/web\/wp-json\/wp\/v2\/posts"}],"about":[{"href":"https:\/\/quasarcomunicacion.com.ar\/web\/wp-json\/wp\/v2\/types\/post"}],"author":[{"embeddable":true,"href":"https:\/\/quasarcomunicacion.com.ar\/web\/wp-json\/wp\/v2\/users\/2"}],"replies":[{"embeddable":true,"href":"https:\/\/quasarcomunicacion.com.ar\/web\/wp-json\/wp\/v2\/comments?post=7129"}],"version-history":[{"count":0,"href":"https:\/\/quasarcomunicacion.com.ar\/web\/wp-json\/wp\/v2\/posts\/7129\/revisions"}],"wp:featuredmedia":[{"embeddable":true,"href":"https:\/\/quasarcomunicacion.com.ar\/web\/wp-json\/wp\/v2\/media\/4274"}],"wp:attachment":[{"href":"https:\/\/quasarcomunicacion.com.ar\/web\/wp-json\/wp\/v2\/media?parent=7129"}],"wp:term":[{"taxonomy":"category","embeddable":true,"href":"https:\/\/quasarcomunicacion.com.ar\/web\/wp-json\/wp\/v2\/categories?post=7129"},{"taxonomy":"post_tag","embeddable":true,"href":"https:\/\/quasarcomunicacion.com.ar\/web\/wp-json\/wp\/v2\/tags?post=7129"}],"curies":[{"name":"wp","href":"https:\/\/api.w.org\/{rel}","templated":true}]}}