{"id":708,"date":"2012-08-22T13:53:04","date_gmt":"2012-08-22T13:53:04","guid":{"rendered":"http:\/\/quasarcomunicacion.wordpress.com\/?p=708"},"modified":"2012-08-22T13:53:04","modified_gmt":"2012-08-22T13:53:04","slug":"la-reserva-natural-del-pilar-celebra-sus-primeros-9-anos-de-vida","status":"publish","type":"post","link":"https:\/\/quasarcomunicacion.com.ar\/web\/la-reserva-natural-del-pilar-celebra-sus-primeros-9-anos-de-vida\/","title":{"rendered":"La Reserva Natural del Pilar celebra sus primeros 9 a\u00f1os de vida"},"content":{"rendered":"<p style=\"text-align:left;\" align=\"center\">\u00a0La <strong>Asociaci\u00f3n Patrimonio Natural <\/strong>y la <strong>Reserva Natural Municipal del Pilar<\/strong>, cumplen 9 a\u00f1os. Los festejos se llevar\u00e1n a cabo con la tradicional Biciplantaci\u00f3n, charlas sobre la actividad de la Asociaci\u00f3n, visita guiada al Vivero de Plantas Nativas, entre otras actividades.<!--more--><\/p>\n<p>Este a\u00f1o el inicio de la actividad ser\u00e1 en la cuadra Pilar Quiero Caminarte,\u00a0 iniciativa del artista Guillermo Peluso, en la esquina de Hip\u00f3lito Yrigoyen y Lubo.<br \/>\nDebido a las condiciones clim\u00e1ticas, el recorrido ser\u00e1 modificado, la actividad principal y el festejo ser\u00e1 realizado en la Sede de la Asociaci\u00f3n, donde los participantes podr\u00e1n interiorizarse de las actividades voluntarias que se vienen realizando desde hace 9 a\u00f1os. Solo se suspende por lluvia el d\u00eda S\u00e1bado.<br \/>\nSe realizar\u00e1 una visita guiada al Vivero de Plantas Nativas \u00abEl Cachafaz\u00bb y se conocer\u00e1 un poco m\u00e1s sobre el Programa Permanente de Reciclado.<br \/>\nTambi\u00e9n all\u00ed se realizar\u00e1 un reconocimiento p\u00fablico al Cart\u00f3grafo Ra\u00fal Bertolotto, quien particip\u00f3 muy activamente en la gestaci\u00f3n de la Reserva del Pilar.<br \/>\nSon muchos los logros y avances a la fecha por lo cual los miembros de la ONG desean compartir con toda la comunidad el balance positivo.<br \/>\nLa actividad es libre y gratuita.<br \/>\n<strong>DETALLE<\/strong>:<br \/>\n11 hs: Concentraci\u00f3n y Registro de Participantes en HIP\u00d3LITO YRIGOYEN Y LUBO<br \/>\n11,30 hs: Salida<br \/>\nRECORRIDO: Hip\u00f3lito Irigoyen, Plaza 12 de Octubre, San Mart\u00edn, Tucum\u00e1n, Plaza Villa Morra, Juan B Justo, Guido, Colectora Panamericana, Argerich, Paseo del Parque, Savio.<br \/>\n14,30 hs Arribo a la Reserva Natural del Pilar.<br \/>\n15 hs TORTA DE CUMPLEA\u00d1OS.<br \/>\nSe realizar\u00e1 la entrega de un presente al Cart\u00f3grafo RAUL BERTOLOTTO, por la fundamental labor realizada, en la creaci\u00f3n de la RESERVA NATURAL MUNICIPAL DEL PILAR.<br \/>\n\u00abRealmente es muy valioso para nosotros poder realizar estos trabajos en contacto directo con la comunidad, dado que es importante que todos conozcan la Reserva para que nos ayuden a cuidarla. Agradecemos su compromiso y atenci\u00f3n para con la comunidad pilarense\u00bb, dicen desde la invitaci\u00f3n cursada.<br \/>\nM\u00e1s informaci\u00f3n escribiendo a <a href=\"mailto:info@patrimonionatural.org.ar\">info@patrimonionatural.org.ar<\/a> o a <a href=\"mailto:patrimonionatural@gmail.com\">patrimonionatural@gmail.com<\/a> \u00f3 telef\u00f3nicamente comunic\u00e1ndose con el 011 15 5052 7846<br \/>\nLa <strong>Reserva Natural<\/strong><strong> del Pilar<\/strong> se encuentra a menos de 2 km del casco urbano de la ciudad del Pilar y de la Panamericana (Ramal Pilar). Su acceso es muy f\u00e1cil ya que hay asfalto hasta el ingreso a la misma y el colectivo 501 llega hasta all\u00ed, indica a Ex F\u00e1brica Militar y parte del centro de Pilar. La Reserva se encuentra en la calle Argerich sin n\u00famero, detr\u00e1s de la ex F\u00e1brica Militar, por ruta 25 camino a Escobar.<br \/>\n<strong><span style=\"font-family:Arial;font-size:small;\">\u00a0<\/span><\/strong><\/p>\n","protected":false},"excerpt":{"rendered":"<p>\u00a0La Asociaci\u00f3n Patrimonio Natural y la Reserva Natural Municipal del Pilar, cumplen 9 a\u00f1os. Los festejos se llevar\u00e1n a cabo [&hellip;]<\/p>\n","protected":false},"author":2,"featured_media":0,"comment_status":"open","ping_status":"open","sticky":false,"template":"","format":"standard","meta":[],"categories":[2],"tags":[],"_links":{"self":[{"href":"https:\/\/quasarcomunicacion.com.ar\/web\/wp-json\/wp\/v2\/posts\/708"}],"collection":[{"href":"https:\/\/quasarcomunicacion.com.ar\/web\/wp-json\/wp\/v2\/posts"}],"about":[{"href":"https:\/\/quasarcomunicacion.com.ar\/web\/wp-json\/wp\/v2\/types\/post"}],"author":[{"embeddable":true,"href":"https:\/\/quasarcomunicacion.com.ar\/web\/wp-json\/wp\/v2\/users\/2"}],"replies":[{"embeddable":true,"href":"https:\/\/quasarcomunicacion.com.ar\/web\/wp-json\/wp\/v2\/comments?post=708"}],"version-history":[{"count":0,"href":"https:\/\/quasarcomunicacion.com.ar\/web\/wp-json\/wp\/v2\/posts\/708\/revisions"}],"wp:attachment":[{"href":"https:\/\/quasarcomunicacion.com.ar\/web\/wp-json\/wp\/v2\/media?parent=708"}],"wp:term":[{"taxonomy":"category","embeddable":true,"href":"https:\/\/quasarcomunicacion.com.ar\/web\/wp-json\/wp\/v2\/categories?post=708"},{"taxonomy":"post_tag","embeddable":true,"href":"https:\/\/quasarcomunicacion.com.ar\/web\/wp-json\/wp\/v2\/tags?post=708"}],"curies":[{"name":"wp","href":"https:\/\/api.w.org\/{rel}","templated":true}]}}