{"id":7074,"date":"2016-06-02T15:07:01","date_gmt":"2016-06-02T18:07:01","guid":{"rendered":"https:\/\/quasarcomunicacion.com.ar\/web\/?p=7074"},"modified":"2016-06-02T15:07:01","modified_gmt":"2016-06-02T18:07:01","slug":"edicion-dia-del-padre-de-pilar-de-feria-el-sabado-11-de-junio-de-12-a-17-hs","status":"publish","type":"post","link":"https:\/\/quasarcomunicacion.com.ar\/web\/edicion-dia-del-padre-de-pilar-de-feria-el-sabado-11-de-junio-de-12-a-17-hs\/","title":{"rendered":"Edici\u00f3n D\u00eda del Padre de Pilar de Feria el s\u00e1bado 11 de junio de 12 a 17 hs"},"content":{"rendered":"<p>El pr\u00f3ximo s\u00e1bado 11 de junio de 12 a 17 hs se realizar\u00e1 una nueva edici\u00f3n de <b>Pilar de Feria <\/b>que tendr\u00e1 lugar como cada segundo s\u00e1bado del mes en<b> La F\u00e1brica Centro Cultural y Predio Ferial<\/b> <span style=\"font-size: small;\">(<\/span><span style=\"font-size: small;\"><a href=\"http:\/\/www.pilardeferia.com.ar\/donde.htm\">Ambrosetti 633, Bo La Esmeralda, altura Km 50 de ruta y Ramal Pilar ruta Panamericana) ubicada a tres cuadras de Jumbo Pila<\/a><a href=\"http:\/\/www.pilardeferia.com.ar\/donde.htm\">r<\/a><\/span><span style=\"font-size: small;\"> La Feria es <\/span> <span style=\"font-size: small;\"> con entrada libre y gratuita<\/span><span style=\"font-size: small;\"> y tendr\u00e1 como leit motiv el d\u00eda del Padre con incre\u00edbles regalos y ofertas especiales para la ocasi\u00f3n.<!--more--><\/span><\/p>\n<p align=\"left\"><a href=\"https:\/\/quasarcomunicacion.com.ar\/web\/wp-content\/uploads\/2016\/06\/feriaaerea.gif\"><img class=\"aligncenter\" alt=\"feriaaerea\" src=\"https:\/\/quasarcomunicacion.com.ar\/web\/wp-content\/uploads\/2016\/06\/feriaaerea.gif\" \/><\/a><\/p>\n<p align=\"left\"><span style=\"font-size: small;\">En caso de mal tiempo, se pospone para el s\u00e1bado 18 de junio. Toda la info minuto a minuto en <a href=\"http:\/\/www.facebook.com\/pilardeferia\"> www.facebook.com\/pilardeferia<\/a> <\/span><\/p>\n<p align=\"left\"><span style=\"font-size: small;\">Como en cada edici\u00f3<\/span><span style=\"font-size: small;\">n, adem\u00e1s de poder recorrer los espacios de m\u00e1s de 50 emprendedores y artesanos, se podr\u00e1 disfrutar de espect\u00e1culos para toda la familia, gozar de los descuentos exclusivos que tendr\u00e1n lugar durante la feria, jugar en el sector recreativo que estar\u00e1 a cargo de Marmaian Inflables. Adem\u00e1s, a las 14 hs habr\u00e1 una exhibici\u00f3n de coreograf\u00edas de las alumnas de Let It Dance &#8211; Espacio de Arte y a las 16 hs una clase abierta de Zumba con Naty.<\/span><\/p>\n<p align=\"left\"><span style=\"font-family: Verdana; font-size: small;\">Durante toda la tarde, los voluntarios de <b>Perros del Alma<\/b> estar\u00e1n concientizando sobre la importancia de la adopci\u00f3n y vender\u00e1n productos de cer\u00e1mica para financiar su funcionamiento. Se trata de una ONG sin fines de lucro, llamada \u201cRed de Protecci\u00f3n Animal Perros del Alma\u201d que actualmente tienen 250 perros que han rescatado de la calle en situaci\u00f3n de salud cr\u00edtica y\/o maltrato. Los que ya est\u00e1n recuperados est\u00e1n en adopci\u00f3n. Todos est\u00e1n vacunados, desparasitados y castrados. El objetivo de la instituci\u00f3n es poder encontrar un hogar para cada uno de los perros recuperados, darlos en adopci\u00f3n y poder seguir rescatando m\u00e1s perros abandonados en la calle o rescatados de maltrato. Adem\u00e1s, buscan formar conciencia en la sociedad sobre el respeto a la vida y el bienestar de los animales, la importancia de la esterilizaci\u00f3n como \u00fanico medio de control poblacional, la vacunaci\u00f3n, la adopci\u00f3n en lugar de comprar.<\/span><\/p>\n<p align=\"left\"><span style=\"font-size: small;\">En esta ocasi\u00f3n, ya son m\u00e1s de 50 los emprendedores que estar\u00e1n exhibiendo sus productos para la venta. Pod\u00e9s conocerlos en el cat\u00e1logo que arma la organizaci\u00f3n e ingresar a la cuponera de descuentos para disfrutar de las mejores ofertas. Hacelo <\/span> <span style=\"font-size: small;\">ingresando en la fan page www.facebook.com\/pilardeferia <\/span> <span style=\"font-size: small;\"> \u00a0Tambi\u00e9n, durante la tarde habr\u00e1 happy hours de ofertas con precios incre\u00edbles.<\/span><\/p>\n<p align=\"left\"><b><span style=\"font-size: small;\">Pilar de Feria \u201cLa F\u00e1brica<\/span><\/b><span style=\"font-size: small;\">\u201d tendr\u00e1 lugar en este centro cultural y predio ferial ubicado en Km 50 con f\u00e1cil acceso desde Panamericana Ramal Pilar y desde Ruta 8, a tres cuadras de Jumbo Pilar con f\u00e1cil acceso en auto o transporte p\u00fablico.<\/span><\/p>\n<p><strong><span style=\"font-size: small;\"> Acerca de Pilar de Feria<\/span><\/strong><\/p>\n<p><span style=\"font-size: xx-small;\">Esta es la d\u00e9cima primera edici\u00f3n de<b> Pilar de Feria<\/b> (mir\u00e1 todas las ediciones en <\/span> <a href=\"http:\/\/www.pilardeferia.com.ar\/ediciones.htm\"> <span style=\"font-size: xx-small;\">http:\/\/www.pilardeferia.com.ar\/ediciones.htm<\/span><\/a><span style=\"font-size: xx-small;\">). El equipo de <b>Pilar de Feria <\/b>viene organizando este tipo de eventos desde 2011 cuando realizaron<b> Pilar de Feria Navidad<\/b>, luego la edici\u00f3n Verano en 2012. M\u00e1s tarde dos ediciones en Pilar Point (\u201cDe Shopping\u201d y \u201cArtesan\u00edas, Arte y Dise\u00f1o D\u00eda de la Madre\u201d) para terminar el 2012 con la Edici\u00f3n Navidad. En 2015 realizaron la edici\u00f3n \u201cEmprendedores\u201d y \u201cShowroom\u201d en Galer\u00eda Site Zen. En marzo se realiz\u00f3 la primera feria en La F\u00e1brica, con la idea de continuar el segundo s\u00e1bado de cada mes con la propuesta.<\/span><\/p>\n<p><b> <span style=\"font-size: xx-small;\">Pilar de Feria<\/span><\/b><span style=\"font-size: xx-small;\"> es un evento peri\u00f3dico y tem\u00e1tico\u00a0 posee diversos t\u00f3picos. La entrada siempre es libre y gratuita para todo el p\u00fablico y el objetivo es darle a los emprendedores un lugar para la exhibici\u00f3n y venta de sus productos. Por Ordenanza 328\/12, <b> Pilar de Feria<\/b> fue declarada de Inter\u00e9s Municipal.<\/span><\/p>\n<p><span style=\"font-size: xx-small;\">Como signo distintivo, a la muestra de productos y servicios se le agregan eventos y herramientas que se le otorgan a los emprendedores como valor agregado para convertirse en una excelente herramienta de marketing, difusi\u00f3n y venta. Adem\u00e1s, de un recomendable paseo en familia. <\/span><\/p>\n<p><span style=\"font-size: xx-small;\">Los emprendedores, adem\u00e1s del apoyo en la difusi\u00f3n de su actividad reciben capacitaci\u00f3n, tips y consejos brindados por expertos en la materia<\/span><\/p>\n<p><span style=\"font-size: small;\"><b><i><span style=\"font-family: Arial;\">Por otras im\u00e1genes, audios o entrevistas no dude en contactarse<\/span><\/i><\/b><\/span><\/p>\n<p align=\"center\"><span style=\"font-size: small;\"><b><i> Contactos de Prensa<\/i><\/b><\/span><\/p>\n<div align=\"left\">\n<table width=\"100%\" border=\"1\" cellpadding=\"2\" align=\"left\">\n<tbody>\n<tr>\n<td align=\"center\" width=\"50%\">\n<p align=\"left\"><span style=\"font-size: medium;\"><strong><span style=\"color: #808080; font-family: Arial; font-size: small;\"> Mayra Ibarra &#8211; Asistente de Cuentas<\/span><\/strong><\/span><\/p>\n<p><span style=\"font-size: xx-small;\"><span style=\"color: #ff0000;\"> Directo<\/span><b>: <\/b> 0230<\/span><span style=\"font-size: xx-small;\">-4664772<br \/>\n<\/span><span style=\"color: #ff0000; font-size: xx-small;\"> Skype:<\/span><span style=\"font-size: xx-small;\"> quasarcomunicacion<br \/>\n<\/span><span style=\"color: #ff0000; font-size: xx-small;\"> Twitter:<\/span><span style=\"font-size: xx-small;\"> @quasarpilar<br \/>\n<\/span><span style=\"color: #ff0000; font-size: xx-small;\"> Gr<\/span><span style=\"color: #ff0000; font-size: xx-small;\">upo y p\u00e1gina en Facebook: <\/span> <span style=\"color: #808080; font-size: xx-small;\">www.facebook.com\/<\/span><a href=\"mailto:mfipata@gmail.com\"><span style=\"font-size: xx-small;\">Quasar<\/span><\/a><span style=\"font-size: xx-small;\">Comunicacion<br \/>\n<\/span><span style=\"color: #ff0000; font-size: xx-small;\"> Web:<\/span><b><\/b> <a href=\"http:\/\/www.quasarcomunicacion.com.ar\/\"> <span style=\"font-size: xx-small;\">www.quasarcomunicacion.com.ar<\/span><\/a><\/p>\n<p align=\"left\"><span style=\"font-size: xx-small;\"> <span style=\"color: #ff0000;\">Mail<\/span><b>:<\/b><\/span><span style=\"font-size: xx-small;\"> <a href=\"mailto:fernanda@quasarcomunicacion.com.ar\"> quasar<\/a><a href=\"mailto:fernanda@quasarcomunicacion.com.ar\">@quasarcomunicacion.com.ar<\/a><\/span><\/p>\n<\/td>\n<td align=\"center\" width=\"50%\">\n<p align=\"right\"><span style=\"font-size: medium;\"><strong> <span style=\"color: #808080; font-family: Arial; font-size: small;\"> Lic. Mar\u00eda Fernanda Ipata &#8211; Directora<br \/>\n<\/span> <\/strong><\/span> <span style=\"font-size: xx-small;\"><span style=\"color: #ff0000;\"><br \/>\nDirecto<\/span><b>: <\/b> 0230<\/span><span style=\"font-size: xx-small;\">-4664772<\/span><span style=\"font-size: xx-small;\"><br \/>\n<\/span><span style=\"font-size: xx-small;\"> <span style=\"color: #ff0000;\">M\u00f3vil:<\/span><b> <\/b> 0230<\/span><span style=\"font-size: xx-small;\">-15-4584535<br \/>\n011-15-6096-4656 ID 558*3763<br \/>\n<\/span><span style=\"color: #ff0000; font-size: xx-small;\"> Skype:<\/span><span style=\"font-size: xx-small;\"> quasarcomunicacion<br \/>\n<\/span><span style=\"color: #ff0000; font-size: xx-small;\"> Twitter:<\/span><span style=\"font-size: xx-small;\"> @quasarpilar<br \/>\n<\/span><span style=\"color: #ff0000; font-size: xx-small;\"> Gr<\/span><span style=\"color: #ff0000; font-size: xx-small;\">upo y p\u00e1gina en Facebook: <\/span> <span style=\"color: #808080; font-size: xx-small;\">www.facebook.com\/<\/span><a href=\"mailto:mfipata@gmail.com\"><span style=\"font-size: xx-small;\">Quasar<\/span><\/a><span style=\"font-size: xx-small;\">Comunicacion<br \/>\n<\/span><span style=\"font-size: xx-small;\"> <span style=\"color: #ff0000;\">LinkedIn<\/span><b>:\u00a0 <\/b><\/span> <span style=\"font-size: xx-small;\"><b> <a href=\"http:\/\/www.linkedin.com\/in\/mfipata\"> http:\/\/www.linkedin.com\/in\/mfipata<\/a><\/b><\/span><span style=\"font-size: xx-small;\"><br \/>\n<\/span><span style=\"color: #ff0000; font-size: xx-small;\"> Web:<\/span><b><\/b> <a href=\"http:\/\/www.quasarcomunicacion.com.ar\/\"> <span style=\"font-size: xx-small;\">www.quasarcomunicacion.com.ar<\/span><\/a><span style=\"font-size: xx-small;\"><br \/>\n<\/span><span style=\"font-size: xx-small;\"> <span style=\"color: #ff0000;\">Mail<\/span><b>:<\/b><\/span><span style=\"font-size: xx-small;\"><a href=\"mailto:fernanda@quasarcomunicacion.com.ar\"> fernanda@quasarcomunicacion.com.ar<\/a><\/span><\/p>\n<\/td>\n<\/tr>\n<\/tbody>\n<\/table>\n<\/div>\n","protected":false},"excerpt":{"rendered":"<p>El pr\u00f3ximo s\u00e1bado 11 de junio de 12 a 17 hs se realizar\u00e1 una nueva edici\u00f3n de Pilar de Feria [&hellip;]<\/p>\n","protected":false},"author":2,"featured_media":7075,"comment_status":"open","ping_status":"open","sticky":false,"template":"","format":"standard","meta":[],"categories":[2],"tags":[],"_links":{"self":[{"href":"https:\/\/quasarcomunicacion.com.ar\/web\/wp-json\/wp\/v2\/posts\/7074"}],"collection":[{"href":"https:\/\/quasarcomunicacion.com.ar\/web\/wp-json\/wp\/v2\/posts"}],"about":[{"href":"https:\/\/quasarcomunicacion.com.ar\/web\/wp-json\/wp\/v2\/types\/post"}],"author":[{"embeddable":true,"href":"https:\/\/quasarcomunicacion.com.ar\/web\/wp-json\/wp\/v2\/users\/2"}],"replies":[{"embeddable":true,"href":"https:\/\/quasarcomunicacion.com.ar\/web\/wp-json\/wp\/v2\/comments?post=7074"}],"version-history":[{"count":0,"href":"https:\/\/quasarcomunicacion.com.ar\/web\/wp-json\/wp\/v2\/posts\/7074\/revisions"}],"wp:featuredmedia":[{"embeddable":true,"href":"https:\/\/quasarcomunicacion.com.ar\/web\/wp-json\/wp\/v2\/media\/7075"}],"wp:attachment":[{"href":"https:\/\/quasarcomunicacion.com.ar\/web\/wp-json\/wp\/v2\/media?parent=7074"}],"wp:term":[{"taxonomy":"category","embeddable":true,"href":"https:\/\/quasarcomunicacion.com.ar\/web\/wp-json\/wp\/v2\/categories?post=7074"},{"taxonomy":"post_tag","embeddable":true,"href":"https:\/\/quasarcomunicacion.com.ar\/web\/wp-json\/wp\/v2\/tags?post=7074"}],"curies":[{"name":"wp","href":"https:\/\/api.w.org\/{rel}","templated":true}]}}