{"id":7069,"date":"2016-06-01T15:52:16","date_gmt":"2016-06-01T18:52:16","guid":{"rendered":"https:\/\/quasarcomunicacion.com.ar\/web\/?p=7069"},"modified":"2016-06-01T15:52:16","modified_gmt":"2016-06-01T18:52:16","slug":"pilar-emprende-dictara-el-taller-inventate-tu-propio-empleo-emprende-en-el-anexo-pilar-centro-de-escuelas-municipales","status":"publish","type":"post","link":"https:\/\/quasarcomunicacion.com.ar\/web\/pilar-emprende-dictara-el-taller-inventate-tu-propio-empleo-emprende-en-el-anexo-pilar-centro-de-escuelas-municipales\/","title":{"rendered":"Pilar Emprende dictar\u00e1 el taller \u00abInventate tu propio empleo: EMPREND\u00c9\u00bb en el Anexo Pilar Centro de Escuelas Municipales"},"content":{"rendered":"<p style=\"text-align: left;\" align=\"center\"><span style=\"font-family: Verdana; font-size: small;\">\u00a0Este mi\u00e9rcoles finaliza el 1\u00ba Taller <\/span><b style=\"font-family: Verdana; font-size: small;\">\u00abInventate tu propio empleo: EMPREND\u00c9\u00bb<\/b><span style=\"font-family: Verdana; font-size: small;\"> dictado por <\/span><b style=\"font-family: Verdana; font-size: small;\">Pilar Emprende<\/b><span style=\"font-family: Verdana; font-size: small;\"> en el Anexo Villa Rosa de Escuelas Municipales y el viernes 10 de junio comienza el 2\u00ba en el Anexo Pilar Centro, ubicado en San Mart\u00edn 873. Para inscribirse sin cargo s\u00f3lo hay que enviar los datos a <\/span><a style=\"font-family: Verdana; font-size: small;\" href=\"mailto:anexopilarcentro@gmail.com\">anexopilarcentro@gmail.com<\/a><span style=\"font-family: Verdana; font-size: small;\"> o telef\u00f3nicamente llamando al 0230 &#8211; 4669200<!--more--><\/span><\/p>\n<p><span style=\"font-family: Verdana; font-size: small;\">El taller es abierto y gratuito para todos los alumnos de todas las sedes de las Escuelas Municipales de Pilar. S\u00f3lo se requiere inscribirse enviando un mail a <a href=\"mailto:anexopilarcentro@gmail.com\"> anexopilarcentro@gmail.com<\/a> o\u00a0 El taller tiene una duraci\u00f3n de 4 encuentros, todos los viernes de 18 a 20 hs.<\/span><\/p>\n<p><span style=\"font-family: Verdana; font-size: small;\">Luego del primer taller dictado en Villa Rosa, unos 20 alumnos adquirieron nuevas herramientas para poner en marcha sus emprendimientos o mejorar los existentes.<\/span><\/p>\n<p><a href=\"https:\/\/quasarcomunicacion.com.ar\/web\/wp-content\/uploads\/2016\/06\/tallerinventate1.gif\"><img class=\"aligncenter\" alt=\"tallerinventate1\" src=\"https:\/\/quasarcomunicacion.com.ar\/web\/wp-content\/uploads\/2016\/06\/tallerinventate1.gif\" \/><\/a><\/p>\n<p><span style=\"font-family: Verdana; font-size: small;\">Durante 4 encuentros semanales de 2 horas de duraci\u00f3n cada uno, se llevar\u00e1 a cabo cada una de las unidades del Taller tendiente a la aplicaci\u00f3n pr\u00e1ctica de los temas seg\u00fan la realidad y el contexto de cada alumno. <\/span><\/p>\n<p><span style=\"font-family: Verdana; font-size: small;\">\u00abSe trata de un espacio te\u00f3rico-pr\u00e1ctico donde vemos algunos puntos importantes a la hora de emprender y los aplicamos a los proyectos de cada uno\u00bb, indicaron desde <b>Pilar Emprende.<\/b><\/span><\/p>\n<p><span style=\"font-family: Verdana; font-size: small;\">El objetivo es que cada alumno vea las potencialidades que tiene como emprendedor y adquiera las herramientas y habilidades para transformar su idea, proyecto, hobbie o conocimiento en un emprendimiento rentable que le permita una inserci\u00f3n en el mercado laboral. El fin es capacitar a los alumnos para que pongan en marcha emprendimientos viables,\u00a0\u00a0 sustentables y sostenibles en el tiempo.<\/span><\/p>\n<p><span style=\"font-family: Verdana; font-size: small;\">\u00abLa experiencia indica que muchos ya tienen emprendimientos en marcha pero sin los conocimientos pertinentes para hacerlos viables. Y tantos otros aun no lo iniciaron, fundamentalmente por no estar preparados para hacerlo. As\u00ed que luego de los cuatro encuentros, muchos lograron ponerle nombre y armar un mini plan de negocios para avanzar con sus ideas\u00bb, asegur\u00f3 la Lic. Mar\u00eda Fernanda Ipata, quien tuvo a su cargo el taller en Villa Rosa, primera experiencia con alumnos de escuelas municipales de Pilar.<\/span><\/p>\n<p><span style=\"font-family: Verdana; font-size: small;\">De esta manera se habla de las potencialidades y fortalezas de cada uno a la hora de emprender; c\u00f3mo pasar de la idea al negocio llevando adelante a partir de un mini plan de negocios un emprendimiento real; algunos aspectos legales y contables b\u00e1sicos y c\u00f3mo profesionalizar el emprendimiento a partir de las herramientas digitales de las que se disponen para su difusi\u00f3n.<\/span><\/p>\n<p><span style=\"font-family: Verdana; font-size: small;\">Desde la direcci\u00f3n de Escuelas Municipales, reconocieron la importancia de brindar herramientas a los alumnos para llevar adelante sus propios proyectos, generando autoempleo desde la puesta en marcha de su propio emprendimiento con los conocimientos adquiridos en su paso por las escuelas.<\/span><\/p>\n<p><span style=\"font-family: Verdana; font-size: small;\">La idea del taller es poder articular el emprendedorismo con Escuelas Municipales para darle las herramientas a aquellas personas que por ah\u00ed no est\u00e1n muy convencidas de si van a trabajar de lo que est\u00e1n estudiando, que hacen unas cosas maravillosas pero les falta el impulso para lanzarse con su propio emprendimiento<\/span><\/p>\n<p><span style=\"font-family: Verdana; font-size: small;\">\u00abBuscamos darle herramientas de marketing, difusi\u00f3n, promoci\u00f3n, c\u00f3mo vender sus productos, utilizaci\u00f3n de redes sociales. Desde escuelas municipales buscamos brindar a nuestros alumnos toda su formaci\u00f3n, queremos complementar con estas habilidades para que puedan armar su emprendimiento y lograr su inserci\u00f3n laboral\u00bb, dijo J\u00e9sica Bortule, directora de Escuelas Municipales de Pilar.<\/span><\/p>\n<p><span style=\"font-family: Verdana; font-size: small;\">Desde Pilar Emprende vienen trabajando desde hace algunos a\u00f1os en otorgar herramientas a los emprendedores para que puedan llevar adelante sus proyectos econ\u00f3micos. Adem\u00e1s de adquirir las habilidades propias de la profesi\u00f3n o el oficio que reciben en su paso por las Escuelas Municipales, es importante darles un plus para que puedan hacer de eso un negocio exitoso.<\/span><\/p>\n<p><b><span style=\"font-family: Verdana; font-size: small;\">Acerca de Pilar Emprende by Emprender HOY <\/span><\/b><\/p>\n<p><span style=\"font-family: Verdana; font-size: xx-small;\"><b> Pilar Emprende<\/b> surge a partir del trabajo de <b>Emprender HOY<\/b>, un espacio que busca otorgarle valor a los proyectos de emprendedores de la zona, acompa\u00f1arlos en su puesta en marcha y disfrutar en equipo de los objetivos cumplidos<br \/>\nPara cumplir con su misi\u00f3n, brindan herramientas, espacios de networking, capacitaciones, talleres, tips, noticias, consultor\u00eda, tutor\u00edas\/mentor\u00edas, y todo lo que necesita el vecino para crecer y conformar un s\u00f3lido ecosistema emprendedor.<br \/>\nPilar Emprende es un espacio pensado por emprendedores para los emprendedores de Pilar que junto a Emprender HOY y si equipo de consultores le brindan oportunidades para crecer con su proyecto<br \/>\nLa raz\u00f3n de ser, la misi\u00f3n, de Emprender HOY es proporcionar al sector Emprendedor herramientas y conocimientos que le permitan desarrollar su propio emprendimiento e incorporar competencias que deriven en su mejora continua. Desde la entidad buscan fomentar el autoempleo y la sustentabilidad de los proyectos contribuyendo a la generaci\u00f3n de valor econ\u00f3mico en la sociedad a trav\u00e9s de la creaci\u00f3n y sostenimiento de un ecosistema emprendedor. Aspiran a ser un canal de comunicaci\u00f3n entre los emprendedores y entre las instituciones y organismos dedicados a ellos<br \/>\nTambi\u00e9n cuentan con un grupo de consultores independientes que acercan su saber a los emprendedores, gener\u00e1ndose una comunidad donde la informaci\u00f3n se comparte de forma exponencial y viral <\/span><\/p>\n<p><span style=\"font-size: small;\"><b><i><span style=\"font-family: Arial;\">Por otras im\u00e1genes, audios o entrevistas no dude en contactarse<\/span><\/i><\/b><\/span><\/p>\n<p align=\"center\"><span style=\"font-size: small;\"><b><i> Contactos de Prensa<\/i><\/b><\/span><\/p>\n<div align=\"left\">\n<table width=\"100%\" border=\"1\" cellpadding=\"2\" align=\"left\">\n<tbody>\n<tr>\n<td align=\"center\" width=\"50%\">\n<p align=\"left\"><strong> <span style=\"color: #ff0000; font-family: Arial; font-size: small;\">Mayra Ibarra<\/span><\/strong><span style=\"font-size: medium;\"><strong><span style=\"color: #808080; font-family: Arial; font-size: small;\"> &#8211; Asistente de Cuentas<\/span><\/strong><\/span><\/p>\n<p><span style=\"font-size: xx-small;\"><span style=\"color: #ff0000;\"> Directo<\/span><b>: <\/b> 0230<\/span><span style=\"font-size: xx-small;\">-4664772<br \/>\n<\/span><span style=\"color: #ff0000; font-size: xx-small;\"> Skype:<\/span><span style=\"font-size: xx-small;\"> quasarcomunicacion<br \/>\n<\/span><span style=\"color: #ff0000; font-size: xx-small;\"> Twitter:<\/span><span style=\"font-size: xx-small;\"> @quasarpilar<br \/>\n<\/span><span style=\"color: #ff0000; font-size: xx-small;\"> Gr<\/span><span style=\"color: #ff0000; font-size: xx-small;\">upo y p\u00e1gina en Facebook: <\/span> <span style=\"color: #808080; font-size: xx-small;\">www.facebook.com\/<\/span><a href=\"mailto:mfipata@gmail.com\"><span style=\"font-size: xx-small;\">Quasar<\/span><\/a><span style=\"font-size: xx-small;\">Comunicacion<br \/>\n<\/span><span style=\"color: #ff0000; font-size: xx-small;\"> Web:<\/span><b><\/b> <a href=\"http:\/\/www.quasarcomunicacion.com.ar\/\"> <span style=\"font-size: xx-small;\">www.quasarcomunicacion.com.ar<\/span><\/a><\/p>\n<p align=\"left\"><span style=\"font-size: xx-small;\"> <span style=\"color: #ff0000;\">Mail<\/span><b>:<\/b><\/span><span style=\"font-size: xx-small;\"> <a href=\"mailto:fernanda@quasarcomunicacion.com.ar\"> quasar@quasarcomunicacion.com.ar<\/a><\/span><\/p>\n<\/td>\n<td align=\"center\" width=\"50%\">\n<p align=\"right\"><span style=\"font-size: medium;\"><strong> <span style=\"color: #808080; font-family: Arial; font-size: small;\"> Lic. Mar\u00eda Fernanda Ipata &#8211; Directora<br \/>\n<\/span> <\/strong><\/span> <span style=\"font-size: xx-small;\"><span style=\"color: #ff0000;\"><br \/>\nDirecto<\/span><b>: <\/b> 0230<\/span><span style=\"font-size: xx-small;\">-4664772<\/span><span style=\"font-size: xx-small;\"><br \/>\n<\/span><span style=\"font-size: xx-small;\"> <span style=\"color: #ff0000;\">M\u00f3vil:<\/span><b> <\/b> 0230<\/span><span style=\"font-size: xx-small;\">-15-4584535<br \/>\n011-15-6096-4656 ID 558*3763<br \/>\n<\/span><span style=\"color: #ff0000; font-size: xx-small;\"> Skype:<\/span><span style=\"font-size: xx-small;\"> quasarcomunicacion<br \/>\n<\/span><span style=\"color: #ff0000; font-size: xx-small;\"> Twitter:<\/span><span style=\"font-size: xx-small;\"> @quasarpilar<br \/>\n<\/span><span style=\"color: #ff0000; font-size: xx-small;\"> Gr<\/span><span style=\"color: #ff0000; font-size: xx-small;\">upo y p\u00e1gina en Facebook: <\/span> <span style=\"color: #808080; font-size: xx-small;\">www.facebook.com\/<\/span><a href=\"mailto:mfipata@gmail.com\"><span style=\"font-size: xx-small;\">Quasar<\/span><\/a><span style=\"font-size: xx-small;\">Comunicacion<br \/>\n<\/span><span style=\"font-size: xx-small;\"> <span style=\"color: #ff0000;\">LinkedIn<\/span><b>:\u00a0 <\/b><\/span> <span style=\"font-size: xx-small;\"><b> <a href=\"http:\/\/www.linkedin.com\/in\/mfipata\"> http:\/\/www.linkedin.com\/in\/mfipata<\/a><\/b><\/span><span style=\"font-size: xx-small;\"><br \/>\n<\/span><span style=\"color: #ff0000; font-size: xx-small;\"> Web:<\/span><b><\/b> <a href=\"http:\/\/www.quasarcomunicacion.com.ar\/\"> <span style=\"font-size: xx-small;\">www.quasarcomunicacion.com.ar<\/span><\/a><span style=\"font-size: xx-small;\"><br \/>\n<\/span><span style=\"font-size: xx-small;\"> <span style=\"color: #ff0000;\">Mail<\/span><b>:<\/b><\/span><span style=\"font-size: xx-small;\"><a href=\"mailto:fernanda@quasarcomunicacion.com.ar\"> fernanda@quasarcomunicacion.com.ar<\/a><\/span><\/p>\n<\/td>\n<\/tr>\n<\/tbody>\n<\/table>\n<\/div>\n","protected":false},"excerpt":{"rendered":"<p>\u00a0Este mi\u00e9rcoles finaliza el 1\u00ba Taller \u00abInventate tu propio empleo: EMPREND\u00c9\u00bb dictado por Pilar Emprende en el Anexo Villa Rosa [&hellip;]<\/p>\n","protected":false},"author":2,"featured_media":7070,"comment_status":"open","ping_status":"open","sticky":false,"template":"","format":"standard","meta":[],"categories":[2],"tags":[],"_links":{"self":[{"href":"https:\/\/quasarcomunicacion.com.ar\/web\/wp-json\/wp\/v2\/posts\/7069"}],"collection":[{"href":"https:\/\/quasarcomunicacion.com.ar\/web\/wp-json\/wp\/v2\/posts"}],"about":[{"href":"https:\/\/quasarcomunicacion.com.ar\/web\/wp-json\/wp\/v2\/types\/post"}],"author":[{"embeddable":true,"href":"https:\/\/quasarcomunicacion.com.ar\/web\/wp-json\/wp\/v2\/users\/2"}],"replies":[{"embeddable":true,"href":"https:\/\/quasarcomunicacion.com.ar\/web\/wp-json\/wp\/v2\/comments?post=7069"}],"version-history":[{"count":0,"href":"https:\/\/quasarcomunicacion.com.ar\/web\/wp-json\/wp\/v2\/posts\/7069\/revisions"}],"wp:featuredmedia":[{"embeddable":true,"href":"https:\/\/quasarcomunicacion.com.ar\/web\/wp-json\/wp\/v2\/media\/7070"}],"wp:attachment":[{"href":"https:\/\/quasarcomunicacion.com.ar\/web\/wp-json\/wp\/v2\/media?parent=7069"}],"wp:term":[{"taxonomy":"category","embeddable":true,"href":"https:\/\/quasarcomunicacion.com.ar\/web\/wp-json\/wp\/v2\/categories?post=7069"},{"taxonomy":"post_tag","embeddable":true,"href":"https:\/\/quasarcomunicacion.com.ar\/web\/wp-json\/wp\/v2\/tags?post=7069"}],"curies":[{"name":"wp","href":"https:\/\/api.w.org\/{rel}","templated":true}]}}