{"id":704,"date":"2012-08-21T15:49:37","date_gmt":"2012-08-21T15:49:37","guid":{"rendered":"http:\/\/quasarcomunicacion.wordpress.com\/?p=704"},"modified":"2012-08-21T15:49:37","modified_gmt":"2012-08-21T15:49:37","slug":"iii-seminario-gratuito-de-marketing-y-publicidad-para-emprendedores","status":"publish","type":"post","link":"https:\/\/quasarcomunicacion.com.ar\/web\/iii-seminario-gratuito-de-marketing-y-publicidad-para-emprendedores\/","title":{"rendered":"III Seminario Gratuito de Marketing y Publicidad para Emprendedores"},"content":{"rendered":"<p style=\"text-align:left;\" align=\"center\"><span style=\"font-family:Verdana;font-size:small;\">\u00a0El pasado jueves 16 de agosto, Pilar de Feria junto a Qu\u00e1sar Comunicaci\u00f3n brind\u00f3 el\u00a0<\/span><strong>Seminario Gratuito de Capacitaci\u00f3n en Marketing y Publicidad para Emprendedores\u00a0<\/strong><span style=\"font-family:Verdana;font-size:small;\">en\u00a0<\/span><strong>Pilar Point\u00a0<\/strong><span style=\"font-family:Verdana;font-size:small;\">(Estanislao L\u00f3pez 538, ex ruta 8, esquina Ituzaing\u00f3), al cual asistieron m\u00e1s de 30 emprendedores colmando la capacidad de la sala. Debido al gran \u00e9xito y a los emprendedores en lista de espera, el pr\u00f3ximo mi\u00e9rcoles 29 de agosto a las 18 hs, en el local 110 del primer piso del paseo comercial, se brindar\u00e1 una nueva charla gratuita.<!--more--><\/span><\/p>\n<p><img loading=\"lazy\" src=\"http:\/\/www.quasarcomunicacion.com.ar\/pilardeferia\/2012\/seminario4.gif\" alt=\"\" width=\"500\" height=\"375\" \/><br \/>\n<span style=\"font-family:Verdana;font-size:small;\">Los interesados en inscribirse al III Seminario de Marketing y Publicidad para Emprendedores podr\u00e1n hacerlo escribiendo a\u00a0<a href=\"mailto:info@pilardeferia.com.ar\">info@pilardeferia.com.ar<\/a>\u00a0 \u00f3 llamando al\u00a0\u00a0<img src=\"\/\/lifbcibllhkdhoafpjfnlhfpfgnpldfl\/numbers_button_skype_logo.png\" alt=\"\" \/>0230-4664772. Se requiere inscripci\u00f3n previa, cupos limitados. Entrada libre y gratuita. Se entragar\u00e1n certificados de asistencia.<\/span><br \/>\n<span style=\"font-family:Verdana;font-size:small;\">Estas charlas de capacitaci\u00f3n se dan en el marco de la organizaci\u00f3n de la\u00a0\u00a0<strong>III Edici\u00f3n de Pilar de Feria &#8211; de Shopping<\/strong>\u00a0que se realizar\u00e1 en Pilar Point el s\u00e1bado 1\u00ba de septiembre de 14 a 19 hs, exclusiva para artesanos, dise\u00f1adores y artistas.<\/span><br \/>\n<span style=\"font-family:Verdana;font-size:small;\">Durante la charla, tambi\u00e9n se difundi\u00f3 el proyecto de la Municipalidad del Pilar y Galer\u00eda Phos, \u00abNosotros Somos\u00bb. Muchos de los emprendedores se llevaron su caja para sumarse a la idea.<\/span><br \/>\n<span style=\"font-family:Verdana;font-size:small;\">El evento es organizado por\u00a0<strong>Pilar de Feria<\/strong>\u00a0y fue dictado por la directora de la consultora boutique de prensa,\u00a0<strong>Qu\u00e1sar Comunicaci\u00f3n<\/strong>, la Lic. Mar\u00eda Fernanda Ipata<\/span><br \/>\n<span style=\"font-family:Verdana;font-size:small;\">Cada participante, adem\u00e1s de su certificado recibe v\u00eda mail la presentaci\u00f3n multimedial.<\/span><br \/>\n<span style=\"font-family:Verdana;font-size:small;\">El seminario cuenta con el auspicio de\u00a0<strong>Pilar Hoy y Pilar GPS<\/strong>. Adem\u00e1s, la participaci\u00f3n de\u00a0<strong>HQ Imagen y Sonido<\/strong><\/span><br \/>\n<span style=\"font-family:Verdana;font-size:small;\">En cada encuentro de capacitaci\u00f3n se busca fomentar el networking entre los asistentes, por lo cual se solicita se concurra provisto de tarjetas personales o material de difusi\u00f3n para favorecer el intercambio.<\/span><br \/>\n<img loading=\"lazy\" src=\"http:\/\/www.quasarcomunicacion.com.ar\/pilardeferia\/2012\/seminario3.gif\" alt=\"\" width=\"500\" height=\"383\" \/><br \/>\n<span style=\"font-family:Verdana;font-size:small;\">Durante la charla,\u00a0 se brindar\u00e1n los lineamientos generales para\u00a0 encarar la comunicaci\u00f3n de su emprendimiento, c\u00f3mo ponerle un buen nombre o marca a la idea, se desarrollar\u00e1n los conceptos de marketing, publicidad y emprendedores. Se hablar\u00e1 de las redes sociales, la imagen corporativa, el marketing ferial, entre otros t\u00f3picos de inter\u00e9s de los asistentes.<\/span><br \/>\n<span style=\"font-family:Verdana;font-size:small;\">Adem\u00e1s, a trav\u00e9s del uso efectivo de la comunicaci\u00f3n, se brindar\u00e1n sugerencias para conseguir ventas efectivas en una feria.<\/span><br \/>\n<span style=\"font-family:Verdana;font-size:small;\">En el Seminario se buscar\u00e1 abordar conceptos que permitan conocer \u00bfc\u00f3mo\u00a0convivo con el dise\u00f1o, el arte, el precio, los costos, la calidad, el valor percibido y obtengo resultados beneficiosos?\u00bb\u00a0<\/span><br \/>\n<img loading=\"lazy\" src=\"http:\/\/www.quasarcomunicacion.com.ar\/pilardeferia\/2012\/seminario2.gif\" alt=\"\" width=\"300\" height=\"225\" align=\"right\" \/><span style=\"font-family:Verdana;font-size:small;\">\u00abLa idea es poder brindar herramientas b\u00e1sicas para que cada emprendedor que ya tiene en mente un emprendimiento o est\u00e1 en medio de su ejecuci\u00f3n piense en algunas cuestiones relacionadas con la elecci\u00f3n de la marca, el logotipo, la imagen corporativa, la web institucional, presencia en redes sociales, etc.\u00bb, explic\u00f3 la Lic. Mar\u00eda Fernanda Ipata, siempre haciendo hincapi\u00e9 en que \u00abS\u00f3lo lo que se comunica existe\u00bb.<\/span><br \/>\n<span style=\"font-family:Verdana;font-size:small;\">Los interesados podr\u00e1n acceder a m\u00e1s informaci\u00f3n en facebook en<a href=\"http:\/\/www.facebook.com\/pilardeferia\">www.facebook.com\/pilardeferia<\/a>\u00a0o sumarse al grupo Emprender Hoy<\/span><br \/>\n<span style=\"font-family:Verdana;font-size:small;\"><strong>Pilar de Feria\u00a0<\/strong>es un evento tem\u00e1tico que en esta tercera edici\u00f3n tendr\u00e1 como eje que por primera vez se realizar\u00e1 en un paseo comercial. Para la pr\u00f3xima feria del 1\u00ba de septiembre ya se encuentran vendidos todos los stands disponibles.<\/span><br \/>\n<strong><span style=\"font-family:Verdana;font-size:small;\">Acerca de Qu\u00e1sar Comunicaci\u00f3n<\/span><\/strong><br \/>\n<img loading=\"lazy\" src=\"https:\/\/quasarcomunicacion.com.ar\/home_r1_c1.gif\" alt=\"\" width=\"180\" height=\"119\" align=\"right\" \/><span style=\"font-family:Verdana;font-size:xx-small;\">Qu\u00e1sar Comunicaci\u00f3n es una empresa especializada en estrategias de comunicaci\u00f3n, comunicaci\u00f3n interna, relaciones p\u00fablicas, organizaci\u00f3n de eventos, Community Manager y difusi\u00f3n period\u00edstica; intr\u00ednsecamente ligada a los medios de informaci\u00f3n.<\/span><br \/>\n<span style=\"font-family:Verdana;font-size:xx-small;\">La informaci\u00f3n de los clientes llega, a trav\u00e9s de Qu\u00e1sar Comunicaci\u00f3n, a los periodistas y medios de comunicaci\u00f3n que a su vez la difundir\u00e1n al p\u00fablico objetivo.<\/span><br \/>\n<span style=\"font-family:Verdana;font-size:xx-small;\">Con la gesti\u00f3n en redes sociales tambi\u00e9n llegan a los consumidores finales y clientes de su empresa.\u00a0<\/span><br \/>\n<span style=\"font-family:Verdana;font-size:xx-small;\">Adem\u00e1s, la consultora posee un gran n\u00famero de suscriptores que se engloba dentro del p\u00fablico general, sin ser periodistas o comunicadores.\u00a0<\/span><br \/>\n<span style=\"font-family:Verdana;font-size:xx-small;\">Qu\u00e1sar Comunicaci\u00f3n ofrece a Empresas y Organizaciones servicios de:<\/span><br \/>\n<span style=\"font-family:Verdana;font-size:xx-small;\">Utilizando innovadoras tecnolog\u00edas, Qu\u00e1sar\u00a0 Comunicaci\u00f3n sabe c\u00f3mo crear inter\u00e9s en segmentos espec\u00edficos y generar resultados a trav\u00e9s del an\u00e1lisis de las necesidades de su instituci\u00f3n, brindando un asesoramiento integral acerca de qu\u00e9 comunicar, a qui\u00e9n comunic\u00e1rselo y c\u00f3mo dirigir exitosamente la informaci\u00f3n a los medios y target objetivo.<\/span><br \/>\n<span style=\"font-family:Verdana;font-size:xx-small;\">\u00a0Contrariamente a lo que com\u00fanmente se cree, contratar a una consultora de estas caracter\u00edsticas es, en relaci\u00f3n costo-beneficio, absolutamente accesible ya que se adaptan los servicios a sus necesidades y a su realidad organizacional, ya sea en proyectos puntuales, in company o near shore.<\/span><\/p>\n","protected":false},"excerpt":{"rendered":"<p>\u00a0El pasado jueves 16 de agosto, Pilar de Feria junto a Qu\u00e1sar Comunicaci\u00f3n brind\u00f3 el\u00a0Seminario Gratuito de Capacitaci\u00f3n en Marketing [&hellip;]<\/p>\n","protected":false},"author":2,"featured_media":0,"comment_status":"open","ping_status":"open","sticky":false,"template":"","format":"standard","meta":[],"categories":[2],"tags":[],"_links":{"self":[{"href":"https:\/\/quasarcomunicacion.com.ar\/web\/wp-json\/wp\/v2\/posts\/704"}],"collection":[{"href":"https:\/\/quasarcomunicacion.com.ar\/web\/wp-json\/wp\/v2\/posts"}],"about":[{"href":"https:\/\/quasarcomunicacion.com.ar\/web\/wp-json\/wp\/v2\/types\/post"}],"author":[{"embeddable":true,"href":"https:\/\/quasarcomunicacion.com.ar\/web\/wp-json\/wp\/v2\/users\/2"}],"replies":[{"embeddable":true,"href":"https:\/\/quasarcomunicacion.com.ar\/web\/wp-json\/wp\/v2\/comments?post=704"}],"version-history":[{"count":0,"href":"https:\/\/quasarcomunicacion.com.ar\/web\/wp-json\/wp\/v2\/posts\/704\/revisions"}],"wp:attachment":[{"href":"https:\/\/quasarcomunicacion.com.ar\/web\/wp-json\/wp\/v2\/media?parent=704"}],"wp:term":[{"taxonomy":"category","embeddable":true,"href":"https:\/\/quasarcomunicacion.com.ar\/web\/wp-json\/wp\/v2\/categories?post=704"},{"taxonomy":"post_tag","embeddable":true,"href":"https:\/\/quasarcomunicacion.com.ar\/web\/wp-json\/wp\/v2\/tags?post=704"}],"curies":[{"name":"wp","href":"https:\/\/api.w.org\/{rel}","templated":true}]}}