{"id":701,"date":"2012-08-20T21:04:47","date_gmt":"2012-08-20T21:04:47","guid":{"rendered":"http:\/\/quasarcomunicacion.wordpress.com\/?p=701"},"modified":"2012-08-20T21:04:47","modified_gmt":"2012-08-20T21:04:47","slug":"concierto-de-piano-en-la-biblioteca-bartolome-mitre","status":"publish","type":"post","link":"https:\/\/quasarcomunicacion.com.ar\/web\/concierto-de-piano-en-la-biblioteca-bartolome-mitre\/","title":{"rendered":"Concierto de Piano en la Biblioteca Bartolom\u00e9 Mitre"},"content":{"rendered":"<p style=\"text-align:left;\" align=\"center\"><span style=\"font-family:Verdana;font-size:small;\">El pr\u00f3ximo s\u00e1bado 25 de agosto, en la Biblioteca Bartolom\u00e9 Mitre (situada en Belgrano 553; Pilar), a partir de las 20 hs, lo m\u00fasicos Marcelo Iv\u00e1n Aguilera y Nicol\u00e1s Ogloblin participar\u00e1n de un Concierto de Piano<\/span><strong><!--more--><\/strong><\/p>\n<p><span style=\"font-family:Verdana;font-size:small;\"><img loading=\"lazy\" src=\"http:\/\/www.quasarcomunicacion.com.ar\/varios\/auspicios\/afichepiano.gif\" alt=\"\" width=\"500\" height=\"715\" \/><\/span><br \/>\n<span style=\"font-family:Verdana;font-size:small;\">Entre las obras que incluir\u00e1 el programa durante esta jornada se encuentran piezas compuestas por Johann Sebastian Bach, Claude Debussy, Fr\u00e9d\u00e9ric Chopin y Ludwig van Beethoven, entre otros.<\/span><br \/>\n<span style=\"font-family:Verdana;font-size:small;\">Las entradas anticipadas tienen un valor de $25 y pueden adquirirse escribiendo a diegomantuani@gmail.com o en los puntos de venta. Mientras que en el d\u00eda del concierto pueden comprarse en la Biblioteca Bartolom\u00e9 Mitre y su valor ser\u00e1 de $30<\/span><br \/>\n<span style=\"font-family:Verdana;font-size:small;\">El concierto cuenta con el auspicio de Tevsa Ingenier\u00eda &amp; Construcci\u00f3n, M\u00fasica Pilar, Qu\u00e1sar Comunicaci\u00f3n, El Diario Regioanal de Pilar, Electr\u00f3nica JG Pilar, N\u00e9lida Micelli Catering para Eventos, Pilar GPS y Gianelli Seguros Generales.<\/span><\/p>\n","protected":false},"excerpt":{"rendered":"<p>El pr\u00f3ximo s\u00e1bado 25 de agosto, en la Biblioteca Bartolom\u00e9 Mitre (situada en Belgrano 553; Pilar), a partir de las [&hellip;]<\/p>\n","protected":false},"author":2,"featured_media":0,"comment_status":"open","ping_status":"open","sticky":false,"template":"","format":"standard","meta":[],"categories":[2],"tags":[],"_links":{"self":[{"href":"https:\/\/quasarcomunicacion.com.ar\/web\/wp-json\/wp\/v2\/posts\/701"}],"collection":[{"href":"https:\/\/quasarcomunicacion.com.ar\/web\/wp-json\/wp\/v2\/posts"}],"about":[{"href":"https:\/\/quasarcomunicacion.com.ar\/web\/wp-json\/wp\/v2\/types\/post"}],"author":[{"embeddable":true,"href":"https:\/\/quasarcomunicacion.com.ar\/web\/wp-json\/wp\/v2\/users\/2"}],"replies":[{"embeddable":true,"href":"https:\/\/quasarcomunicacion.com.ar\/web\/wp-json\/wp\/v2\/comments?post=701"}],"version-history":[{"count":0,"href":"https:\/\/quasarcomunicacion.com.ar\/web\/wp-json\/wp\/v2\/posts\/701\/revisions"}],"wp:attachment":[{"href":"https:\/\/quasarcomunicacion.com.ar\/web\/wp-json\/wp\/v2\/media?parent=701"}],"wp:term":[{"taxonomy":"category","embeddable":true,"href":"https:\/\/quasarcomunicacion.com.ar\/web\/wp-json\/wp\/v2\/categories?post=701"},{"taxonomy":"post_tag","embeddable":true,"href":"https:\/\/quasarcomunicacion.com.ar\/web\/wp-json\/wp\/v2\/tags?post=701"}],"curies":[{"name":"wp","href":"https:\/\/api.w.org\/{rel}","templated":true}]}}