{"id":6992,"date":"2016-04-28T16:46:00","date_gmt":"2016-04-28T19:46:00","guid":{"rendered":"https:\/\/quasarcomunicacion.com.ar\/web\/?p=6992"},"modified":"2016-04-28T16:46:00","modified_gmt":"2016-04-28T19:46:00","slug":"continua-el-ciclo-de-charlas-gratuitas-para-el-desarrolloemprendedor-en-pilar","status":"publish","type":"post","link":"https:\/\/quasarcomunicacion.com.ar\/web\/continua-el-ciclo-de-charlas-gratuitas-para-el-desarrolloemprendedor-en-pilar\/","title":{"rendered":"Contin\u00faa el Ciclo de Charlas Gratuitas para el #desarrolloemprendedor en Pilar"},"content":{"rendered":"<p style=\"text-align: left;\" align=\"center\"><span style=\"font-family: Verdana; font-size: small;\">El pr\u00f3ximo mi\u00e9rcoles 18 de mayo se realizar\u00e1 la segunda charla del <\/span><b style=\"font-family: Verdana; font-size: small;\">Ciclo de Charlas Gratuitas para el #desarrolloemprendedor en Pilar 2016<\/b><span style=\"font-family: Verdana; font-size: small;\"> que se lleva adelante en el auditorio de <\/span><b style=\"font-family: Verdana; font-size: small;\">Wid\u00fa Networking Space.<\/b><span style=\"font-family: Verdana; font-size: small;\"> En esta ocasi\u00f3n la tem\u00e1tica ser\u00e1\u00a0<\/span><\/p>\n<p><span style=\"font-family: Verdana; font-size: small;\"> <b>\u00abFamilia unida-empresa s\u00f3lida. El desaf\u00edo de las mipymes\u00bb <\/b>a cargo de la Lic. Elizabeth Far\u00edas de Cespym Cursos. El ciclo, que se realiza por tercer a\u00f1o consecutivo, es organizado por <b>Emprender HOY<\/b> y <b>Pilar Emprende<\/b>. La entrada a cada capacitaci\u00f3n es libre y gratuita y para participar solo se requiere completar el siguiente formulario online: <a href=\"http:\/\/www.emprenderhoy.com.ar\/desarrolloemprendedor2016.html\"> www.<\/a><\/span><span style=\"font-family: Verdana;\"><a href=\"http:\/\/www.emprenderhoy.com.ar\/desarrolloemprendedor2016.html\"><span style=\"font-size: small;\">emprenderhoy.com.ar\/desarrolloemprendedor2016.html<\/span><\/a><span style=\"font-size: small;\">. <\/span><\/span><span style=\"font-family: Verdana; font-size: small;\">Informes escribiendo a <a href=\"mailto:info@emprenderhoy.com.ar\"> info@emprenderhoy.com.ar<\/a> o comunic\u00e1ndose al 011-15-6742-7635<!--more--><\/span><\/p>\n<p><a href=\"https:\/\/quasarcomunicacion.com.ar\/web\/wp-content\/uploads\/2016\/04\/charlamarzo.gif\"><img class=\"aligncenter\" alt=\"charlamarzo\" src=\"https:\/\/quasarcomunicacion.com.ar\/web\/wp-content\/uploads\/2016\/04\/charlamarzo.gif\" \/><\/a><\/p>\n<p><span style=\"font-family: Verdana; font-size: small;\">Durante el encuentro, se hablar\u00e1 de las familias como una sociedad en s\u00ed mismas, y las empresas familiares resultan una mixtura particular dentro del universo de las actividades productivas. Pues al ser familiares, surgen y se consolidan intr\u00ednsecamente atadas al n\u00facleo afectivo. El v\u00ednculo familiar es su fortaleza y a la vez el m\u00e1s grande desaf\u00edo.<\/span><\/p>\n<p><span style=\"font-family: Verdana; font-size: small;\">Seg\u00fan la experta, el foco de conflicto m\u00e1s habitual est\u00e1 vinculado a los procesos de toma de decisi\u00f3n, la distribuci\u00f3n de tareas y responsabilidades, y la transici\u00f3n generacional. A su vez, si se profesionalizan y mantienen intactos los v\u00ednculos familiares, logran crecer y consolidarse.<\/span><\/p>\n<p><span style=\"font-family: Verdana; font-size: small;\">\u201cEn esta charla abordaremos el v\u00ednculo familiar y la familia devenida de familia empresaria, cuales son aquellos conflictos m\u00e1s frecuentes, como construir y consolidar la cultura organizacional a partir de la cultura familiar. Tambi\u00e9n haremos una valoraci\u00f3n de la capacitaci\u00f3n como activo y les daremos algunos tips para transitar con \u00e9xito el desaf\u00edo de ser una mipyme familiar\u00bb, indica la Lic. Elizabeth Far\u00edas, titular de CESPYM Cursos.<\/span><\/p>\n<p><span style=\"font-family: Verdana; font-size: small;\">\u00abEn esta capacitaci\u00f3n recibir\u00e1n informaci\u00f3n adaptable a la realidad de cada organizaci\u00f3n. Los contenidos son amenos y sugerimos asistir con alg\u00fan colaborador. Es una oportunidad para aprender cosas nuevas, re-aprender y renovar ideas, tambi\u00e9n de relacionarse con otros emprendedores en el espacio de networking\u201d, finaliza. <\/span><\/p>\n<p><span style=\"font-family: Verdana; font-size: small;\">Como cada a\u00f1o desde 2014, el ciclo es organizado por Emprender HOY y Pilar Emprende. En esta ocasi\u00f3n apoyan la iniciativa Cespym Cursos, AGC Consultora, Estudio Larrosa, Qu\u00e1sar Comunicaci\u00f3n, Estudio AM, Pilar Hoy Noticias, Red Conar, Pilar Emprende Radio, Skins Deco, Madre Emprendedora, Pilar GPS, Radio X Pilar, Frix Semillero de Emprendedores, Sistemas ST, Revista Li y Tu Mejor Perfil.<\/span><\/p>\n<p><span style=\"font-family: Verdana; font-size: small;\">Se recomienda a los asistentes concurrir con tarjetas personales o material promocional para el espacio de networking\u00a0 <\/span><\/p>\n<p><span style=\"font-family: Verdana; font-size: small;\">El ciclo continuar\u00e1 en julio y septiembre, los terceros mi\u00e9rcoles de cada mes.<\/span><\/p>\n<p><b><span style=\"font-family: Verdana; font-size: small;\">Acerca de CESPYM<\/span><\/b><\/p>\n<p><span style=\"font-family: Verdana; font-size: xx-small;\">CESPYM<\/span><span style=\"font-family: Verdana; font-size: xx-small;\"> es una empresa joven conformada por mujeres profesionales formadas en disciplinas como Administraci\u00f3n de Empresas, RRPP, Sociolog\u00eda, Filosof\u00eda, Coaching empresarial y educaci\u00f3n en entornos virtuales, lo que garantiza un abordaje interdisciplinario de la organizaci\u00f3n. <\/span><\/p>\n<p><span style=\"font-family: Verdana; font-size: xx-small;\">Nuestro objetivo es permitirles a todas aquellas mipymes y particulares que lo deseen, realizar una capacitaci\u00f3n din\u00e1mica, de breve duraci\u00f3n y con valores accesibles. Para realizar nuestros cursos solo necesita una computadora con conexi\u00f3n a internet y ganas de capacitarse. <\/span><\/p>\n<p><span style=\"font-family: Verdana; font-size: xx-small;\">CESPYM<\/span><span style=\"font-family: Verdana; font-size: xx-small;\"> es Capacitaci\u00f3n para empresas peque\u00f1as y medianas. <\/span><\/p>\n<p><b><span style=\"font-family: Verdana; font-size: small;\">Acerca de Elizabeth Farias<\/span><\/b><\/p>\n<p><span style=\"font-family: Verdana; font-size: xx-small;\">La capacitaci\u00f3n est\u00e1 a cargo de la Lic Elizabeth Far\u00edas, que es la directora de CESPYM. CAPACITACI\u00d3N PARA EMPRESAS PEQUE\u00d1AS Y MEDIANAS.<br \/>\nEs licenciada en Ciencias Sociales y Humanidades; T\u00e9cnica Superior en Relaciones P\u00fablicas y Analista de PYMES.<br \/>\nTambi\u00e9n posee un Curso de Posgrado Certificado en Neuromanagment; Curso de Posgrado Liderazgo y Competencias Directivas; Curso de Posgrado Derecho del trabajo para empresarios argentinos de Micro, Peque\u00f1a y Mediana Empresa; Curso de Posgrado Gerenciamiento de Proyectos educativos en modalidad e-learning y un Curso de Posgrado sobre Sociedad, Cultura y Pol\u00edtica en el siglo XX.<\/span><\/p>\n<p><b><span style=\"font-family: Verdana; font-size: small;\">CRONOGRAMA DE CHARLAS <\/span> <\/b><\/p>\n<p><span style=\"font-family: Verdana; font-size: small;\">#3 Mi\u00e9rcoles 20 de julio &#8211; 9 hs: \u00abPrimeros pasos para emprender\u00bb a cargo del Dr Ariel Larrosa, titular del Estudio Jur\u00eddico Larrosa <\/span><\/p>\n<p><span style=\"font-family: Verdana; font-size: small;\">#4 Mi\u00e9rcoles 21 de SEPTIEMBRE &#8211; 9 hs: \u00abMotivaci\u00f3n: el motor emocional de tu emprendimiento\u00bb a cargo de Adriana Canga y Lucila Dotto de AGC Consultora\u00a0 <\/span><\/p>\n<p><b><span style=\"font-family: Verdana; font-size: small;\">Acerca de Emprender HOY<\/span><\/b><\/p>\n<p><span style=\"font-family: Verdana; font-size: xx-small;\"><b> Emprender HOY <\/b>es un espacio para todos los emprendedores que se materializa en diversos eventos como ferias, encuentros, capacitaciones, consultor\u00edas, espacios de networking, entre otros. <\/span><\/p>\n<p><span style=\"font-family: Verdana; font-size: xx-small;\">La raz\u00f3n de ser, la misi\u00f3n, de <b>Emprender HOY <\/b>es proporcionar al sector Emprendedor herramientas y conocimientos que le permitan desarrollar su propio emprendimiento e incorporar competencias que deriven en su mejora continua. <\/span><\/p>\n<p><span style=\"font-family: Verdana; font-size: xx-small;\">Desde la instituci\u00f3n buscan fomentar el autoempleo y la sustentabilidad de los proyectos contribuyendo a la generaci\u00f3n de valor econ\u00f3mico en la sociedad a trav\u00e9s de la creaci\u00f3n y sostenimiento de un ecosistema emprendedor. Aspiran a ser un canal de comunicaci\u00f3n entre los emprendedores y entre las instituciones y organismos dedicados a ellos <\/span><\/p>\n<p><span style=\"font-family: Verdana; font-size: xx-small;\">Tambi\u00e9n cuentan con un grupo de consultores independientes que acercan su saber a los emprendedores, gener\u00e1ndose una comunidad donde la informaci\u00f3n se comparte de forma exponencial y viral <\/span><\/p>\n<p><span style=\"font-family: Verdana; font-size: xx-small;\">Emprender Hoy, a trav\u00e9s del proyecto <b>#DESARROLLOEMPRENDEDOR<\/b> desarrolla por tercer a\u00f1o consecutivo un ciclo de actividades gratuitas compuesto por charlas y encuentros de networking.<\/span><\/p>\n<p><span style=\"font-family: Verdana; font-size: xx-small;\">El mismo se desarrolla en la ciudad de Pilar (Bs. As., Argentina) y cuenta con el apoyo de diferentes instituciones, particulares, medios de comunicaci\u00f3n y consultores independientes que comparten su conocimiento de manera desinteresada. <\/span><\/p>\n<p><b><span style=\"font-family: Verdana; font-size: small;\">Acerca de Pilar Emprende by Emprender HOY <\/span><\/b><\/p>\n<p><span style=\"font-family: Verdana; font-size: xx-small;\"><b> Pilar Emprende<\/b> surge a partir del trabajo de <b>Emprender HOY, <\/b>un espacio que busca otorgarle valor a los proyectos de emprendedores de la zona, acompa\u00f1arlos en su puesta en marcha y disfrutar en equipo de los objetivos cumplidos <\/span><\/p>\n<p><span style=\"font-family: Verdana; font-size: xx-small;\">Para cumplir con su misi\u00f3n, brindan herramientas, espacios de networking, capacitaciones, tips, noticias, consultor\u00eda y todo lo que necesita el emprendedor para crecer y conformar un s\u00f3lido ecosistema emprendedor. <\/span><\/p>\n<p><span style=\"font-family: Verdana; font-size: xx-small;\"><b>Pilar Emprende<\/b> es un espacio pensado por emprendedores para los emprendedores de Pilar que junto a <b>Emprender HOY<\/b> le brindan oportunidades para crecer con su proyecto<\/span><\/p>\n<p><span style=\"font-family: Verdana; font-size: xx-small;\">Adem\u00e1s, cuenta desde 2015 con el espacio radial Pilar Emprende Radio que durante 2015 se emite los martes de 15 a 17 hs por Radio X Pilar (FM 100.3 \/ <a href=\"http:\/\/www.radioxpilar.com\/\">www.radioxpilar.com<\/a>.ar) en su segunda temporada.<\/span><\/p>\n<p><span style=\"font-family: Verdana; font-size: xx-small;\"><b> Emprender HOY <\/b>es un espacio para todos los emprendedores que se materializa en diversos eventos como ferias, encuentros, capacitaciones, consultor\u00edas, espacios de networking, entre otros. <\/span><\/p>\n<p><span style=\"font-family: Verdana; font-size: xx-small;\">La raz\u00f3n de ser, la misi\u00f3n, de <b>Emprender HOY <\/b>es proporcionar al sector Emprendedor herramientas y conocimientos que le permitan desarrollar su propio emprendimiento e incorporar competencias que deriven en su mejora continua. <\/span><\/p>\n<p><span style=\"font-family: Verdana; font-size: xx-small;\">Desde la instituci\u00f3n buscan fomentar el autoempleo y la sustentabilidad de los proyectos contribuyendo a la generaci\u00f3n de valor econ\u00f3mico en la sociedad a trav\u00e9s de la creaci\u00f3n y sostenimiento de un ecosistema emprendedor. Aspiran a ser un canal de comunicaci\u00f3n entre los emprendedores y entre las instituciones y organismos dedicados a ellos <\/span><\/p>\n<p><span style=\"font-family: Verdana; font-size: xx-small;\">Tambi\u00e9n cuentan con un grupo de consultores independientes que acercan su saber a los emprendedores, gener\u00e1ndose una comunidad donde la informaci\u00f3n se comparte de forma exponencial y viral <\/span><\/p>\n<p><span style=\"font-size: small;\"><b><i><span style=\"font-family: Arial;\">Por otras im\u00e1genes, audios o entrevistas no dude en contactarse<\/span><\/i><\/b><\/span><\/p>\n<p align=\"center\"><span style=\"font-size: small;\"><b><i> Contactos de Prensa<\/i><\/b><\/span><\/p>\n<div align=\"left\">\n<table width=\"100%\" border=\"1\" cellpadding=\"2\" align=\"left\">\n<tbody>\n<tr>\n<td align=\"center\" width=\"50%\">\n<p align=\"left\"><strong> <span style=\"color: #ff0000; font-family: Arial; font-size: small;\">Mayra Ibarra<\/span><\/strong><span style=\"font-size: medium;\"><strong><span style=\"color: #808080; font-family: Arial; font-size: small;\"> &#8211; Asistente de Cuentas<\/span><\/strong><\/span><\/p>\n<p><span style=\"font-size: xx-small;\"><span style=\"color: #ff0000;\"> Directo<\/span><b>: <\/b> 0230<\/span><span style=\"font-size: xx-small;\">-4664772<br \/>\n<\/span><span style=\"color: #ff0000; font-size: xx-small;\"> Skype:<\/span><span style=\"font-size: xx-small;\"> quasarcomunicacion<br \/>\n<\/span><span style=\"color: #ff0000; font-size: xx-small;\"> Twitter:<\/span><span style=\"font-size: xx-small;\"> @quasarpilar<br \/>\n<\/span><span style=\"color: #ff0000; font-size: xx-small;\"> Gr<\/span><span style=\"color: #ff0000; font-size: xx-small;\">upo y p\u00e1gina en Facebook: <\/span> <span style=\"color: #808080; font-size: xx-small;\">www.facebook.com\/<\/span><a href=\"mailto:mfipata@gmail.com\"><span style=\"font-size: xx-small;\">Quasar<\/span><\/a><span style=\"font-size: xx-small;\">Comunicacion<br \/>\n<\/span><span style=\"color: #ff0000; font-size: xx-small;\"> Web:<\/span><b><\/b> <a href=\"http:\/\/www.quasarcomunicacion.com.ar\/\"> <span style=\"font-size: xx-small;\">www.quasarcomunicacion.com.ar<\/span><\/a><\/p>\n<p align=\"left\"><span style=\"font-size: xx-small;\"> <span style=\"color: #ff0000;\">Mail<\/span><b>:<\/b><\/span><span style=\"font-size: xx-small;\"> <a href=\"mailto:fernanda@quasarcomunicacion.com.ar\"> quasar@quasarcomunicacion.com.ar<\/a><\/span><\/p>\n<\/td>\n<td align=\"center\" width=\"50%\">\n<p align=\"right\"><span style=\"font-size: medium;\"><strong> <span style=\"color: #808080; font-family: Arial; font-size: small;\"> Lic. Mar\u00eda Fernanda Ipata &#8211; Directora<br \/>\n<\/span> <\/strong><\/span> <span style=\"font-size: xx-small;\"><span style=\"color: #ff0000;\"><br \/>\nDirecto<\/span><b>: <\/b> 0230<\/span><span style=\"font-size: xx-small;\">-4664772<\/span><span style=\"font-size: xx-small;\"><br \/>\n<\/span><span style=\"font-size: xx-small;\"> <span style=\"color: #ff0000;\">M\u00f3vil:<\/span><b> <\/b> 0230<\/span><span style=\"font-size: xx-small;\">-15-4584535<br \/>\n011-15-6096-4656 ID 558*3763<br \/>\n<\/span><span style=\"color: #ff0000; font-size: xx-small;\"> Skype:<\/span><span style=\"font-size: xx-small;\"> quasarcomunicacion<br \/>\n<\/span><span style=\"color: #ff0000; font-size: xx-small;\"> Twitter:<\/span><span style=\"font-size: xx-small;\"> @quasarpilar<br \/>\n<\/span><span style=\"color: #ff0000; font-size: xx-small;\"> Gr<\/span><span style=\"color: #ff0000; font-size: xx-small;\">upo y p\u00e1gina en Facebook: <\/span> <span style=\"color: #808080; font-size: xx-small;\">www.facebook.com\/<\/span><a href=\"mailto:mfipata@gmail.com\"><span style=\"font-size: xx-small;\">Quasar<\/span><\/a><span style=\"font-size: xx-small;\">Comunicacion<br \/>\n<\/span><span style=\"font-size: xx-small;\"> <span style=\"color: #ff0000;\">LinkedIn<\/span><b>:\u00a0 <\/b><\/span> <span style=\"font-size: xx-small;\"><b> <a href=\"http:\/\/www.linkedin.com\/in\/mfipata\"> http:\/\/www.linkedin.com\/in\/mfipata<\/a><\/b><\/span><span style=\"font-size: xx-small;\"><br \/>\n<\/span><span style=\"color: #ff0000; font-size: xx-small;\"> Web:<\/span><b><\/b> <a href=\"http:\/\/www.quasarcomunicacion.com.ar\/\"> <span style=\"font-size: xx-small;\">www.quasarcomunicacion.com.ar<\/span><\/a><span style=\"font-size: xx-small;\"><br \/>\n<\/span><span style=\"font-size: xx-small;\"> <span style=\"color: #ff0000;\">Mail<\/span><b>:<\/b><\/span><span style=\"font-size: xx-small;\"><a href=\"mailto:fernanda@quasarcomunicacion.com.ar\"> fernanda@quasarcomunicacion.com.ar<\/a><\/span><\/p>\n<\/td>\n<\/tr>\n<\/tbody>\n<\/table>\n<\/div>\n","protected":false},"excerpt":{"rendered":"<p>El pr\u00f3ximo mi\u00e9rcoles 18 de mayo se realizar\u00e1 la segunda charla del Ciclo de Charlas Gratuitas para el #desarrolloemprendedor en [&hellip;]<\/p>\n","protected":false},"author":2,"featured_media":6993,"comment_status":"open","ping_status":"open","sticky":false,"template":"","format":"standard","meta":[],"categories":[2],"tags":[],"_links":{"self":[{"href":"https:\/\/quasarcomunicacion.com.ar\/web\/wp-json\/wp\/v2\/posts\/6992"}],"collection":[{"href":"https:\/\/quasarcomunicacion.com.ar\/web\/wp-json\/wp\/v2\/posts"}],"about":[{"href":"https:\/\/quasarcomunicacion.com.ar\/web\/wp-json\/wp\/v2\/types\/post"}],"author":[{"embeddable":true,"href":"https:\/\/quasarcomunicacion.com.ar\/web\/wp-json\/wp\/v2\/users\/2"}],"replies":[{"embeddable":true,"href":"https:\/\/quasarcomunicacion.com.ar\/web\/wp-json\/wp\/v2\/comments?post=6992"}],"version-history":[{"count":0,"href":"https:\/\/quasarcomunicacion.com.ar\/web\/wp-json\/wp\/v2\/posts\/6992\/revisions"}],"wp:featuredmedia":[{"embeddable":true,"href":"https:\/\/quasarcomunicacion.com.ar\/web\/wp-json\/wp\/v2\/media\/6993"}],"wp:attachment":[{"href":"https:\/\/quasarcomunicacion.com.ar\/web\/wp-json\/wp\/v2\/media?parent=6992"}],"wp:term":[{"taxonomy":"category","embeddable":true,"href":"https:\/\/quasarcomunicacion.com.ar\/web\/wp-json\/wp\/v2\/categories?post=6992"},{"taxonomy":"post_tag","embeddable":true,"href":"https:\/\/quasarcomunicacion.com.ar\/web\/wp-json\/wp\/v2\/tags?post=6992"}],"curies":[{"name":"wp","href":"https:\/\/api.w.org\/{rel}","templated":true}]}}