{"id":6989,"date":"2016-04-27T16:32:28","date_gmt":"2016-04-27T19:32:28","guid":{"rendered":"https:\/\/quasarcomunicacion.com.ar\/web\/?p=6989"},"modified":"2016-04-27T16:32:28","modified_gmt":"2016-04-27T19:32:28","slug":"talleres-de-comida-vegana-vegetariana-en-alma-natura-supercocina","status":"publish","type":"post","link":"https:\/\/quasarcomunicacion.com.ar\/web\/talleres-de-comida-vegana-vegetariana-en-alma-natura-supercocina\/","title":{"rendered":"Talleres de comida vegana-vegetariana en Alma Natura SuperCocina"},"content":{"rendered":"<p style=\"text-align: left;\" align=\"center\"><b style=\"font-family: Verdana; font-size: small;\">Alma Natura SuperCocina<\/b><span style=\"font-family: Verdana; font-size: small;\"> sigue concientizando sobre la importancia de una alimentaci\u00f3n saludable y consciente. Por eso comienza a dictar unos talleres de comida vegetariana &#8211; vegana en su local de Paseo Champagnat (Panamericana Km 54, esquina Champagnat, Pilar).<\/span><\/p>\n<p align=\"left\"><span style=\"font-family: Verdana; font-size: small;\">Consultas e inscripciones por tel\u00e9fono llamando al 02<\/span><span style=\"font-family: Verdana; font-size: small;\">30-4373300, o v\u00eda Facebook: almanaturalpilar, <a href=\"http:\/\/www.alma-natura.com\/\">www.alma-natura.com<\/a> o por mail a i<a href=\"mailto:info@alma-natura.com\" data-bind=\"href:'mailto:' + emailContacto()\">nfo@alma-natura.com<!--more--><\/a><\/span><\/p>\n<p align=\"left\"><a href=\"https:\/\/quasarcomunicacion.com.ar\/web\/wp-content\/uploads\/2016\/04\/taller.gif\"><img class=\"aligncenter\" alt=\"taller\" src=\"https:\/\/quasarcomunicacion.com.ar\/web\/wp-content\/uploads\/2016\/04\/taller.gif\" \/><\/a><\/p>\n<p align=\"left\"><span style=\"font-family: Verdana; font-size: small;\">Debido al creciente inter\u00e9s y expansi\u00f3n de la comida vegetariana y vegana, <b>Alma Natura SuperCocina <\/b>ense\u00f1ar\u00e1 nuevas recetas a sus clientes y principiantes en este estilo de comida a partir del dictado de una serie de talleres.<\/span><\/p>\n<p><span style=\"font-family: Verdana; font-size: small;\">Cada taller tiene una duraci\u00f3n de dos horas (de 17 a 19 hs) y tendr\u00e1n lugar en el local de Paseo Champagnat (Panamericana Km. 54, esquina Champagnat, Pilar)<br \/>\nLos tres talleres tendr\u00e1n lugar los d\u00edas:<\/span><\/p>\n<p align=\"left\"><span style=\"font-family: Verdana; font-size: small;\">\u2022 Almuerzos nutritivos: 3 de mayo.<br \/>\n\u2022 Postres y Reposter\u00eda: 10 de mayo.<\/span><\/p>\n<p align=\"left\"><span style=\"font-family: Verdana; font-size: small;\">Con variadas recetas, en el taller se incluir\u00e1n consumiciones y degustaciones para los cocineros. Adem\u00e1s, a todos los participantes se les entregar\u00e1 delantal, recetario, bolsa y los materiales necesarios para trabajar. <\/span><\/p>\n<p align=\"left\"><span style=\"font-family: Verdana; font-size: small;\">Con cupos reducidos, las actividades constan de una \u00fanica inscripci\u00f3n de $300 y el costo de cada taller es de $500 <\/span><\/p>\n<p align=\"left\"><span style=\"font-family: Verdana; font-size: small;\">Actualmente se nota un creciente inter\u00e9s por la cocina vegetariana y vegana, lo cual hizo elevar su perfil en el mundo de la gastronom\u00eda. Atento a esta realidad, Alma Natura acept\u00f3 el reto con entusiasmo creando magn\u00edficas recetas. En los talleres, los asistentes encontrar\u00e1n fabulosas recetas con un magn\u00edfico resultado para seguir incursionando en sus casas y sorprendiendo a sus familias. Desde ya, escogiendo siempre los mejores productos, con garant\u00eda de frescura y calidad.<\/span><\/p>\n<p align=\"left\"><b><span style=\"font-family: Verdana; font-size: small;\">Acerca de Alma Natura<\/span><\/b><\/p>\n<p align=\"left\"><span style=\"font-family: Verdana; font-size: xx-small;\">Alma Natura abre sus puertas de lunes a domingo de 10 a 21 hs para ofrecer productos naturales, sin conservantes, ni ning\u00fan otro aditivo qu\u00edmico utilizado en los procesos convencionales. Estos alimentos se pueden comprar por mostrador para llevar, compartir en el local o disfrutar del servicio catering para deleitarse con los platos en nuestras casas o lugares de trabajo. De esta manera, con un men\u00fa diferente cada d\u00eda se podr\u00e1n degustar platos vegetarianos, veganos y RAW.<\/span><\/p>\n<p align=\"left\"><span style=\"font-family: Verdana; font-size: xx-small;\">Adem\u00e1s, ya comienzan los talleres y cursos para aprender a cocinar de forma saludable y consciente.<\/span><\/p>\n<p align=\"left\"><span style=\"font-family: Verdana; font-size: xx-small;\">La amplia carta incluye infusiones, batidos, jugos, vinos y cervezas artesanales, picadas, ensaladas, tartas, empanadas, budines, sandwichs, dulces y mucho m\u00e1s para una comida sana con ingredientes de primera calidad que provienen de <\/span><b style=\"font-family: Verdana; font-size: xx-small;\">Alma Natura Super Alimentos <\/b><span style=\"font-family: Verdana; font-size: xx-small;\">y productores locales<\/span><b style=\"font-family: Verdana; font-size: xx-small;\">.<\/b><\/p>\n<p align=\"left\"><span style=\"font-family: Verdana; font-size: xx-small;\">Adem\u00e1s, desde <b>Alma Natura<\/b> trabajan para difundir la importancia del cambio de h\u00e1bito, para fomentar el cuidado de la salud y\u00a0 respetar tanto a los animales como al planeta.<\/span><\/p>\n<p align=\"left\"><span style=\"font-family: Verdana; font-size: xx-small;\">La Misi\u00f3n de <b>Alma Natura<\/b> es respetar al consumidor y a la naturaleza, ofreciendo productos de calidad, hechos con amor y dedicaci\u00f3n. Promoviendo el trabajo de peque\u00f1os productores y apoyando el comercio justo.<\/span><\/p>\n<p align=\"left\"><span style=\"font-family: Verdana; font-size: xx-small;\">En <b>Alma Natura <\/b>se dedican a la producci\u00f3n de alimentos para sentirte bien, y con un moderno dise\u00f1o arquitect\u00f3nico, podr\u00e1s ver esta producci\u00f3n en vivo y en directo a trav\u00e9s de amplios ventanales que permitir\u00e1n vivir la cocina de Alma Natural <\/span><\/p>\n<p align=\"left\"><span style=\"font-family: Verdana; font-size: xx-small;\"><b>Alma Natura <\/b>se adapta a la practicidad de los tiempos urbanos, cubriendo las necesidades de quienes buscan alternativas de comidas sanas, ricas y f\u00e1ciles de preparar.\u00a0 <\/span><span style=\"font-size: xx-small;\">\u00a0<\/span><\/p>\n<p align=\"left\"><span style=\"font-family: Verdana; font-size: xx-small;\"><b>Alma Natura SuperCocina<\/b>, Paseo Champagnat, Panamericana Ramal Pilar Km 54.5 esquina Champagnat. Abierto de lunes a domingo de 10 a 21 hs. Tel\u00e9fono 0230-4373300, <b>Facebook<\/b>: almanaturalpilar, <a href=\"http:\/\/www.alma-natura.com\/\">www.alma-natura.com<\/a> <\/span><\/p>\n<p><span style=\"font-size: small;\"><b><i><span style=\"font-family: Arial;\">Por otras im\u00e1genes, audios o entrevistas no dude en contactarse<\/span><\/i><\/b><\/span><\/p>\n<p align=\"center\"><span style=\"font-size: small;\"><b><i> Contactos de Prensa<\/i><\/b><\/span><\/p>\n<div align=\"left\">\n<table width=\"100%\" border=\"1\" cellpadding=\"2\" align=\"left\">\n<tbody>\n<tr>\n<td align=\"center\" width=\"50%\">\n<p align=\"left\"><strong> <span style=\"color: #ff0000; font-family: Arial; font-size: small;\">Mayra Ibarra<\/span><\/strong><span style=\"font-size: medium;\"><strong><span style=\"color: #808080; font-family: Arial; font-size: small;\"> &#8211; Asistente de Cuentas<\/span><\/strong><\/span><\/p>\n<p><span style=\"font-size: xx-small;\"><span style=\"color: #ff0000;\"> Directo<\/span><b>: <\/b> 0230<\/span><span style=\"font-size: xx-small;\">-4664772<br \/>\n<\/span><span style=\"color: #ff0000; font-size: xx-small;\"> Skype:<\/span><span style=\"font-size: xx-small;\"> quasarcomunicacion<br \/>\n<\/span><span style=\"color: #ff0000; font-size: xx-small;\"> Twitter:<\/span><span style=\"font-size: xx-small;\"> @quasarpilar<br \/>\n<\/span><span style=\"color: #ff0000; font-size: xx-small;\"> Gr<\/span><span style=\"color: #ff0000; font-size: xx-small;\">upo y p\u00e1gina en Facebook: <\/span> <span style=\"color: #808080; font-size: xx-small;\">www.facebook.com\/<\/span><a href=\"mailto:mfipata@gmail.com\"><span style=\"font-size: xx-small;\">Quasar<\/span><\/a><span style=\"font-size: xx-small;\">Comunicacion<br \/>\n<\/span><span style=\"color: #ff0000; font-size: xx-small;\"> Web:<\/span><b><\/b> <a href=\"http:\/\/www.quasarcomunicacion.com.ar\/\"> <span style=\"font-size: xx-small;\">www.quasarcomunicacion.com.ar<\/span><\/a><\/p>\n<p align=\"left\"><span style=\"font-size: xx-small;\"> <span style=\"color: #ff0000;\">Mail<\/span><b>:<\/b><\/span><span style=\"font-size: xx-small;\"> <a href=\"mailto:fernanda@quasarcomunicacion.com.ar\"> quasar@quasarcomunicacion.com.ar<\/a><\/span><\/p>\n<\/td>\n<td align=\"center\" width=\"50%\">\n<p align=\"right\"><span style=\"font-size: medium;\"><strong> <span style=\"color: #808080; font-family: Arial; font-size: small;\"> Lic. Mar\u00eda Fernanda Ipata &#8211; Directora<br \/>\n<\/span> <\/strong><\/span> <span style=\"font-size: xx-small;\"><span style=\"color: #ff0000;\"><br \/>\nDirecto<\/span><b>: <\/b> 0230<\/span><span style=\"font-size: xx-small;\">-4664772<\/span><span style=\"font-size: xx-small;\"><br \/>\n<\/span><span style=\"font-size: xx-small;\"> <span style=\"color: #ff0000;\">M\u00f3vil:<\/span><b> <\/b> 0230<\/span><span style=\"font-size: xx-small;\">-15-4584535<br \/>\n011-15-6096-4656 ID 558*3763<br \/>\n<\/span><span style=\"color: #ff0000; font-size: xx-small;\"> Skype:<\/span><span style=\"font-size: xx-small;\"> quasarcomunicacion<br \/>\n<\/span><span style=\"color: #ff0000; font-size: xx-small;\"> Twitter:<\/span><span style=\"font-size: xx-small;\"> @quasarpilar<br \/>\n<\/span><span style=\"color: #ff0000; font-size: xx-small;\"> Gr<\/span><span style=\"color: #ff0000; font-size: xx-small;\">upo y p\u00e1gina en Facebook: <\/span> <span style=\"color: #808080; font-size: xx-small;\">www.facebook.com\/<\/span><a href=\"mailto:mfipata@gmail.com\"><span style=\"font-size: xx-small;\">Quasar<\/span><\/a><span style=\"font-size: xx-small;\">Comunicacion<br \/>\n<\/span><span style=\"font-size: xx-small;\"> <span style=\"color: #ff0000;\">LinkedIn<\/span><b>:\u00a0 <\/b><\/span> <span style=\"font-size: xx-small;\"><b> <a href=\"http:\/\/www.linkedin.com\/in\/mfipata\"> http:\/\/www.linkedin.com\/in\/mfipata<\/a><\/b><\/span><span style=\"font-size: xx-small;\"><br \/>\n<\/span><span style=\"color: #ff0000; font-size: xx-small;\"> Web:<\/span><b><\/b> <a href=\"http:\/\/www.quasarcomunicacion.com.ar\/\"> <span style=\"font-size: xx-small;\">www.quasarcomunicacion.com.ar<\/span><\/a><span style=\"font-size: xx-small;\"><br \/>\n<\/span><span style=\"font-size: xx-small;\"> <span style=\"color: #ff0000;\">Mail<\/span><b>:<\/b><\/span><span style=\"font-size: xx-small;\"><a href=\"mailto:fernanda@quasarcomunicacion.com.ar\"> fernanda@quasarcomunicacion.com.ar<\/a><\/span><\/p>\n<\/td>\n<\/tr>\n<\/tbody>\n<\/table>\n<\/div>\n","protected":false},"excerpt":{"rendered":"<p>Alma Natura SuperCocina sigue concientizando sobre la importancia de una alimentaci\u00f3n saludable y consciente. Por eso comienza a dictar unos [&hellip;]<\/p>\n","protected":false},"author":2,"featured_media":6990,"comment_status":"open","ping_status":"open","sticky":false,"template":"","format":"standard","meta":[],"categories":[2],"tags":[],"_links":{"self":[{"href":"https:\/\/quasarcomunicacion.com.ar\/web\/wp-json\/wp\/v2\/posts\/6989"}],"collection":[{"href":"https:\/\/quasarcomunicacion.com.ar\/web\/wp-json\/wp\/v2\/posts"}],"about":[{"href":"https:\/\/quasarcomunicacion.com.ar\/web\/wp-json\/wp\/v2\/types\/post"}],"author":[{"embeddable":true,"href":"https:\/\/quasarcomunicacion.com.ar\/web\/wp-json\/wp\/v2\/users\/2"}],"replies":[{"embeddable":true,"href":"https:\/\/quasarcomunicacion.com.ar\/web\/wp-json\/wp\/v2\/comments?post=6989"}],"version-history":[{"count":0,"href":"https:\/\/quasarcomunicacion.com.ar\/web\/wp-json\/wp\/v2\/posts\/6989\/revisions"}],"wp:featuredmedia":[{"embeddable":true,"href":"https:\/\/quasarcomunicacion.com.ar\/web\/wp-json\/wp\/v2\/media\/6990"}],"wp:attachment":[{"href":"https:\/\/quasarcomunicacion.com.ar\/web\/wp-json\/wp\/v2\/media?parent=6989"}],"wp:term":[{"taxonomy":"category","embeddable":true,"href":"https:\/\/quasarcomunicacion.com.ar\/web\/wp-json\/wp\/v2\/categories?post=6989"},{"taxonomy":"post_tag","embeddable":true,"href":"https:\/\/quasarcomunicacion.com.ar\/web\/wp-json\/wp\/v2\/tags?post=6989"}],"curies":[{"name":"wp","href":"https:\/\/api.w.org\/{rel}","templated":true}]}}