{"id":6985,"date":"2016-04-26T14:16:12","date_gmt":"2016-04-26T17:16:12","guid":{"rendered":"https:\/\/quasarcomunicacion.com.ar\/web\/?p=6985"},"modified":"2016-04-26T14:16:12","modified_gmt":"2016-04-26T17:16:12","slug":"comenzo-estilo-pilar-2016","status":"publish","type":"post","link":"https:\/\/quasarcomunicacion.com.ar\/web\/comenzo-estilo-pilar-2016\/","title":{"rendered":"Comenz\u00f3 Estilo Pilar 2016"},"content":{"rendered":"<p style=\"text-align: left;\" align=\"center\"><span style=\"font-family: Verdana; font-size: small;\">\u00a0<\/span><b style=\"font-family: Verdana; font-size: small;\">Estilo Pilar<\/b><span style=\"font-family: Verdana; font-size: small;\">, la prestigiosa muestra de decoraci\u00f3n, arte y paisajismo que realiza la <\/span><b style=\"font-family: Verdana; font-size: small;\">Asociaci\u00f3n Amigos del Pilar a<\/b><span style=\"font-family: Verdana; font-size: small;\"> beneficio, qued\u00f3 oficialmente inaugurada al p\u00fablico en el inigualable escenario de Lagoon Pilar hasta el 22 de Mayo. Ser\u00e1 un mes en que los visitantes podr\u00e1n conocer y disfrutar las \u00faltimas tendencias en un marco de multiplicidad de gustos y estilos, pudiendo experimentar los m\u00e1s intensos escenarios inspir\u00e1ndolos a innovar y tomar ideas para aplicar en cada casa.<\/span><\/p>\n<p align=\"left\"><span style=\"font-family: Verdana; font-size: small;\">Bajo el lema <i> \u201cLa Playa\u201d<\/i>, los expositores conforman una extensa muestra que se traduce en un plan ideal para compartir el d\u00eda en familia.<!--more--> <\/span><\/p>\n<p align=\"left\"><img loading=\"lazy\" class=\"aligncenter\" alt=\"\" src=\"http:\/\/www.quasarcomunicacion.com.ar\/estilopilar16\/lagoon.gif\" width=\"550\" height=\"367\" border=\"0\" \/><\/p>\n<p><span style=\"font-family: Verdana; font-size: small;\">El marco elegido para esta edici\u00f3n de la muestra es Lagoon Pilar, un complejo residencial ubicado en el km 46 de la Panamericana (Ramal Pilar. Caama\u00f1o 1106), cuyo factor diferencial es una Crystal Lagoon de 3,5 hect\u00e1reas ubicada en el centro del predio. De las 29 hect\u00e1reas que comprende el emprendimiento, m\u00e1s de 13.900m2 ser\u00e1n los tomados por los expositores de Decoraci\u00f3n, Arte, Paisajismo, Paseo de Compras, Garden Walk y Gastronom\u00eda. <\/span><\/p>\n<p><span style=\"font-family: Verdana; font-size: small;\">En el edificio, los departamentos son intervenidos por referentes del mundo del dise\u00f1o y la decoraci\u00f3n, plasmando en cada rinc\u00f3n su experiencia, en algunos casos la vanguardia en el interiorismo de los ambientes, y en otros mostrando las cl\u00e1sicas pero renovadas f\u00f3rmulas que nunca fallan. <\/span><\/p>\n<p><span style=\"font-family: Verdana; font-size: small;\">El otro sector que promete, y que este a\u00f1o redobla su apuesta, es el de Arte. Renombrados artistas desde pintores hasta escultores &#8211; todos con expresiones diversas y \u00fanicas- exponen obras visuales para mostrarse y darse a conocer. En la planta baja se ubica el \u201cCaf\u00e9 de las Artes\u201d con exquisiteces para todos los que quieran descansar, pasando previamente por el \u201cShop de Arte\u201d, espacio en el cual se podr\u00e1n comprar objetos intervenidos por artistas, para luego seguir recorriendo el \u00e1rea de paisajismo. <\/span><\/p>\n<p><span style=\"font-family: Verdana; font-size: small;\">Los espacios dedicados al Paisajismo est\u00e1n ubicados en las terrazas de los departamentos, con las propuestas m\u00e1s novedosas para este tipo de vivienda, y otros como jardines de ribera completan con su encanto los espacios verdes. <\/span><\/p>\n<p><span style=\"font-family: Verdana; font-size: small;\">El recorrido se completa disfrutando del aire libre en el \u00e1rea gastron\u00f3mica con opciones para todos los gustos seg\u00fan el momento del d\u00eda. <\/span><\/p>\n<p><span style=\"font-family: Verdana; font-size: small;\">A la salida, como en cada edici\u00f3n, la muestra tiene un importante y variado Paseo de Compras donde se pueden adquirir objetos de dise\u00f1o, decoraci\u00f3n, indumentaria y regaler\u00eda, entre otros objetos \u00fanicos. Lo acompa\u00f1a uno de los sectores m\u00e1s concurridos, el Garden Walk. <\/span><\/p>\n<p><span style=\"font-family: Verdana; font-size: small;\">El jueves 21 fue el gran d\u00eda para la <b> Asociaci\u00f3n Amigos del Pilar<\/b>, que abri\u00f3 sus puertas a la prensa. En nombre de la Comisi\u00f3n directiva, Hayde\u00e9 Burgue\u00f1o agradeci\u00f3 a todos los presentes \u201cpor acompa\u00f1ar el trabajo y la misi\u00f3n que tiene la Asociaci\u00f3n, por las ganas de colaborar y ser parte de la muestra que este a\u00f1o se monta en un escenario inigualable: Lagoon Pilar\u201d.<\/span><\/p>\n<p><span style=\"font-family: Verdana; font-size: small;\">En la inauguraci\u00f3n oficial, Hayd\u00e9e Burgue\u00f1o, presidente de Amigos del Pilar, agradeci\u00f3 al intendente Nicol\u00e1s Ducot\u00e9 y a la prensa por su presencia; a los emprendedores, al grupo Monarca \u201cque ofrece este impactante emprendimiento para poder ayudar al sostenimiento de los consultorios. Sin esta iniciativa no hubi\u00e9semos tenido la posibilidad de hacer un evento tan importante y en un marco tan espectacular como este. Gracias a los expositores que nos acompa\u00f1an a\u00f1o a a\u00f1o y han hecho maravillas, hizo que el jurado entregara m\u00e1s premios de los previstos. A los sponsors, que este a\u00f1o son 23 y que gracias a su resoluci\u00f3n y confianza en nosotros y nos dan la seguridad desde que empezamos la exposici\u00f3n, saber que se puede hacer\u201d.<\/span><\/p>\n<p><img loading=\"lazy\" class=\"aligncenter\" alt=\"\" src=\"http:\/\/www.quasarcomunicacion.com.ar\/estilopilar16\/cortecintas.gif\" width=\"550\" height=\"367\" border=\"0\" \/><\/p>\n<p><span style=\"font-family: Verdana; font-size: small;\">Un p\u00e1rrafo aparte mereci\u00f3 el agradecimiento a todo el personal, \u201cse entregaron 1900 credenciales a los que trabajaron en el armado y a m\u00e1s las 2000 personas del grupo Monarca. Fue un trabajo tit\u00e1nico llevar adelante esta exposici\u00f3n, luego de los 16 d\u00edas de permanente lluvia\u201d, continu\u00f3 Burgue\u00f1o. <\/span><\/p>\n<p><span style=\"font-family: Verdana; font-size: small;\">Respecto del fin solidario, la presidente dijo que \u201ceste a\u00f1o cumplimos 20 a\u00f1os y esperamos que la exposici\u00f3n sea exitosa para poder seguir sosteniendo a los consultorios que ofrecen unas 3000 becas al a\u00f1o\u201d.<\/span><\/p>\n<p><span style=\"font-family: Verdana; font-size: small;\">Por su parte, Gonzalo Monarca, responsable del Grupo Monarca, cont\u00f3 c\u00f3mo surgi\u00f3 la idea desde que lo que hoy es Lagoon era un campo de zapallos. Agradeci\u00f3 a su equipo, al Municipio que apoy\u00f3 y apoya constantemente a los emprendedores, \u201chemos ayudado mucho a Pilar a construir cuadras de asfalto, redes pluviales, inversiones en RSE lo que gener\u00f3 una sinergia entre lo p\u00fablico y lo privado, que logr\u00f3 que hoy estemos inaugurando la laguna\u201d.<br \/>\nComo en cada edici\u00f3n, <strong>Estilo Pilar<\/strong> otorg\u00f3 a los mejores espacios presentados de la feria un premio seg\u00fan la categor\u00eda. Para ello, la exposici\u00f3n re\u00fane a los mejores especialistas de arte, decoraci\u00f3n y paisajismo para evaluar a cada uno de los expositores. <strong><a href=\"https:\/\/quasarcomunicacion.com.ar\/web\/premiados-estilo-pilar-2016\/\" target=\"_blank\" rel=\"noopener noreferrer\">Ver listado de premiados<\/a><\/strong><\/span><\/p>\n<p><span style=\"font-family: Verdana; font-size: small;\">Esta edici\u00f3n es posible gracias a much\u00edsimas empresas que acompa\u00f1an a la Asociaci\u00f3n y que hacen posible su realizaci\u00f3n: Lagoon Pilar, Color\u00edn, Riel Americano, Atma, Patagonia Flooring, Living, Jard\u00edn, Citro\u00ebn, Fibertel, Masisa, Longvie, Jean Pierre, Pepsi, Bodega Santa Julia, 3M, Davicom, Col\u00f3n Compa\u00f1\u00eda de Seguros, Christian Delgado Iluminaci\u00f3n, Bamb\u00fa Guaz\u00fa, Turf Type, Nuevos Verdes y QBE. Como todos los a\u00f1os, adem\u00e1s, se destaca el compromiso de la Municipalidad de Pilar acompa\u00f1ando a la Asociaci\u00f3n y dando soporte para llevar adelante este evento.<\/span><\/p>\n<p><span style=\"font-family: Verdana; font-size: small;\"><b>Estilo Pilar <\/b>es organizada por la <b> Asociaci\u00f3n Amigos del Pilar<\/b>, que tiene la misi\u00f3n de brindar ayuda odontol\u00f3gica gratuita a ni\u00f1os de escasos recursos. La totalidad de los fondos recaudados a trav\u00e9s de la muestra, son destinados al mantenimiento de la obra ben\u00e9fica de la asociaci\u00f3n.<\/span><\/p>\n<p><span style=\"font-family: Verdana; font-size: small;\">Como en cada muestra, <b>Estilo Pilar<\/b> contin\u00faa renov\u00e1ndose para presentar al p\u00fablico las nuevas tendencias, y las m\u00e1s creativas y novedosas ideas en el mundo del arte, la decoraci\u00f3n y el paisajismo. <\/span><\/p>\n<p><b><span style=\"color: #ff0000; font-family: Verdana; font-size: small;\">ESTILO PILAR 2016 <\/span> <\/b><\/p>\n<p><span style=\"font-family: Verdana; font-size: small;\"> <img loading=\"lazy\" alt=\"\" src=\"http:\/\/www.quasarcomunicacion.com.ar\/estilopilar16\/logo.gif\" width=\"300\" height=\"224\" align=\"right\" border=\"0\" \/><b>\u00bfQu\u00e9?<\/b><br \/>\nM\u00e1s de 150 expositores de decoraci\u00f3n, arte y paisajismo en un solo lugar. <\/span><\/p>\n<p><span style=\"font-family: Verdana; font-size: small;\"><b>\u00bfD\u00f3nde?<\/b><br \/>\nEn Lagoon Pilar: Panamericana Ramal Pilar KM 46 \u2013 Av. Cama\u00f1o 1106, Pilar. <\/span><\/p>\n<p><span style=\"font-family: Verdana; font-size: small;\"><b>\u00bfCu\u00e1ndo?<\/b><br \/>\nDel 22\/4 al 22\/5 . Jueves, Domingos y feriados desde las 11 hs hasta las 18 hs.<br \/>\nViernes, S\u00e1bados y v\u00edsperas de feriados desde las 11 hs hasta las 19 hs.<br \/>\nLa exposici\u00f3n se encuentra cerrada los Lunes, Martes y Mi\u00e9rcoles.<br \/>\nLos viernes a las 11 hs habr\u00e1 visitas guiadas de Paisajismo. El punto de encuentro es en la carpa de Amigos del Pilar. <\/span><\/p>\n<p><span style=\"font-family: Verdana; font-size: small;\"><b>\u00bfCu\u00e1nto?<\/b><br \/>\nEntrada General $120.- \/\/ Jueves 2&#215;1 \/\/ Jubilados y grupos +10 $100.-. <\/span><\/p>\n<p><span style=\"font-family: Verdana; font-size: small;\"><b>DATOS ADICIONALES<\/b><br \/>\n+ de 35 artistas \/ + de 40 decoradores \/ 20 paisajistas \/ 40 carpas<br \/>\n8 puestos gastron\u00f3micos \/ 6 food trucks<br \/>\n13.900m2: total superficie ESTILO PILAR \/Laguna de 3,5 hect\u00e1reas \/Predio total: 29 hect\u00e1reas\u00a0<\/span><\/p>\n","protected":false},"excerpt":{"rendered":"<p>\u00a0Estilo Pilar, la prestigiosa muestra de decoraci\u00f3n, arte y paisajismo que realiza la Asociaci\u00f3n Amigos del Pilar a beneficio, qued\u00f3 [&hellip;]<\/p>\n","protected":false},"author":2,"featured_media":6986,"comment_status":"open","ping_status":"open","sticky":false,"template":"","format":"standard","meta":[],"categories":[2],"tags":[],"_links":{"self":[{"href":"https:\/\/quasarcomunicacion.com.ar\/web\/wp-json\/wp\/v2\/posts\/6985"}],"collection":[{"href":"https:\/\/quasarcomunicacion.com.ar\/web\/wp-json\/wp\/v2\/posts"}],"about":[{"href":"https:\/\/quasarcomunicacion.com.ar\/web\/wp-json\/wp\/v2\/types\/post"}],"author":[{"embeddable":true,"href":"https:\/\/quasarcomunicacion.com.ar\/web\/wp-json\/wp\/v2\/users\/2"}],"replies":[{"embeddable":true,"href":"https:\/\/quasarcomunicacion.com.ar\/web\/wp-json\/wp\/v2\/comments?post=6985"}],"version-history":[{"count":0,"href":"https:\/\/quasarcomunicacion.com.ar\/web\/wp-json\/wp\/v2\/posts\/6985\/revisions"}],"wp:featuredmedia":[{"embeddable":true,"href":"https:\/\/quasarcomunicacion.com.ar\/web\/wp-json\/wp\/v2\/media\/6986"}],"wp:attachment":[{"href":"https:\/\/quasarcomunicacion.com.ar\/web\/wp-json\/wp\/v2\/media?parent=6985"}],"wp:term":[{"taxonomy":"category","embeddable":true,"href":"https:\/\/quasarcomunicacion.com.ar\/web\/wp-json\/wp\/v2\/categories?post=6985"},{"taxonomy":"post_tag","embeddable":true,"href":"https:\/\/quasarcomunicacion.com.ar\/web\/wp-json\/wp\/v2\/tags?post=6985"}],"curies":[{"name":"wp","href":"https:\/\/api.w.org\/{rel}","templated":true}]}}