{"id":6983,"date":"2016-04-26T14:13:51","date_gmt":"2016-04-26T17:13:51","guid":{"rendered":"https:\/\/quasarcomunicacion.com.ar\/web\/?p=6983"},"modified":"2016-04-26T14:13:51","modified_gmt":"2016-04-26T17:13:51","slug":"premiados-estilo-pilar-2016","status":"publish","type":"post","link":"https:\/\/quasarcomunicacion.com.ar\/web\/premiados-estilo-pilar-2016\/","title":{"rendered":"Premiados Estilo Pilar 2016"},"content":{"rendered":"<p><span style=\"font-family: Verdana; font-size: small;\"><span style=\"text-decoration: underline;\"><b>DECORACI\u00d3N: <\/b><\/span><\/span><\/p>\n<p><span style=\"font-family: Verdana; font-size: small;\">1\u00b0Premio<br \/>\nCategor\u00eda: Decoraci\u00f3n<br \/>\nPremio; Mejor definici\u00f3n de Estilo<br \/>\nNombre: Rhod Wulf &#8211; Rodolfo Carretero <\/span><\/p>\n<p><span style=\"font-family: Verdana; font-size: small;\">Menci\u00f3n<br \/>\nCategor\u00eda: Decoraci\u00f3n<br \/>\nMenci\u00f3n: Mejor definici\u00f3n de Estilo<br \/>\nNombre: Milagros del Castillo <\/span><\/p>\n<p><span style=\"font-family: Verdana; font-size: small;\">Menci\u00f3n<br \/>\nCategor\u00eda: Decoraci\u00f3n<br \/>\nMenci\u00f3n: Revelaci\u00f3n Estilo Pilar 2016<br \/>\nNombre: Lucas Tumburus, Sofia Castillo y Daniel Salomon<\/span><\/p>\n<p><span style=\"font-family: Verdana; font-size: small;\">Diploma Estilo Pilar Showroom<br \/>\n1\u00b0Premio<br \/>\nCategor\u00eda: Showroom \/ Instalaci\u00f3n<br \/>\nPremio; Mejor ambientaci\u00f3n y concepto<br \/>\nNombre: Mariana Pussacq &#8211; Casa Almac\u00e9n <\/span><\/p>\n<p><span style=\"font-family: Verdana; font-size: small;\">Diplomas DArA Estilo Pilar 2016<br \/>\n1\u00b0Premio<br \/>\nCategor\u00eda: Decoracion<br \/>\nPremio; Mejor dise\u00f1o interior<br \/>\nNombre: Alejo Petrucci <\/span><\/p>\n<p><span style=\"font-family: Verdana; font-size: small;\">Menci\u00f3n<br \/>\nCategor\u00eda: Decoraci\u00f3n<br \/>\nMenci\u00f3n: Mejor dise\u00f1o interior<br \/>\nNombre: Rodrigo Matta \u2013 Talleres Sustentables <\/span><\/p>\n<p><span style=\"font-family: Verdana; font-size: small;\">Menci\u00f3n<br \/>\nCategor\u00eda: Decoraci\u00f3n<br \/>\nMenci\u00f3n: DArA Mejor Dise\u00f1o y Equilibrio<br \/>\nNombre: Celina Azpiroz<\/span><\/p>\n<p><span style=\"font-family: Verdana; font-size: small;\">Diplomas Patagonia Flooring<br \/>\n1\u00b0Premio<br \/>\nCategor\u00eda: Decoraci\u00f3n Patagonia Flooring<br \/>\nPremio; Mejor uso de la madera y dise\u00f1o<br \/>\nNombre: Sole Laurens &#8211; Farfalla<\/p>\n<p>Segundo 1\u00b0Premio<br \/>\nCategor\u00eda: Decoraci\u00f3n Patagonia Flooring<br \/>\nPremio; Mejor uso y combinaci\u00f3n del producto<br \/>\nNombre: Mar\u00eda Isabel Sanchez y Florencia Zampieri &#8211; Visual Work <\/span><\/p>\n<p><span style=\"font-family: Verdana; font-size: small;\">Diplomas Colorin Estilo Pilar 2016<br \/>\n1\u00b0Premio<br \/>\nCategor\u00eda: Decoraci\u00f3n<br \/>\nPremio; Mejor uso del color<br \/>\nNombre: Estudio Buraschi \u2013 Hanni &#8211; Vazquez <\/span><\/p>\n<p><span style=\"font-family: Verdana; font-size: small;\">Menci\u00f3n<br \/>\nCategor\u00eda: Decoraci\u00f3n<br \/>\nMenci\u00f3n: Mejor uso del color<br \/>\nNombre: Rossana Bauset \u2013 Morfeo Deco <\/span><\/p>\n<p><span style=\"font-family: Verdana; font-size: small;\">Menci\u00f3n<br \/>\nCategor\u00eda: Decoraci\u00f3n<br \/>\nMenci\u00f3n: Mejor uso del color<br \/>\nNombre: Loli Villar \u2013 Estudio V <\/span><\/p>\n<p><span style=\"font-family: Verdana; font-size: small;\">Diplomas Living Estilo Pilar 2016<br \/>\n1\u00b0Premio<br \/>\nCategor\u00eda: Decoraci\u00f3n<br \/>\nPremio: Mejores Ideas<br \/>\nNombre: DHG &#8211; Estudio Pellegrini <\/span><\/p>\n<p><span style=\"font-family: Verdana; font-size: small;\">Menci\u00f3n<br \/>\nCategor\u00eda: Decoraci\u00f3n<br \/>\nMenci\u00f3n: Mejores Ideas<br \/>\nNombre: Alejo Petrucci <\/span><\/p>\n<p><span style=\"font-family: Verdana; font-size: small;\">Diplomas especiales<br \/>\nMenci\u00f3n<br \/>\nCategor\u00eda: Decoraci\u00f3n \/ Showroom<br \/>\nMenci\u00f3n: Por su inter\u00e9s solidario y participaci\u00f3n en Estilo Pilar 2016<br \/>\nNombre: Pablo Chiappori &#8211; PAUL French Gallery <\/span><\/p>\n<p><span style=\"font-family: Verdana; font-size: small;\">Menci\u00f3n<br \/>\nCategor\u00eda: Decoraci\u00f3n<br \/>\nMenci\u00f3n: Agradecimiento por su apoyo a\u00f1o tras a\u00f1o a Estilo Pilar y su obra.<br \/>\nNombre: Mar\u00eda Isabel Sanchez<\/p>\n<p><\/span><span style=\"text-decoration: underline;\"><b><span style=\"font-family: Verdana; font-size: small;\">PAISAJISMO: <\/span><\/b><\/span><\/p>\n<p><span style=\"font-family: Verdana; font-size: small;\">1\u00b0Premio<br \/>\nPremio: Estilo Pilar 2016 al dise\u00f1o del paisaje<br \/>\nNombre: Grace Palma <\/span><\/p>\n<p><span style=\"font-family: Verdana; font-size: small;\">Menci\u00f3n: Camila Monge e In\u00e9s Depouilly<br \/>\nDiplomas Jard\u00edn Estilo Pilar 2016<\/span><\/p>\n<p><span style=\"font-family: Verdana; font-size: small;\">1\u00b0 Premio<br \/>\nPremio: Al espacio mejor resuelto<br \/>\nNombre: Camila Monge e In\u00e9s Depouilly<\/p>\n<p><\/span><span style=\"text-decoration: underline;\"><b><span style=\"font-family: Verdana; font-size: small;\">ARTE: <\/span><\/b><\/span><\/p>\n<p><span style=\"font-family: Verdana; font-size: small;\">1\u00b0Premio<br \/>\nCategor\u00eda: Arte<br \/>\nPremio: Artista Estilo Pilar<br \/>\nNombre: Gerardo Wohlgemuth <\/span><\/p>\n<p><span style=\"font-family: Verdana; font-size: small;\">Menci\u00f3n<br \/>\nCategor\u00eda: Arte<br \/>\nMenci\u00f3n: Artista Estilo Pilar<br \/>\nNombre: 4 manos 2 cabezas<\/p>\n<p>1\u00b0Premio<br \/>\nCategor\u00eda: Arte<br \/>\nPremio: Pintura<br \/>\nNombre: Angeles Pujol <\/span><\/p>\n<p><span style=\"font-family: Verdana; font-size: small;\">Menci\u00f3n<br \/>\nCategor\u00eda: Arte<br \/>\nMenci\u00f3n: Pintura<br \/>\nNombre: Sofia Huidobro <\/span><\/p>\n<p><span style=\"font-family: Verdana; font-size: small;\">Menci\u00f3n<br \/>\nCategor\u00eda: Arte<br \/>\nMenci\u00f3n: Jurado a pintura<br \/>\nNombre: Claudia Brito Souza<\/p>\n<p>1\u00b0Premio<br \/>\nCategor\u00eda: Arte<br \/>\nPremio:Escultura<br \/>\nNombre: Pablo Fracchia <\/span><\/p>\n<p><span style=\"font-family: Verdana; font-size: small;\">Menci\u00f3n<br \/>\nCategor\u00eda: Arte<br \/>\nMenci\u00f3n: Escultura<br \/>\nNombre: Mar\u00eda Bresanello <\/span><\/p>\n<p><span style=\"font-family: Verdana; font-size: small;\">Menci\u00f3n<br \/>\nCategor\u00eda: Arte<br \/>\nMenci\u00f3n: Jurado a escultura<br \/>\nNombre: Pablo Donp\u00e9<\/p>\n<p>1\u00b0Premio<br \/>\nCategor\u00eda: Arte<br \/>\nPremio; Arte impreso<br \/>\nNombre: Jeronimo Salvatierra <\/span><\/p>\n<p><span style=\"font-family: Verdana; font-size: small;\">Menci\u00f3n<br \/>\nCategor\u00eda: Arte<br \/>\nMenci\u00f3n: Arte impreso<br \/>\nNombre: Elisabet d\u2019Epenoux <\/span><\/p>\n<p><span style=\"font-family: Verdana; font-size: small;\">Menci\u00f3n<br \/>\nCategor\u00eda: Arte<br \/>\nMenci\u00f3n: Jurado a arte impreso<br \/>\nNombre: Aline Karagozlu <\/span><\/p>\n<p><span style=\"font-family: Verdana; font-size: small;\">Menci\u00f3n<br \/>\nCategor\u00eda: Arte<br \/>\nMenci\u00f3n: Shop<br \/>\nNombre: Marcelo Scarone <\/span><\/p>\n<p><span style=\"font-family: Verdana; font-size: small;\">Menci\u00f3n<br \/>\nCategor\u00eda: Arte<br \/>\nMenci\u00f3n: Jurado a Shop<br \/>\nNombre: Marina Marr\u00e9 <\/span><\/p>\n<p><span style=\"font-family: Verdana; font-size: small;\">Diplomas Arte-online<br \/>\n1\u00b0Premio<br \/>\nCategor\u00eda: Arte<br \/>\nPremio; Arte-online<br \/>\nNombre: Cristian McEntyre<\/span><\/p>\n","protected":false},"excerpt":{"rendered":"<p>DECORACI\u00d3N: 1\u00b0Premio Categor\u00eda: Decoraci\u00f3n Premio; Mejor definici\u00f3n de Estilo Nombre: Rhod Wulf &#8211; Rodolfo Carretero Menci\u00f3n Categor\u00eda: Decoraci\u00f3n Menci\u00f3n: Mejor [&hellip;]<\/p>\n","protected":false},"author":2,"featured_media":0,"comment_status":"open","ping_status":"open","sticky":false,"template":"","format":"standard","meta":[],"categories":[2],"tags":[],"_links":{"self":[{"href":"https:\/\/quasarcomunicacion.com.ar\/web\/wp-json\/wp\/v2\/posts\/6983"}],"collection":[{"href":"https:\/\/quasarcomunicacion.com.ar\/web\/wp-json\/wp\/v2\/posts"}],"about":[{"href":"https:\/\/quasarcomunicacion.com.ar\/web\/wp-json\/wp\/v2\/types\/post"}],"author":[{"embeddable":true,"href":"https:\/\/quasarcomunicacion.com.ar\/web\/wp-json\/wp\/v2\/users\/2"}],"replies":[{"embeddable":true,"href":"https:\/\/quasarcomunicacion.com.ar\/web\/wp-json\/wp\/v2\/comments?post=6983"}],"version-history":[{"count":0,"href":"https:\/\/quasarcomunicacion.com.ar\/web\/wp-json\/wp\/v2\/posts\/6983\/revisions"}],"wp:attachment":[{"href":"https:\/\/quasarcomunicacion.com.ar\/web\/wp-json\/wp\/v2\/media?parent=6983"}],"wp:term":[{"taxonomy":"category","embeddable":true,"href":"https:\/\/quasarcomunicacion.com.ar\/web\/wp-json\/wp\/v2\/categories?post=6983"},{"taxonomy":"post_tag","embeddable":true,"href":"https:\/\/quasarcomunicacion.com.ar\/web\/wp-json\/wp\/v2\/tags?post=6983"}],"curies":[{"name":"wp","href":"https:\/\/api.w.org\/{rel}","templated":true}]}}