{"id":6979,"date":"2016-04-22T18:23:47","date_gmt":"2016-04-22T21:23:47","guid":{"rendered":"https:\/\/quasarcomunicacion.com.ar\/web\/?p=6979"},"modified":"2016-04-22T18:23:47","modified_gmt":"2016-04-22T21:23:47","slug":"los-10-consejos-para-renovar-tu-imagen","status":"publish","type":"post","link":"https:\/\/quasarcomunicacion.com.ar\/web\/los-10-consejos-para-renovar-tu-imagen\/","title":{"rendered":"Los 10 consejos para renovar tu imagen"},"content":{"rendered":"<p style=\"text-align: left;\" align=\"center\"><span style=\"font-family: Verdana; font-size: small;\">\u00a0El pr\u00f3ximo mi\u00e9rcoles 27 de <\/span> <span style=\"font-family: Verdana; font-size: small;\">abril a las 11 hs, la asesora de imagen y experta en marketing personal Florencia Duc\u00f3s brindar\u00e1 la charla <b>\u00abLos 10 consejos para renovar tu imagen\u00bb<\/b> en Sport Club Mujer.<\/span><\/p>\n<p align=\"left\"><span style=\"font-family: Verdana; font-size: small;\">La charla es con entrada libre y gratuita, solo es necesario inscribirse enviando los datos a\u00a0 <a href=\"mailto:info@florenciaducos.com\"> info@florenciaducos.com<\/a>. Sport Club Mujer est\u00e1 ubicado en el 1\u00ba piso de Paseo Champagnat, Ramal Pilar Km 54, esquina Champagnat.<!--more--><\/span><\/p>\n<p align=\"left\"><a href=\"https:\/\/quasarcomunicacion.com.ar\/web\/wp-content\/uploads\/2016\/04\/charla.gif\"><img class=\"aligncenter\" alt=\"charla\" src=\"https:\/\/quasarcomunicacion.com.ar\/web\/wp-content\/uploads\/2016\/04\/charla.gif\" \/><\/a><\/p>\n<p><span style=\"font-family: Verdana; font-size: small;\">Durante la charla, que incluir\u00e1 espacios de pr\u00e1ctica sobre imagen personal se desarrollar\u00e1n los 10 consejos que te ayudaran a potenciar tu imagen.<br \/>\nEl encuentro est\u00e1 dirigido a toda mujer que le interese la imagen personal, verse bien, renovarse. <\/span><\/p>\n<p><span style=\"font-family: Verdana; font-size: small;\">Adem\u00e1s se sortear\u00e1 1\/2 beca para la <b> Certificaci\u00f3n en Imagen Personal &amp; Moda<\/b> <b>para emprendedoras<\/b> que se dictar\u00e1 a partir del mes de mayo y se extiende hasta fin de noviembre. La cursada ser\u00e1 de un d\u00eda por semana, con una duraci\u00f3n de 2 horas cada clase y se dicta en Pilar, km 42 de la Panamericana. Consultar horarios y d\u00edas de cursada escribiendo a <a href=\"mailto:info@florenciaducos.com\"> info@florenciaducos.com<\/a>. La capacitaci\u00f3n se puede abonar en Efectivo, Transferencia bancaria, y todas las tarjetas de cr\u00e9dito v\u00eda Mercado Pago. M\u00e1s info en <a href=\"http:\/\/www.florenciaducos.com\/\">www.florenciaducos.com<\/a> <\/span><\/p>\n<p align=\"left\"><span style=\"font-family: Verdana; font-size: small;\">La idea radica en la posibilidad de profesionalizar el emprendimiento o blog y convertirse en una referente en el campo del asesoramiento de imagen. <\/span><\/p>\n<p><span style=\"font-family: Verdana; font-size: small;\">La certificaci\u00f3n est\u00e1 dividida en cuatro m\u00f3dulos de contenido novedoso y necesario, no solo para que puedan profundizar en la tem\u00e1tica del asesoramiento de imagen, sino tambi\u00e9n para que aprendan la mejor manera de proyectar el negocio y comunicarlo en las redes. <\/span><\/p>\n<p><span style=\"font-family: Verdana; font-size: small;\">Al finalizar, luego de haber completado y aprobado los trabajos pr\u00e1cticos necesarios, recibir\u00e1n un Certificado que\u00a0avala a las egresadas como Asesora de Imagen y Moda profesional, el mismo es de car\u00e1cter privado. <\/span><\/p>\n<p><span style=\"font-family: Verdana; font-size: small;\">Los cupos son limitados, no m\u00e1s de 8 alumnas, porque se pretende que las clases sean muy personalizadas y con mucha interacci\u00f3n y pr\u00e1ctica. La modalidad ser\u00e1 la de aula-taller y donde, si bien se seguir\u00e1n lineamientos te\u00f3ricos, en cada encuentro todas se pondr\u00e1n a trabajar, y donde reinar\u00e1 un aut\u00e9ntico ida y vuelta. <\/span><\/p>\n<p><span style=\"font-family: Verdana; font-size: small;\">\u00abSi consider\u00e1s que esta propuesta es para vos, solo ten\u00e9s que sumarte reservando tu lugar! Respond\u00e9 a este mail indicando que d\u00eda y horario te conviene\u00bb, invita Florencia Ducos, responsable del proyecto que por primera vez se desarrollar\u00e1 en Pilar\u00a0 <\/span><\/p>\n<p align=\"left\"><b style=\"font-family: Verdana; font-size: small;\">Acerca de Florencia Duc\u00f3s (directora de la certificaci\u00f3n)<\/b><\/p>\n<p align=\"left\"><span style=\"font-family: Verdana; font-size: xx-small;\">Florencia Duc\u00f3s es CEO en florenciaducos.com, Asesora de Imagen-Maquilladora, Lic. en Relaciones P\u00fablicas (UADE) y M\u00e1ster en Marketing Estrat\u00e9gico (SUNY-USAL)<br \/>\nTiene m\u00e1s de catorce a\u00f1os de experiencia en el campo de la imagen tanto corporativo como personal. Su primer empleo fue como capacitadora en una de las principales empresas dedicadas a la formaci\u00f3n de modelos.<br \/>\nLicenciada en Relaciones P\u00fablicas, se perfeccion\u00f3 realizando un postgrado en Direcci\u00f3n de Marketing. Paralelamente sigui\u00f3 ampliando sus conocimientos en maquillaje tomando cursos de perfeccionamiento con los mejores maquilladores del pa\u00eds. Tambi\u00e9n se capacit\u00f3 en Oratoria y Programaci\u00f3n Neuroling\u00fc\u00edstica.<br \/>\nDesarroll\u00f3 y dict\u00f3 la c\u00e1tedra de Relaciones P\u00fablicas en una importante escuela de Hoteler\u00eda del pa\u00eds.<br \/>\nSe desempe\u00f1o como Jefa de Producto en una importante empresa de cosm\u00e9ticos internacional, desarrollando las comunicaciones y la imagen de la marca, adem\u00e1s dise\u00f1\u00f3 y desarroll\u00f3 la publicidad y las promociones de una l\u00ednea de productos de belleza, desde una agencia de comunicaciones estrat\u00e9gicas. Ha sido convocada reiteradas veces como columnista en los programas \u201cBelleza de Mujer\u201d y \u201c20 a\u00f1os menos\u201d, que se emiten por Util\u00edsima; tambi\u00e9n tiene apariciones en medios tales como Diario Perfil, Para Ti, Radio Cultura, Radio Rivadavia.<br \/>\nActualmente dirige de forma exclusiva el campus virtual de Grupo Imagen Online, el \u00e1rea dedicada a la capacitaci\u00f3n y ense\u00f1anza a distancia del asesoramiento de imagen, y en su tiempo restante se dedica a orientar a mujeres emprendedoras a trav\u00e9s de su programa de capacitaci\u00f3n Magia en Acci\u00f3n.<\/span><\/p>\n<p><span style=\"font-size: small;\"><b><i><span style=\"font-family: Arial;\">Por otras im\u00e1genes, audios o entrevistas no dude en contactarse<\/span><\/i><\/b><\/span><\/p>\n<p align=\"center\"><span style=\"font-size: small;\"><b><i> Contactos de Prensa<\/i><\/b><\/span><\/p>\n<div align=\"left\">\n<table width=\"100%\" border=\"1\" cellpadding=\"2\" align=\"left\">\n<tbody>\n<tr>\n<td align=\"center\" width=\"50%\">\n<p align=\"left\"><strong> <span style=\"color: #ff0000; font-family: Arial; font-size: small;\">Mayra Ibarra<\/span><\/strong><span style=\"font-size: medium;\"><strong><span style=\"color: #808080; font-family: Arial; font-size: small;\"> &#8211; Asistente de Cuentas<\/p>\n<p><\/span> <\/strong><\/span> <span style=\"font-size: xx-small;\"><span style=\"color: #ff0000;\"> Directo<\/span><b>: <\/b> 0230<\/span><span style=\"font-size: xx-small;\">-4664772<br \/>\n<\/span><span style=\"color: #ff0000; font-size: xx-small;\"> Skype:<\/span><span style=\"font-size: xx-small;\"> quasarcomunicacion<br \/>\n<\/span><span style=\"color: #ff0000; font-size: xx-small;\"> Twitter:<\/span><span style=\"font-size: xx-small;\"> @quasarpilar<br \/>\n<\/span><span style=\"color: #ff0000; font-size: xx-small;\"> Gr<\/span><span style=\"color: #ff0000; font-size: xx-small;\">upo y p\u00e1gina en Facebook: <\/span> <span style=\"color: #808080; font-size: xx-small;\">www.facebook.com\/<\/span><a href=\"mailto:mfipata@gmail.com\"><span style=\"font-size: xx-small;\">Quasar<\/span><\/a><span style=\"font-size: xx-small;\">Comunicacion<br \/>\n<\/span><span style=\"color: #ff0000; font-size: xx-small;\"> Web:<\/span><b><\/b> <a href=\"http:\/\/www.quasarcomunicacion.com.ar\/\"> <span style=\"font-size: xx-small;\">www.quasarcomunicacion.com.ar<\/span><\/a><\/p>\n<p align=\"left\"><span style=\"font-size: xx-small;\"> <span style=\"color: #ff0000;\">Mail<\/span><b>:<\/b><\/span><span style=\"font-size: xx-small;\"> <a href=\"mailto:fernanda@quasarcomunicacion.com.ar\"> quasar@quasarcomunicacion.com.ar<\/a><\/span><\/p>\n<\/td>\n<td align=\"center\" width=\"50%\">\n<p align=\"right\"><span style=\"font-size: medium;\"><strong> <span style=\"color: #808080; font-family: Arial; font-size: small;\"> Lic. Mar\u00eda Fernanda Ipata &#8211; Directora<br \/>\n<\/span> <\/strong><\/span> <span style=\"font-size: xx-small;\"><span style=\"color: #ff0000;\"><br \/>\nDirecto<\/span><b>: <\/b> 0230<\/span><span style=\"font-size: xx-small;\">-4664772<\/span><span style=\"font-size: xx-small;\"><br \/>\n<\/span><span style=\"font-size: xx-small;\"> <span style=\"color: #ff0000;\">M\u00f3vil:<\/span><b> <\/b> 0230<\/span><span style=\"font-size: xx-small;\">-15-4584535<br \/>\n011-15-6096-4656 ID 558*3763<br \/>\n<\/span><span style=\"color: #ff0000; font-size: xx-small;\"> Skype:<\/span><span style=\"font-size: xx-small;\"> quasarcomunicacion<br \/>\n<\/span><span style=\"color: #ff0000; font-size: xx-small;\"> Twitter:<\/span><span style=\"font-size: xx-small;\"> @quasarpilar<br \/>\n<\/span><span style=\"color: #ff0000; font-size: xx-small;\"> Gr<\/span><span style=\"color: #ff0000; font-size: xx-small;\">upo y p\u00e1gina en Facebook: <\/span> <span style=\"color: #808080; font-size: xx-small;\">www.facebook.com\/<\/span><a href=\"mailto:mfipata@gmail.com\"><span style=\"font-size: xx-small;\">Quasar<\/span><\/a><span style=\"font-size: xx-small;\">Comunicacion<br \/>\n<\/span><span style=\"font-size: xx-small;\"> <span style=\"color: #ff0000;\">LinkedIn<\/span><b>:\u00a0 <\/b><\/span> <span style=\"font-size: xx-small;\"><b> <a href=\"http:\/\/www.linkedin.com\/in\/mfipata\"> http:\/\/www.linkedin.com\/in\/mfipata<\/a><\/b><\/span><span style=\"font-size: xx-small;\"><br \/>\n<\/span><span style=\"color: #ff0000; font-size: xx-small;\"> Web:<\/span><b><\/b> <a href=\"http:\/\/www.quasarcomunicacion.com.ar\/\"> <span style=\"font-size: xx-small;\">www.quasarcomunicacion.com.ar<\/span><\/a><span style=\"font-size: xx-small;\"><br \/>\n<\/span><span style=\"font-size: xx-small;\"> <span style=\"color: #ff0000;\">Mail<\/span><b>:<\/b><\/span><span style=\"font-size: xx-small;\"><a href=\"mailto:fernanda@quasarcomunicacion.com.ar\"> fernanda@quasarcomunicacion.com.ar<\/a><\/span><\/p>\n<\/td>\n<\/tr>\n<\/tbody>\n<\/table>\n<\/div>\n","protected":false},"excerpt":{"rendered":"<p>\u00a0El pr\u00f3ximo mi\u00e9rcoles 27 de abril a las 11 hs, la asesora de imagen y experta en marketing personal Florencia [&hellip;]<\/p>\n","protected":false},"author":2,"featured_media":6980,"comment_status":"open","ping_status":"open","sticky":false,"template":"","format":"standard","meta":[],"categories":[2],"tags":[],"_links":{"self":[{"href":"https:\/\/quasarcomunicacion.com.ar\/web\/wp-json\/wp\/v2\/posts\/6979"}],"collection":[{"href":"https:\/\/quasarcomunicacion.com.ar\/web\/wp-json\/wp\/v2\/posts"}],"about":[{"href":"https:\/\/quasarcomunicacion.com.ar\/web\/wp-json\/wp\/v2\/types\/post"}],"author":[{"embeddable":true,"href":"https:\/\/quasarcomunicacion.com.ar\/web\/wp-json\/wp\/v2\/users\/2"}],"replies":[{"embeddable":true,"href":"https:\/\/quasarcomunicacion.com.ar\/web\/wp-json\/wp\/v2\/comments?post=6979"}],"version-history":[{"count":0,"href":"https:\/\/quasarcomunicacion.com.ar\/web\/wp-json\/wp\/v2\/posts\/6979\/revisions"}],"wp:featuredmedia":[{"embeddable":true,"href":"https:\/\/quasarcomunicacion.com.ar\/web\/wp-json\/wp\/v2\/media\/6980"}],"wp:attachment":[{"href":"https:\/\/quasarcomunicacion.com.ar\/web\/wp-json\/wp\/v2\/media?parent=6979"}],"wp:term":[{"taxonomy":"category","embeddable":true,"href":"https:\/\/quasarcomunicacion.com.ar\/web\/wp-json\/wp\/v2\/categories?post=6979"},{"taxonomy":"post_tag","embeddable":true,"href":"https:\/\/quasarcomunicacion.com.ar\/web\/wp-json\/wp\/v2\/tags?post=6979"}],"curies":[{"name":"wp","href":"https:\/\/api.w.org\/{rel}","templated":true}]}}