{"id":6975,"date":"2016-04-21T19:21:50","date_gmt":"2016-04-21T22:21:50","guid":{"rendered":"https:\/\/quasarcomunicacion.com.ar\/web\/?p=6975"},"modified":"2016-04-21T19:21:50","modified_gmt":"2016-04-21T22:21:50","slug":"dia-de-la-tierra-en-pilar","status":"publish","type":"post","link":"https:\/\/quasarcomunicacion.com.ar\/web\/dia-de-la-tierra-en-pilar\/","title":{"rendered":"D\u00eda de la Tierra en Pilar"},"content":{"rendered":"<p style=\"text-align: left;\" align=\"center\"><span style=\"font-family: Verdana; font-size: small;\">El pr\u00f3ximo viernes 22 y s\u00e1bado 23 de Abril se celebra el <\/span><b style=\"font-family: Verdana; font-size: small;\">D\u00eda de la Tierra<\/b><span style=\"font-family: Verdana; font-size: small;\"> y desde la <\/span><b style=\"font-family: Verdana; font-size: small;\">Asociaci\u00f3n Patrimonio Natural <\/b><span style=\"font-family: Verdana; font-size: small;\">invitan a participar de las actividades que se estar\u00e1n realizando en la Plaza 12 de Octubre (Plaza central de Pilar) y en la <\/span><b style=\"font-family: Verdana; font-size: small;\">Reserva Natural de Pilar <\/b><span style=\"font-family: Verdana; font-size: small;\">(calle Argerich, detr\u00e1s de ex F\u00e1brica Militar, ruta 25 camino a Escobar). Para m\u00e1s informaci\u00f3n acerca de las jornadas escribir a info@patrimonionatural.org.ar o a patrimonionatural@gmail.com \u00f3 telef\u00f3nicamente comunic\u00e1ndose con el 011 15 57302504.<!--more--><\/span><\/p>\n<p><a href=\"https:\/\/quasarcomunicacion.com.ar\/web\/wp-content\/uploads\/2016\/04\/plaza.gif\"><img class=\"aligncenter\" alt=\"plaza\" src=\"https:\/\/quasarcomunicacion.com.ar\/web\/wp-content\/uploads\/2016\/04\/plaza.gif\" \/><\/a><\/p>\n<p><span style=\"font-family: Verdana; font-size: small;\">Bajo el lema <i>\u201cDefendiendo a la Madre Tierra\u201d <\/i>las actividades van desde charlas tem\u00e1ticas hasta la cl\u00e1sica caminata nocturna por la <b>Reserva Natural de Pilar<\/b>.<br \/>\nEl viernes 22 de abril, primer d\u00eda de la celebraci\u00f3n, se realizar\u00e1n actividades de 11 a 18 hs, en la Plaza 12 de Octubre (Plaza central de Pilar).<\/span><\/p>\n<p><span style=\"font-family: Verdana; font-size: small;\">Las actividades de esta primera jornada en el centro de Pilar incluye juegos aleg\u00f3ricos, m\u00fasica, charlas en continuado con las tem\u00e1ticas vinculadas (Pasteras, Humedales, Fracking, Compost, etc). Tambi\u00e9n, se invita a la comunidad a traer materiales para reciclar y despu\u00e9s \u201cclasificar en origen\u201d para luego donarlo a la Cooperativa Recicladores del Norte (Presidente Derqui).<\/span><\/p>\n<p><span style=\"font-family: Verdana; font-size: small;\">El s\u00e1bado 23 de abril, a partir de las 13 hs, en la <b>Reserva Natural de Pilar<\/b>, se dar\u00e1 comienzo a la segunda jornada de festejo. El itinerario del d\u00eda consta de charlas en simult\u00e1neo sobre Humedales, Pasteras, Fracking, Compost, etc, la inauguraci\u00f3n de una parcela que integrar\u00e1 un nuevo sendero que formar\u00e1 parte de la <b>Reserva Natural de Pilar<\/b>, y a modo de cierre la ya tradicional caminata nocturna por los caminos de dicha Reserva bajo la luz de la luna llena.<\/span><\/p>\n<p>&nbsp;<\/p>\n<p><span style=\"font-family: Verdana; font-size: small;\">A la caminata nocturna se recomienda llevar protecci\u00f3n contra los mosquitos, linterna calzado cerrado, pantalones largos y vianda, los que deseen participar del fog\u00f3n al cierre de la caminata nocturna.<\/span><\/p>\n<p><span style=\"font-family: Verdana; font-size: small;\"><b>La Reserva Natural del Pilar <\/b>se encuentra a menos de 2 km del casco urbano de la ciudad del Pilar y de la Panamericana (Ramal Pilar). Su acceso es muy f\u00e1cil ya que hay asfalto hasta el ingreso a la misma y el colectivo 503 llega hasta all\u00ed, indica a Ex F\u00e1brica Militar y parte del centro de Pilar. La Reserva se halla en la calle Argerich sin n\u00famero, detr\u00e1s de la ex F\u00e1brica Militar, por ruta 25 camino a Escobar.<\/span><\/p>\n<p><span style=\"font-family: Verdana; font-size: small;\">La actividad es libre y gratuita, y abierta a toda la familia. En caso de mal tiempo o mal estado del camino de ingreso, la actividad se suspende.<\/span><\/p>\n<p><span style=\"font-family: Verdana; font-size: small;\">En el recorrido los visitantes tendr\u00e1n la oportunidad de observar las actividades silvestres de la noche, conocer los nombres y caracter\u00edsticas de su flora y fauna nocturna. Una actividad recomendable para toda la familia.<\/span><\/p>\n<p><span style=\"font-family: Verdana; font-size: small;\">El D\u00eda de la Tierra es un d\u00eda especial para rendir homenaje a nuestro planeta y reconocer a la Tierra como nuestro hogar y nuestra madre, as\u00ed como lo han expresado distintas culturas a lo largo de la historia, demostrando la interdependencia entre sus ecosistemas y los seres vivos que la habitamos, es por eso que la <b>Asociaci\u00f3n Patrimonio Natural <\/b>se une a la celebraci\u00f3n.<\/span><\/p>\n<p><b><span style=\"font-family: Arial; font-size: small;\">Toda la info de la Reserva ingresando en\u00a0<\/span><\/b><br \/>\n<a href=\"http:\/\/www.quasarcomunicacion.com.ar\/web\/reserva\"> http:\/\/www.quasarcomunicacion.com.ar\/web\/reserva<\/a><\/p>\n<p><span style=\"font-size: small;\"><b><i><span style=\"font-family: Arial;\">Por otras im\u00e1genes, audios o entrevistas no dude en contactarse<\/span><\/i><\/b><\/span><\/p>\n<p align=\"center\"><span style=\"font-size: small;\"><b><i> Contactos de Prensa<\/i><\/b><\/span><\/p>\n<div align=\"left\">\n<table width=\"100%\" border=\"1\" cellpadding=\"2\" align=\"left\">\n<tbody>\n<tr>\n<td align=\"center\" width=\"50%\">\n<p align=\"left\"><strong> <span style=\"color: #ff0000; font-family: Arial; font-size: small;\">Mayra Ibarra<\/span><\/strong><span style=\"font-size: medium;\"><strong><span style=\"color: #808080; font-family: Arial; font-size: small;\"> &#8211; Asistente de Cuentas<\/p>\n<p><\/span> <\/strong><\/span> <span style=\"font-size: xx-small;\"><span style=\"color: #ff0000;\"> Directo<\/span><b>: <\/b> 0230<\/span><span style=\"font-size: xx-small;\">-4664772<br \/>\n<\/span><span style=\"color: #ff0000; font-size: xx-small;\"> Skype:<\/span><span style=\"font-size: xx-small;\"> quasarcomunicacion<br \/>\n<\/span><span style=\"color: #ff0000; font-size: xx-small;\"> Twitter:<\/span><span style=\"font-size: xx-small;\"> @quasarpilar<br \/>\n<\/span><span style=\"color: #ff0000; font-size: xx-small;\"> Gr<\/span><span style=\"color: #ff0000; font-size: xx-small;\">upo y p\u00e1gina en Facebook: <\/span> <span style=\"color: #808080; font-size: xx-small;\">www.facebook.com\/<\/span><a href=\"mailto:mfipata@gmail.com\"><span style=\"font-size: xx-small;\">Quasar<\/span><\/a><span style=\"font-size: xx-small;\">Comunicacion<br \/>\n<\/span><span style=\"color: #ff0000; font-size: xx-small;\"> Web:<\/span><b><\/b> <a href=\"http:\/\/www.quasarcomunicacion.com.ar\/\"> <span style=\"font-size: xx-small;\">www.quasarcomunicacion.com.ar<\/span><\/a><\/p>\n<p align=\"left\"><span style=\"font-size: xx-small;\"> <span style=\"color: #ff0000;\">Mail<\/span><b>:<\/b><\/span><span style=\"font-size: xx-small;\"> <a href=\"mailto:fernanda@quasarcomunicacion.com.ar\"> quasar@quasarcomunicacion.com.ar<\/a><\/span><\/p>\n<\/td>\n<td align=\"center\" width=\"50%\">\n<p align=\"right\"><span style=\"font-size: medium;\"><strong> <span style=\"color: #808080; font-family: Arial; font-size: small;\"> Lic. Mar\u00eda Fernanda Ipata &#8211; Directora<br \/>\n<\/span> <\/strong><\/span> <span style=\"font-size: xx-small;\"><span style=\"color: #ff0000;\"><br \/>\nDirecto<\/span><b>: <\/b> 0230<\/span><span style=\"font-size: xx-small;\">-4664772<\/span><span style=\"font-size: xx-small;\"><br \/>\n<\/span><span style=\"font-size: xx-small;\"> <span style=\"color: #ff0000;\">M\u00f3vil:<\/span><b> <\/b> 0230<\/span><span style=\"font-size: xx-small;\">-15-4584535<br \/>\n011-15-6096-4656 ID 558*3763<br \/>\n<\/span><span style=\"color: #ff0000; font-size: xx-small;\"> Skype:<\/span><span style=\"font-size: xx-small;\"> quasarcomunicacion<br \/>\n<\/span><span style=\"color: #ff0000; font-size: xx-small;\"> Twitter:<\/span><span style=\"font-size: xx-small;\"> @quasarpilar<br \/>\n<\/span><span style=\"color: #ff0000; font-size: xx-small;\"> Gr<\/span><span style=\"color: #ff0000; font-size: xx-small;\">upo y p\u00e1gina en Facebook: <\/span> <span style=\"color: #808080; font-size: xx-small;\">www.facebook.com\/<\/span><a href=\"mailto:mfipata@gmail.com\"><span style=\"font-size: xx-small;\">Quasar<\/span><\/a><span style=\"font-size: xx-small;\">Comunicacion<br \/>\n<\/span><span style=\"font-size: xx-small;\"> <span style=\"color: #ff0000;\">LinkedIn<\/span><b>:\u00a0 <\/b><\/span> <span style=\"font-size: xx-small;\"><b> <a href=\"http:\/\/www.linkedin.com\/in\/mfipata\"> http:\/\/www.linkedin.com\/in\/mfipata<\/a><\/b><\/span><span style=\"font-size: xx-small;\"><br \/>\n<\/span><span style=\"color: #ff0000; font-size: xx-small;\"> Web:<\/span><b><\/b> <a href=\"http:\/\/www.quasarcomunicacion.com.ar\/\"> <span style=\"font-size: xx-small;\">www.quasarcomunicacion.com.ar<\/span><\/a><span style=\"font-size: xx-small;\"><br \/>\n<\/span><span style=\"font-size: xx-small;\"> <span style=\"color: #ff0000;\">Mail<\/span><b>:<\/b><\/span><span style=\"font-size: xx-small;\"><a href=\"mailto:fernanda@quasarcomunicacion.com.ar\"> fernanda@quasarcomunicacion.com.ar<\/a><\/span><\/p>\n<\/td>\n<\/tr>\n<\/tbody>\n<\/table>\n<\/div>\n","protected":false},"excerpt":{"rendered":"<p>El pr\u00f3ximo viernes 22 y s\u00e1bado 23 de Abril se celebra el D\u00eda de la Tierra y desde la Asociaci\u00f3n [&hellip;]<\/p>\n","protected":false},"author":2,"featured_media":6976,"comment_status":"open","ping_status":"open","sticky":false,"template":"","format":"standard","meta":[],"categories":[2],"tags":[],"_links":{"self":[{"href":"https:\/\/quasarcomunicacion.com.ar\/web\/wp-json\/wp\/v2\/posts\/6975"}],"collection":[{"href":"https:\/\/quasarcomunicacion.com.ar\/web\/wp-json\/wp\/v2\/posts"}],"about":[{"href":"https:\/\/quasarcomunicacion.com.ar\/web\/wp-json\/wp\/v2\/types\/post"}],"author":[{"embeddable":true,"href":"https:\/\/quasarcomunicacion.com.ar\/web\/wp-json\/wp\/v2\/users\/2"}],"replies":[{"embeddable":true,"href":"https:\/\/quasarcomunicacion.com.ar\/web\/wp-json\/wp\/v2\/comments?post=6975"}],"version-history":[{"count":0,"href":"https:\/\/quasarcomunicacion.com.ar\/web\/wp-json\/wp\/v2\/posts\/6975\/revisions"}],"wp:featuredmedia":[{"embeddable":true,"href":"https:\/\/quasarcomunicacion.com.ar\/web\/wp-json\/wp\/v2\/media\/6976"}],"wp:attachment":[{"href":"https:\/\/quasarcomunicacion.com.ar\/web\/wp-json\/wp\/v2\/media?parent=6975"}],"wp:term":[{"taxonomy":"category","embeddable":true,"href":"https:\/\/quasarcomunicacion.com.ar\/web\/wp-json\/wp\/v2\/categories?post=6975"},{"taxonomy":"post_tag","embeddable":true,"href":"https:\/\/quasarcomunicacion.com.ar\/web\/wp-json\/wp\/v2\/tags?post=6975"}],"curies":[{"name":"wp","href":"https:\/\/api.w.org\/{rel}","templated":true}]}}