{"id":6941,"date":"2016-04-01T15:27:48","date_gmt":"2016-04-01T18:27:48","guid":{"rendered":"https:\/\/quasarcomunicacion.com.ar\/web\/?p=6941"},"modified":"2016-04-01T15:27:48","modified_gmt":"2016-04-01T18:27:48","slug":"ix-edicion-de-pilar-de-feria-en-la-fabrica","status":"publish","type":"post","link":"https:\/\/quasarcomunicacion.com.ar\/web\/ix-edicion-de-pilar-de-feria-en-la-fabrica\/","title":{"rendered":"IX Edici\u00f3n de Pilar de Feria en La F\u00e1brica"},"content":{"rendered":"<p style=\"text-align: left;\" align=\"center\"><span style=\"font-family: Verdana; font-size: small;\">La novena <b>\u00a0edici\u00f3n de Pilar de Feria <\/b> tendr\u00e1 lugar<b> <\/b>el pr\u00f3ximo s\u00e1bado 09 de abril de 14 a 19 hs en<b> La F\u00e1brica Centro Cultural y Predio Ferial<\/b> <\/span> <span style=\"font-size: small;\">(<\/span><a href=\"http:\/\/www.pilardeferia.com.ar\/donde.htm\"><span style=\"font-size: small;\">Ambrosetti 633, Bo La Esmeralda, altura Km 50 de ruta y Ramal Pilar ruta Panamericana) ubicada a tres cuadras de Jumbo Pilar.<\/span><\/a><span style=\"font-size: small;\">\u00a0 La entrada es libre y gratuita, se solicita colaborar con art\u00edculos de limpieza para el Hogar de Ni\u00f1os San Cayetano de Pilar. <\/span><span style=\"color: #010101; font-family: Verdana; font-size: small;\">Adem\u00e1s los voluntarios de la instituci\u00f3n ofrecer\u00e1n bonos contribuci\u00f3n para quienes deseen ayudar con dinero. <\/span><span style=\"font-size: small;\"> En caso de mal tiempo, se pospone para el s\u00e1bado siguiente. Toda la info minuto a minuto en <a href=\"http:\/\/www.facebook.com\/pilardeferia\"> www.facebook.com\/pilardeferia<!--more--><\/a><\/span><\/p>\n<p align=\"left\"><a href=\"https:\/\/quasarcomunicacion.com.ar\/web\/wp-content\/uploads\/2016\/04\/marzo2.gif\"><img class=\"aligncenter\" alt=\"marzo2\" src=\"https:\/\/quasarcomunicacion.com.ar\/web\/wp-content\/uploads\/2016\/04\/marzo2.gif\" \/><\/a><\/p>\n<p align=\"left\"><span style=\"font-size: small;\">Luego del \u00e9xito de la edici\u00f3n de marzo, los organizadores apostar\u00e1n a hacer una feria peri\u00f3dica, el segundo s\u00e1bado de cada mes, para que los emprendedores puedan tener un lugar para exhibir y vender sus productos.<\/span><\/p>\n<p align=\"left\"><span style=\"font-size: small;\">Los visitantes podr\u00e1n recorrer m\u00e1s de 60 stands con la m\u00e1s variada gama de productos de emprendedores y artesanos de la zona. Adem\u00e1s, tendr\u00e1n acceso a un cat\u00e1logo de emprendedores para conocer qu\u00e9 stands habr\u00e1 y a una cuponera de descuentos para aprovechar las promociones que cada espacio ofrece. Tambi\u00e9n, durante la tarde habr\u00e1 happy hours de ofertas con precios incre\u00edbles.<\/span><\/p>\n<p align=\"left\"><span style=\"font-size: small;\">Como si esto fuera poco, durante toda la jornada habr\u00e1 actividades para toda la familia. <\/span><\/p>\n<p align=\"left\"><span style=\"font-size: small;\">A las 15.30 hs un show de clown imperdible con la obra Pa`London (a la gorra) aporte de Torrente Espacio Teatral. En la obra, se contar\u00e1 la historia de dos amigas, Charlotte y Coya que preparan las valijas para realizar el viaje de sus sue\u00f1os a la ciudad de Londres. Han estudiado ingl\u00e9s durante a\u00f1os para poder comunicarse con otras personas y para llegar a transmitir su cultura. Esperan encontrar a sus \u00eddolos, conocer los lugares d\u00f3nde habitaron Los Beatles, Shakespeare y quiz\u00e1s llegar a conocer a la reina de Inglaterra, a qui\u00e9n imaginan con corona y llena de amor al mundo.Mientras preparan las valijas, estas \u201cpayasas\u201d jugar\u00e1n a ser estos personajes y llegaran de la mano de la imaginaci\u00f3n al \u00a0lugar so\u00f1ado. Disfrutalo con toda la familia con entrada libre y gratuita.<\/span><\/p>\n<p align=\"left\"><span style=\"font-size: small;\"> A las 17 hs un Taller de Arte para chicos y a las 18 hs intervenciones art\u00edsticas de Vocal Studio Escuela de Canto.<\/span><\/p>\n<p align=\"left\"><span style=\"font-size: small;\"> Tambi\u00e9n podr\u00e1s visitar las producciones de los alumnos de Escuelas Municipales y los productos producidos por el Hogar de Ni\u00f1os San Cayetano. <\/span><\/p>\n<p align=\"left\"><span style=\"font-size: small;\"> Si bien la entrada es libre y gratuita, se solicita colaborar con papel higi\u00e9nico, rollo de cocina, jab\u00f3n de tocador, lavandina, detergente, l\u00edquido limpia pisos, trapos de piso y secadores. Quien lo desee podr\u00e1 adquirir los productos a trav\u00e9s de www.tiendablue.com.ar que los entregar\u00e1 en el Hogar o bien durante la feria. <\/span><\/p>\n<p align=\"left\"><span style=\"color: #010101; font-family: Verdana; font-size: small;\">Nuevamente estar\u00e1n los voluntarios del<\/span><span style=\"font-size: small;\"><b> \u00abProyecto J\u00f3venes Aut\u00f3ctonos\u00bb <\/b>que tendr\u00e1n su espacio para acercar la idea a la comunidad, se trata de un grupo de j\u00f3venes y adolescentes de la Argentina que sienten la necesidad de hacer algo por la Naturaleza que nos rodea a todos, aprender de ella para saber c\u00f3mo protegerla.<\/span><\/p>\n<p><b> <span style=\"font-size: small;\">Pilar de Feria \u201cLa F\u00e1brica<\/span><\/b><span style=\"font-size: small;\">\u201d tendr\u00e1 lugar en este centro cultural y predio ferial ubicado en Km 50 con f\u00e1cil acceso desde Panamericana Ramal Pilar y desde Ruta 8, a tres cuadras de Jumbo Pilar con f\u00e1cil acceso en auto o transporte p\u00fablico.<\/span><\/p>\n<p align=\"left\"><b><span style=\"font-family: Verdana; font-size: small;\">M\u00e1s herramientas para los emprendedores<\/span><\/b><\/p>\n<p><span style=\"font-size: small;\">Para difundir la participaci\u00f3n de los emprendedores, se confeccion\u00f3 un cat\u00e1logo con los datos de los expositores (Ver cat\u00e1logo on line en <\/span> <a href=\"http:\/\/www.pilardeferia.com.ar\/catalogo.htm\"> <span style=\"font-size: small;\">http:\/\/www.pilardeferia.com.ar\/catalogo.htm<\/span><\/a><span style=\"font-size: small;\">) que le permitir\u00e1 a los expositores darse a conocer antes, durante y despu\u00e9s de la feria<\/span><\/p>\n<p><span style=\"font-size: small;\">Tambi\u00e9n se arm\u00f3 una cuponera de descuentos para que los visitantes aprovechen las promociones de cada stand.\u00a0 Podr\u00e1n ver y descargar la cuponera en <a href=\"http:\/\/www.facebook.com\/pilardeferia\"> www.facebook.com\/pilardeferia<\/a>\u00a0 <\/span><\/p>\n<p><span style=\"font-size: small;\"> Acerca de Pilar de Feria<\/span><\/p>\n<p><span style=\"font-size: xx-small;\">Esta es la novena edici\u00f3n de<b> Pilar de Feria<\/b> (mir\u00e1 todas las ediciones en <\/span> <a href=\"http:\/\/www.pilardeferia.com.ar\/ediciones.htm\"> <span style=\"font-size: xx-small;\">http:\/\/www.pilardeferia.com.ar\/ediciones.htm<\/span><\/a><span style=\"font-size: xx-small;\">). El equipo de <b>Pilar de Feria <\/b>viene organizando este tipo de eventos desde 2011 cuando realizaron<b> Pilar de Feria Navidad<\/b>, luego la edici\u00f3n Verano en 2012. M\u00e1s tarde dos ediciones en Pilar Point (\u201cDe Shopping\u201d y \u201cArtesan\u00edas, Arte y Dise\u00f1o D\u00eda de la Madre\u201d) para terminar el 2012 con la Edici\u00f3n Navidad. En 2015 realizaron la edici\u00f3n \u201cEmprendedores\u201d y \u201cShowroom\u201d en Galer\u00eda Site Zen. En marzo se realiz\u00f3 la primera feria en La F\u00e1brica, con la idea de continuar el segundo s\u00e1bado de cada mes con la propuesta.<\/span><\/p>\n<p><b> <span style=\"font-size: xx-small;\">Pilar de Feria<\/span><\/b><span style=\"font-size: xx-small;\"> es un evento peri\u00f3dico y tem\u00e1tico\u00a0 posee diversos t\u00f3picos. La entrada siempre es libre y gratuita para todo el p\u00fablico y el objetivo es darle a los emprendedores un lugar para la exhibici\u00f3n y venta de sus productos. Por Ordenanza 328\/12, <b> Pilar de Feria<\/b> fue declarada de Inter\u00e9s Municipal.<\/span><\/p>\n<p><span style=\"font-size: xx-small;\">Como signo distintivo, a la muestra de productos y servicios se le agregan eventos y herramientas que se le otorgan a los emprendedores como valor agregado para convertirse en una excelente herramienta de marketing, difusi\u00f3n y venta. Adem\u00e1s, de un recomendable paseo en familia. <\/span><\/p>\n<p><span style=\"font-size: xx-small;\">Los emprendedores, adem\u00e1s del apoyo en la difusi\u00f3n de su actividad reciben capacitaci\u00f3n, tips y consejos brindados por expertos en la materia<\/span><\/p>\n<p><span style=\"font-size: small;\"><b><i><span style=\"font-family: Arial;\">Por otras im\u00e1genes, audios o entrevistas no dude en contactarse<\/span><\/i><\/b><\/span><\/p>\n<p align=\"center\"><span style=\"font-size: small;\"><b><i> Contactos de Prensa<\/i><\/b><\/span><\/p>\n<div align=\"left\">\n<table width=\"100%\" border=\"1\" cellpadding=\"2\" align=\"left\">\n<tbody>\n<tr>\n<td align=\"center\" width=\"50%\">\n<p align=\"left\"><span style=\"font-size: medium;\"><strong><span style=\"color: #808080; font-family: Arial; font-size: small;\"> Mayra Ibarra &#8211; Asistente de Cuentas<\/p>\n<p><\/span> <\/strong><\/span> <span style=\"font-size: xx-small;\"><span style=\"color: #ff0000;\"> Directo<\/span><b>: <\/b> 0230<\/span><span style=\"font-size: xx-small;\">-4664772<br \/>\n<\/span><span style=\"color: #ff0000; font-size: xx-small;\"> Skype:<\/span><span style=\"font-size: xx-small;\"> quasarcomunicacion<br \/>\n<\/span><span style=\"color: #ff0000; font-size: xx-small;\"> Twitter:<\/span><span style=\"font-size: xx-small;\"> @quasarpilar<br \/>\n<\/span><span style=\"color: #ff0000; font-size: xx-small;\"> Gr<\/span><span style=\"color: #ff0000; font-size: xx-small;\">upo y p\u00e1gina en Facebook: <\/span> <span style=\"color: #808080; font-size: xx-small;\">www.facebook.com\/<\/span><a href=\"mailto:mfipata@gmail.com\"><span style=\"font-size: xx-small;\">Quasar<\/span><\/a><span style=\"font-size: xx-small;\">Comunicacion<br \/>\n<\/span><span style=\"color: #ff0000; font-size: xx-small;\"> Web:<\/span><b><\/b> <a href=\"http:\/\/www.quasarcomunicacion.com.ar\/\"> <span style=\"font-size: xx-small;\">www.quasarcomunicacion.com.ar<\/span><\/a><\/p>\n<p align=\"left\"><span style=\"font-size: xx-small;\"> <span style=\"color: #ff0000;\">Mail<\/span><b>:<\/b><\/span><span style=\"font-size: xx-small;\"> <a href=\"mailto:fernanda@quasarcomunicacion.com.ar\"> quasar<\/a><a href=\"mailto:fernanda@quasarcomunicacion.com.ar\">@quasarcomunicacion.com.ar<\/a><\/span><\/p>\n<\/td>\n<td align=\"center\" width=\"50%\">\n<p align=\"right\"><span style=\"font-size: medium;\"><strong> <span style=\"color: #808080; font-family: Arial; font-size: small;\"> Lic. Mar\u00eda Fernanda Ipata &#8211; Directora<br \/>\n<\/span> <\/strong><\/span> <span style=\"font-size: xx-small;\"><span style=\"color: #ff0000;\"><br \/>\nDirecto<\/span><b>: <\/b> 0230<\/span><span style=\"font-size: xx-small;\">-4664772<\/span><span style=\"font-size: xx-small;\"><br \/>\n<\/span><span style=\"font-size: xx-small;\"> <span style=\"color: #ff0000;\">M\u00f3vil:<\/span><b> <\/b> 0230<\/span><span style=\"font-size: xx-small;\">-15-4584535<br \/>\n011-15-6096-4656 ID 558*3763<br \/>\n<\/span><span style=\"color: #ff0000; font-size: xx-small;\"> Skype:<\/span><span style=\"font-size: xx-small;\"> quasarcomunicacion<br \/>\n<\/span><span style=\"color: #ff0000; font-size: xx-small;\"> Twitter:<\/span><span style=\"font-size: xx-small;\"> @quasarpilar<br \/>\n<\/span><span style=\"color: #ff0000; font-size: xx-small;\"> Gr<\/span><span style=\"color: #ff0000; font-size: xx-small;\">upo y p\u00e1gina en Facebook: <\/span> <span style=\"color: #808080; font-size: xx-small;\">www.facebook.com\/<\/span><a href=\"mailto:mfipata@gmail.com\"><span style=\"font-size: xx-small;\">Quasar<\/span><\/a><span style=\"font-size: xx-small;\">Comunicacion<br \/>\n<\/span><span style=\"font-size: xx-small;\"> <span style=\"color: #ff0000;\">LinkedIn<\/span><b>:\u00a0 <\/b><\/span> <span style=\"font-size: xx-small;\"><b> <a href=\"http:\/\/www.linkedin.com\/in\/mfipata\"> http:\/\/www.linkedin.com\/in\/mfipata<\/a><\/b><\/span><span style=\"font-size: xx-small;\"><br \/>\n<\/span><span style=\"color: #ff0000; font-size: xx-small;\"> Web:<\/span><b><\/b> <a href=\"http:\/\/www.quasarcomunicacion.com.ar\/\"> <span style=\"font-size: xx-small;\">www.quasarcomunicacion.com.ar<\/span><\/a><span style=\"font-size: xx-small;\"><br \/>\n<\/span><span style=\"font-size: xx-small;\"> <span style=\"color: #ff0000;\">Mail<\/span><b>:<\/b><\/span><span style=\"font-size: xx-small;\"><a href=\"mailto:fernanda@quasarcomunicacion.com.ar\"> fernanda@quasarcomunicacion.com.ar<\/a><\/span><\/p>\n<\/td>\n<\/tr>\n<\/tbody>\n<\/table>\n<\/div>\n","protected":false},"excerpt":{"rendered":"<p>La novena \u00a0edici\u00f3n de Pilar de Feria tendr\u00e1 lugar el pr\u00f3ximo s\u00e1bado 09 de abril de 14 a 19 hs [&hellip;]<\/p>\n","protected":false},"author":2,"featured_media":6942,"comment_status":"open","ping_status":"open","sticky":false,"template":"","format":"standard","meta":[],"categories":[2],"tags":[],"_links":{"self":[{"href":"https:\/\/quasarcomunicacion.com.ar\/web\/wp-json\/wp\/v2\/posts\/6941"}],"collection":[{"href":"https:\/\/quasarcomunicacion.com.ar\/web\/wp-json\/wp\/v2\/posts"}],"about":[{"href":"https:\/\/quasarcomunicacion.com.ar\/web\/wp-json\/wp\/v2\/types\/post"}],"author":[{"embeddable":true,"href":"https:\/\/quasarcomunicacion.com.ar\/web\/wp-json\/wp\/v2\/users\/2"}],"replies":[{"embeddable":true,"href":"https:\/\/quasarcomunicacion.com.ar\/web\/wp-json\/wp\/v2\/comments?post=6941"}],"version-history":[{"count":0,"href":"https:\/\/quasarcomunicacion.com.ar\/web\/wp-json\/wp\/v2\/posts\/6941\/revisions"}],"wp:featuredmedia":[{"embeddable":true,"href":"https:\/\/quasarcomunicacion.com.ar\/web\/wp-json\/wp\/v2\/media\/6942"}],"wp:attachment":[{"href":"https:\/\/quasarcomunicacion.com.ar\/web\/wp-json\/wp\/v2\/media?parent=6941"}],"wp:term":[{"taxonomy":"category","embeddable":true,"href":"https:\/\/quasarcomunicacion.com.ar\/web\/wp-json\/wp\/v2\/categories?post=6941"},{"taxonomy":"post_tag","embeddable":true,"href":"https:\/\/quasarcomunicacion.com.ar\/web\/wp-json\/wp\/v2\/tags?post=6941"}],"curies":[{"name":"wp","href":"https:\/\/api.w.org\/{rel}","templated":true}]}}