{"id":6868,"date":"2016-03-04T11:25:14","date_gmt":"2016-03-04T14:25:14","guid":{"rendered":"https:\/\/quasarcomunicacion.com.ar\/web\/?p=6868"},"modified":"2016-03-04T11:25:14","modified_gmt":"2016-03-04T14:25:14","slug":"curso-de-maquillador-profesional-orientado-en-belleza-con-certificacion-internacional","status":"publish","type":"post","link":"https:\/\/quasarcomunicacion.com.ar\/web\/curso-de-maquillador-profesional-orientado-en-belleza-con-certificacion-internacional\/","title":{"rendered":"Curso de Maquillador Profesional orientado en Belleza con certificaci\u00f3n Internacional"},"content":{"rendered":"<p style=\"text-align: left;\" align=\"center\"><span style=\"font-family: Verdana; font-size: small;\">Siguen creciendo las propuestas de capacitaci\u00f3n en Pilar con cursos de primer nivel y r\u00e1pida salida laboral. En este caso, en abril comienza el <\/span><b style=\"font-family: Verdana; font-size: small;\">Curso Corto de Maquillador Profesional con Orientaci\u00f3n en Belleza<\/b><span style=\"font-family: Verdana; font-size: small;\"> certificado por la Organizaci\u00f3n Mundial de Escuelas de Estilistas (OMEE). M\u00e1s info e inscripciones escribiendo a <\/span><a style=\"font-family: Verdana; font-size: small;\" href=\"mailto:cursos@conniemoreno.com.ar\"> cursos@conniemoreno.com.ar<\/a><span style=\"font-family: Verdana; font-size: small;\">,\u00a0<\/span><span style=\"font-family: Verdana; font-size: small;\">celular 1150288150 o v\u00eda Skype: Makeup-Studio. Detalles del curso en <a href=\"http:\/\/www.conniemoreno.com.ar\/#!escuela\/wring\"> http:\/\/www.conniemoreno.com.ar<!--more--><\/a><\/span><\/p>\n<p align=\"left\"><span style=\"font-family: Verdana; font-size: small;\">El curso, que se inicia el 8 de abril, fue idea por Connie M y cuenta con un staff de profesionales de primer nivel encabezado por Constanza Moreno (maquilladora), la Lic. Florencia Duc\u00f3s (imagen personal y marketing), J\u00e9sica Echarri (fot\u00f3grafa) y Elisa Bressan (Peinadora y Maquilladora).<\/span><\/p>\n<p align=\"left\"><span style=\"font-family: Verdana; font-size: small;\"><a href=\"https:\/\/quasarcomunicacion.com.ar\/web\/wp-content\/uploads\/2016\/03\/curso.gif\"><img class=\"aligncenter\" alt=\"curso\" src=\"https:\/\/quasarcomunicacion.com.ar\/web\/wp-content\/uploads\/2016\/03\/curso.gif\" \/><\/a><\/span><\/p>\n<p align=\"left\"><span style=\"font-family: Verdana; font-size: small;\">La capacitaci\u00f3n tendr\u00e1 lugar una vez por semana, los d\u00edas viernes durante dos horas (de 18.30 a 20.30) en el edificio Pilar Office (Panamericana Ramal Pilar Km 54, puente Champagnat) en el primer piso, oficina 5 <\/span><\/p>\n<p align=\"left\"><span style=\"font-family: Verdana; font-size: small;\">La cuota incluye todos los materiales y la certificaci\u00f3n internacional una vez finalizado el curso. Durante los 5 meses, adem\u00e1s del maquillaje profesional, se capacitar\u00e1 sobre imagen personal, c\u00f3mo montar un negocio, maquillaje para fotograf\u00eda, complementaci\u00f3n del maquillaje con los peinados y mucho\u00a0 m\u00e1s.<\/span><\/p>\n<p align=\"left\"><span style=\"font-family: Verdana; font-size: small;\">\u00abEstudiar Maquillaje Profesional orientado en belleza te abre un amplio abanico de posibilidades laborales. Abre las puertas a un mundo donde el aburrimiento no tiene espacio, donde la creatividad es la herramienta que te distingue y tu exigencia ser\u00e1 el l\u00edmite. Profesionalizarte implica un gran compromiso, primero con vos mismo y, a partir de ah\u00ed, con tus clientes. Muchos pueden ser maquilladores&#8230;Solo algunos ser\u00e1n Profesionales\u00bb, indica Constanza Moreno, directora de Connie M.<\/span><\/p>\n<p><span style=\"font-size: small;\"><b><i><span style=\"font-family: Arial;\">Por otras im\u00e1genes, audios o entrevistas no dude en contactarse<\/span><\/i><\/b><\/span><\/p>\n<p align=\"center\"><span style=\"font-size: small;\"><b><i> Contactos de Prensa<\/i><\/b><\/span><\/p>\n<div align=\"left\">\n<table width=\"100%\" border=\"1\" cellpadding=\"2\" align=\"left\">\n<tbody>\n<tr>\n<td align=\"center\" width=\"50%\">\n<p align=\"left\"><strong> <span style=\"color: #ff0000; font-family: Arial; font-size: small;\">Mayra Ibarra<\/span><\/strong><span style=\"font-size: medium;\"><strong><span style=\"color: #808080; font-family: Arial; font-size: small;\"> &#8211; Asistente de Cuentas<\/span><\/strong><\/span><\/p>\n<p><span style=\"font-size: xx-small;\"><span style=\"color: #ff0000;\"> Directo<\/span><b>: <\/b> 0230<\/span><span style=\"font-size: xx-small;\">-4664772<br \/>\n<\/span><span style=\"color: #ff0000; font-size: xx-small;\"> Skype:<\/span><span style=\"font-size: xx-small;\"> quasarcomunicacion<br \/>\n<\/span><span style=\"color: #ff0000; font-size: xx-small;\"> Twitter:<\/span><span style=\"font-size: xx-small;\"> @quasarpilar<br \/>\n<\/span><span style=\"color: #ff0000; font-size: xx-small;\"> Gr<\/span><span style=\"color: #ff0000; font-size: xx-small;\">upo y p\u00e1gina en Facebook: <\/span> <span style=\"color: #808080; font-size: xx-small;\">www.facebook.com\/<\/span><a href=\"mailto:mfipata@gmail.com\"><span style=\"font-size: xx-small;\">Quasar<\/span><\/a><span style=\"font-size: xx-small;\">Comunicacion<br \/>\n<\/span><span style=\"color: #ff0000; font-size: xx-small;\"> Web:<\/span><b><\/b> <a href=\"http:\/\/www.quasarcomunicacion.com.ar\/\"> <span style=\"font-size: xx-small;\">www.quasarcomunicacion.com.ar<\/span><\/a><\/p>\n<p align=\"left\"><span style=\"font-size: xx-small;\"> <span style=\"color: #ff0000;\">Mail<\/span><b>:<\/b><\/span><span style=\"font-size: xx-small;\"> <a href=\"mailto:fernanda@quasarcomunicacion.com.ar\"> quasar@quasarcomunicacion.com.ar<\/a><\/span><\/p>\n<\/td>\n<td align=\"center\" width=\"50%\">\n<p align=\"right\"><span style=\"font-size: medium;\"><strong> <span style=\"color: #808080; font-family: Arial; font-size: small;\"> Lic. Mar\u00eda Fernanda Ipata &#8211; Directora<br \/>\n<\/span> <\/strong><\/span> <span style=\"font-size: xx-small;\"><span style=\"color: #ff0000;\"><br \/>\nDirecto<\/span><b>: <\/b> 0230<\/span><span style=\"font-size: xx-small;\">-4664772<\/span><span style=\"font-size: xx-small;\"><br \/>\n<\/span><span style=\"font-size: xx-small;\"> <span style=\"color: #ff0000;\">M\u00f3vil:<\/span><b> <\/b> 0230<\/span><span style=\"font-size: xx-small;\">-15-4584535<br \/>\n011-15-6096-4656 ID 558*3763<br \/>\n<\/span><span style=\"color: #ff0000; font-size: xx-small;\"> Skype:<\/span><span style=\"font-size: xx-small;\"> quasarcomunicacion<br \/>\n<\/span><span style=\"color: #ff0000; font-size: xx-small;\"> Twitter:<\/span><span style=\"font-size: xx-small;\"> @quasarpilar<br \/>\n<\/span><span style=\"color: #ff0000; font-size: xx-small;\"> Gr<\/span><span style=\"color: #ff0000; font-size: xx-small;\">upo y p\u00e1gina en Facebook: <\/span> <span style=\"color: #808080; font-size: xx-small;\">www.facebook.com\/<\/span><a href=\"mailto:mfipata@gmail.com\"><span style=\"font-size: xx-small;\">Quasar<\/span><\/a><span style=\"font-size: xx-small;\">Comunicacion<br \/>\n<\/span><span style=\"font-size: xx-small;\"> <span style=\"color: #ff0000;\">LinkedIn<\/span><b>:\u00a0 <\/b><\/span> <span style=\"font-size: xx-small;\"><b> <a href=\"http:\/\/www.linkedin.com\/in\/mfipata\"> http:\/\/www.linkedin.com\/in\/mfipata<\/a><\/b><\/span><span style=\"font-size: xx-small;\"><br \/>\n<\/span><span style=\"color: #ff0000; font-size: xx-small;\"> Web:<\/span><b><\/b> <a href=\"http:\/\/www.quasarcomunicacion.com.ar\/\"> <span style=\"font-size: xx-small;\">www.quasarcomunicacion.com.ar<\/span><\/a><span style=\"font-size: xx-small;\"><br \/>\n<\/span><span style=\"font-size: xx-small;\"> <span style=\"color: #ff0000;\">Mail<\/span><b>:<\/b><\/span><span style=\"font-size: xx-small;\"><a href=\"mailto:fernanda@quasarcomunicacion.com.ar\"> fernanda@quasarcomunicacion.com.ar<\/a><\/span><\/p>\n<\/td>\n<\/tr>\n<\/tbody>\n<\/table>\n<\/div>\n","protected":false},"excerpt":{"rendered":"<p>Siguen creciendo las propuestas de capacitaci\u00f3n en Pilar con cursos de primer nivel y r\u00e1pida salida laboral. En este caso, [&hellip;]<\/p>\n","protected":false},"author":2,"featured_media":6870,"comment_status":"open","ping_status":"open","sticky":false,"template":"","format":"standard","meta":[],"categories":[2,34],"tags":[],"_links":{"self":[{"href":"https:\/\/quasarcomunicacion.com.ar\/web\/wp-json\/wp\/v2\/posts\/6868"}],"collection":[{"href":"https:\/\/quasarcomunicacion.com.ar\/web\/wp-json\/wp\/v2\/posts"}],"about":[{"href":"https:\/\/quasarcomunicacion.com.ar\/web\/wp-json\/wp\/v2\/types\/post"}],"author":[{"embeddable":true,"href":"https:\/\/quasarcomunicacion.com.ar\/web\/wp-json\/wp\/v2\/users\/2"}],"replies":[{"embeddable":true,"href":"https:\/\/quasarcomunicacion.com.ar\/web\/wp-json\/wp\/v2\/comments?post=6868"}],"version-history":[{"count":0,"href":"https:\/\/quasarcomunicacion.com.ar\/web\/wp-json\/wp\/v2\/posts\/6868\/revisions"}],"wp:featuredmedia":[{"embeddable":true,"href":"https:\/\/quasarcomunicacion.com.ar\/web\/wp-json\/wp\/v2\/media\/6870"}],"wp:attachment":[{"href":"https:\/\/quasarcomunicacion.com.ar\/web\/wp-json\/wp\/v2\/media?parent=6868"}],"wp:term":[{"taxonomy":"category","embeddable":true,"href":"https:\/\/quasarcomunicacion.com.ar\/web\/wp-json\/wp\/v2\/categories?post=6868"},{"taxonomy":"post_tag","embeddable":true,"href":"https:\/\/quasarcomunicacion.com.ar\/web\/wp-json\/wp\/v2\/tags?post=6868"}],"curies":[{"name":"wp","href":"https:\/\/api.w.org\/{rel}","templated":true}]}}