{"id":6854,"date":"2016-02-25T10:57:57","date_gmt":"2016-02-25T13:57:57","guid":{"rendered":"https:\/\/quasarcomunicacion.com.ar\/web\/?p=6854"},"modified":"2016-02-25T10:57:57","modified_gmt":"2016-02-25T13:57:57","slug":"a-pura-solidaridad-se-viene-pilar-de-feria-dia-de-la-mujer-en-la-fabrica","status":"publish","type":"post","link":"https:\/\/quasarcomunicacion.com.ar\/web\/a-pura-solidaridad-se-viene-pilar-de-feria-dia-de-la-mujer-en-la-fabrica\/","title":{"rendered":"A pura solidaridad, se viene Pilar de Feria \u00abD\u00eda de la Mujer\u00bb en La F\u00e1brica"},"content":{"rendered":"<p style=\"text-align: left;\" align=\"center\"><span style=\"font-family: Verdana; font-size: small;\"><i>\u00a0<\/i>La octava <b>\u00a0edici\u00f3n de Pilar de Feria \u00abD\u00eda de la Mujer en La F\u00e1brica\u00bb<\/b> tendr\u00e1 lugar<b> <\/b>el pr\u00f3ximo s\u00e1bado 05 de marzo de 14 a 20 hs en<b> La F\u00e1brica Centro Cultural y de Eventos<\/b> <\/span> <span style=\"font-size: small;\">(<\/span><a href=\"http:\/\/www.pilardeferia.com.ar\/donde.htm\"><span style=\"font-size: small;\">Ambrosetti 633, Bo La Esmeralda, altura Km 50 de ruta y Ramal Pilar ruta Panamericana) ubicada a tres cuadras de Jumbo Pilar.<\/span><\/a><span style=\"font-size: small;\">\u00a0 En esta oportunidad, ser\u00e1 una tarde a pura solidaridad. <\/span><span style=\"color: #010101; font-family: Verdana; font-size: small;\">La Feria es con entrada libre y gratuita y ser\u00e1 a total beneficio del <b>Comedor Confiar<\/b> del Bo Los Grillos. Se solicita, de forma voluntaria, asistir con un alimento no perecedero o ropa para los chicos del comedor, adem\u00e1s los voluntarios de la instituci\u00f3n ofrecer\u00e1n bonos contribuci\u00f3n para quienes deseen colaborar con dinero. <\/span><span style=\"font-size: small;\"> En caso de mal tiempo, se pospone para el s\u00e1bado siguiente. Toda la info minuto a minuto en <a href=\"http:\/\/www.facebook.com\/pilardeferia\"> www.facebook.com\/pilardeferia<!--more--><\/a><\/span><b> <\/b><\/p>\n<p align=\"left\"><a href=\"https:\/\/quasarcomunicacion.com.ar\/web\/wp-content\/uploads\/2016\/01\/lafabrica1.gif\"><img class=\"aligncenter\" alt=\"lafabrica1\" src=\"https:\/\/quasarcomunicacion.com.ar\/web\/wp-content\/uploads\/2016\/01\/lafabrica1.gif\" \/><\/a><\/p>\n<p align=\"left\">\u00a0<span style=\"color: #010101; font-family: Verdana; font-size: small;\">Tambi\u00e9n, durante el evento habr\u00e1 actividades abiertas y gratuitas para toda la familia, brind\u00e1ndose a las instituciones espacios de gentileza para que muestren lo que hacen.<\/span><\/p>\n<p align=\"left\"><span style=\"color: #010101; font-family: Verdana; font-size: small;\">De esta manera, se contar\u00e1 con la participaci\u00f3n de los <b>Artistas Organizados de Pilar <\/b>que har\u00e1n shows en vivo; habr\u00e1 un espacio destinado a los <b>Autores Locales<\/b> que presentar\u00e1n y vender\u00e1n sus libros; adem\u00e1s la <b>Asociaci\u00f3n Patrimonio Natural<\/b> estar\u00e1 con su stand de plantas nativas del Vivero El Cachafaz y ofrecer\u00e1 una charla sobre la <b>Reserva Natural del Pilar<\/b>. Durante toda la tarde estar\u00e1 abierta la muestra de mandalas a beneficio del Comedor y talleres de mandalas para chicos. Tambi\u00e9n habr\u00e1 clases abiertas y gratuitas de pintura para chicos. Los amantes de las mascotas podr\u00e1n adoptar una de la mano de <b>Luceritos de Derqui<\/b> y llevarles regalos comprando sus productos; los alumnos de <b>Vocal Studio<\/b> tendr\u00e1n diversas intervenciones a lo largo de la tarde y mucho m\u00e1s para pasar una tarde en familia. Tambi\u00e9n los voluntarios del<\/span><span style=\"font-size: small;\"><b> \u00abProyecto J\u00f3venes Aut\u00f3ctonos\u00bb<\/b> tendr\u00e1n su espacio para acercar la idea a la comunidad, se trata de un grupo de j\u00f3venes y adolescentes de la Argentina que sienten la necesidad de hacer algo por la Naturaleza que nos rodea a todos, aprender de ella para saber c\u00f3mo protegerla.<\/span><\/p>\n<p align=\"left\"><span style=\"font-size: small;\">Desde la <b>Secretar\u00eda de Medio Ambiente<\/b>, participar\u00e1 la direcci\u00f3n de C<b>onsumo Responsable <\/b>para hablar de Emprendimientos Sustentables.<\/span><\/p>\n<p align=\"left\"><b><span style=\"font-size: small;\">Pilar de Feria \u201cLa F\u00e1brica<\/span><\/b><span style=\"font-size: small;\">\u201d tendr\u00e1 lugar en este centro cultural y eventos ubicado en Km 50 con f\u00e1cil acceso desde Panamericana Ramal Pilar y desde Ruta 8, a tres cuadras de Jumbo Pilar con f\u00e1cil acceso en auto o transporte p\u00fablico.<\/span><\/p>\n<p align=\"left\"><b><span style=\"font-family: Verdana; font-size: small;\">M\u00e1s herramientas para los emprendedores<\/span><\/b><\/p>\n<p><span style=\"font-size: small;\">Para difundir la participaci\u00f3n de los emprendedores, se confeccion\u00f3 un cat\u00e1logo con los datos de los expositores (Ver cat\u00e1logo on line en <\/span> <a href=\"http:\/\/www.pilardeferia.com.ar\/catalogo.htm\"> <span style=\"font-size: small;\">http:\/\/www.pilardeferia.com.ar\/catalogo.htm<\/span><\/a><span style=\"font-size: small;\">) que le permitir\u00e1 a los expositores darse a conocer antes, durante y despu\u00e9s de la feria<\/span><\/p>\n<p><span style=\"font-size: small;\">Tambi\u00e9n se arm\u00f3 una cuponera de descuentos para que los visitantes aprovechen las promociones de cada stand.\u00a0 Podr\u00e1n ver y descargar la cuponera en <a href=\"http:\/\/www.facebook.com\/pilardeferia\"> www.facebook.com\/pilardeferia<\/a>\u00a0 <\/span><\/p>\n<p><span style=\"font-size: small;\"> Acerca de Pilar de Feria<\/span><\/p>\n<p><span style=\"font-size: xx-small;\">Esta es la octava edici\u00f3n de<b> Pilar de Feria<\/b> (mir\u00e1 todas las ediciones en <\/span> <a href=\"http:\/\/www.pilardeferia.com.ar\/ediciones.htm\"> <span style=\"font-size: xx-small;\">http:\/\/www.pilardeferia.com.ar\/ediciones.htm<\/span><\/a><span style=\"font-size: xx-small;\">). El equipo de <b>Pilar de Feria <\/b>viene organizando este tipo de eventos desde 2011 cuando realizaron<b> Pilar de Feria Navidad<\/b>, luego la edici\u00f3n Verano en 2012. M\u00e1s tarde dos ediciones en Pilar Point (\u201cDe Shopping\u201d y \u201cArtesan\u00edas, Arte y Dise\u00f1o D\u00eda de la Madre\u201d) para terminar el 2012 con la Edici\u00f3n Navidad. En 2015 realizaron la edici\u00f3n \u201cEmprendedores\u201d y \u201cShowroom\u201d en Galer\u00eda Site Zen. <\/span><\/p>\n<p><b> <span style=\"font-size: xx-small;\">Pilar de Feria<\/span><\/b><span style=\"font-size: xx-small;\"> es un evento peri\u00f3dico y tem\u00e1tico\u00a0 posee diversos t\u00f3picos. La entrada siempre es libre y gratuita para todo el p\u00fablico y el objetivo es darle a los emprendedores un lugar para la exhibici\u00f3n y venta de sus productos. Por Ordenanza 328\/12, <b> Pilar de Feria<\/b> fue declarada de Inter\u00e9s Municipal.<\/span><\/p>\n<p><span style=\"font-size: xx-small;\">Como signo distintivo, a la muestra de productos y servicios se le agregan eventos y herramientas que se le otorgan a los emprendedores como valor agregado para convertirse en una excelente herramienta de marketing, difusi\u00f3n y venta. Adem\u00e1s, de un recomendable paseo en familia. <\/span><\/p>\n<p><span style=\"font-size: xx-small;\">Los emprendedores, adem\u00e1s del apoyo en la difusi\u00f3n de su actividad reciben capacitaci\u00f3n, tips y consejos brindados por expertos en la materia<\/span><\/p>\n<p><span style=\"font-size: small;\"><b><i><span style=\"font-family: Arial;\">Por otras im\u00e1genes, audios o entrevistas no dude en contactarse<\/span><\/i><\/b><\/span><\/p>\n<p align=\"center\"><span style=\"font-size: small;\"><b><i> Contactos de Prensa<\/i><\/b><\/span><\/p>\n<div align=\"left\">\n<table width=\"100%\" border=\"1\" cellpadding=\"2\" align=\"left\">\n<tbody>\n<tr>\n<td align=\"center\" width=\"50%\">\n<p align=\"left\"><span style=\"font-size: medium;\"><strong><span style=\"color: #808080; font-family: Arial; font-size: small;\"> Mayra Ibarra &#8211; Asistente de Cuentas<\/p>\n<p><\/span> <\/strong><\/span> <span style=\"font-size: xx-small;\"><span style=\"color: #ff0000;\"> Directo<\/span><b>: <\/b> 0230<\/span><span style=\"font-size: xx-small;\">-4664772<br \/>\n<\/span><span style=\"color: #ff0000; font-size: xx-small;\"> Skype:<\/span><span style=\"font-size: xx-small;\"> quasarcomunicacion<br \/>\n<\/span><span style=\"color: #ff0000; font-size: xx-small;\"> Twitter:<\/span><span style=\"font-size: xx-small;\"> @quasarpilar<br \/>\n<\/span><span style=\"color: #ff0000; font-size: xx-small;\"> Gr<\/span><span style=\"color: #ff0000; font-size: xx-small;\">upo y p\u00e1gina en Facebook: <\/span> <span style=\"color: #808080; font-size: xx-small;\">www.facebook.com\/<\/span><a href=\"mailto:mfipata@gmail.com\"><span style=\"font-size: xx-small;\">Quasar<\/span><\/a><span style=\"font-size: xx-small;\">Comunicacion<br \/>\n<\/span><span style=\"color: #ff0000; font-size: xx-small;\"> Web:<\/span><b><\/b> <a href=\"http:\/\/www.quasarcomunicacion.com.ar\/\"> <span style=\"font-size: xx-small;\">www.quasarcomunicacion.com.ar<\/span><\/a><\/p>\n<p align=\"left\"><span style=\"font-size: xx-small;\"> <span style=\"color: #ff0000;\">Mail<\/span><b>:<\/b><\/span><span style=\"font-size: xx-small;\"> <a href=\"mailto:fernanda@quasarcomunicacion.com.ar\"> quasar<\/a><a href=\"mailto:fernanda@quasarcomunicacion.com.ar\">@quasarcomunicacion.com.ar<\/a><\/span><\/p>\n<\/td>\n<td align=\"center\" width=\"50%\">\n<p align=\"right\"><span style=\"font-size: medium;\"><strong> <span style=\"color: #808080; font-family: Arial; font-size: small;\"> Lic. Mar\u00eda Fernanda Ipata &#8211; Directora<br \/>\n<\/span> <\/strong><\/span> <span style=\"font-size: xx-small;\"><span style=\"color: #ff0000;\"><br \/>\nDirecto<\/span><b>: <\/b> 0230<\/span><span style=\"font-size: xx-small;\">-4664772<\/span><span style=\"font-size: xx-small;\"><br \/>\n<\/span><span style=\"font-size: xx-small;\"> <span style=\"color: #ff0000;\">M\u00f3vil:<\/span><b> <\/b> 0230<\/span><span style=\"font-size: xx-small;\">-15-4584535<br \/>\n011-15-6096-4656 ID 558*3763<br \/>\n<\/span><span style=\"color: #ff0000; font-size: xx-small;\"> Skype:<\/span><span style=\"font-size: xx-small;\"> quasarcomunicacion<br \/>\n<\/span><span style=\"color: #ff0000; font-size: xx-small;\"> Twitter:<\/span><span style=\"font-size: xx-small;\"> @quasarpilar<br \/>\n<\/span><span style=\"color: #ff0000; font-size: xx-small;\"> Gr<\/span><span style=\"color: #ff0000; font-size: xx-small;\">upo y p\u00e1gina en Facebook: <\/span> <span style=\"color: #808080; font-size: xx-small;\">www.facebook.com\/<\/span><a href=\"mailto:mfipata@gmail.com\"><span style=\"font-size: xx-small;\">Quasar<\/span><\/a><span style=\"font-size: xx-small;\">Comunicacion<br \/>\n<\/span><span style=\"font-size: xx-small;\"> <span style=\"color: #ff0000;\">LinkedIn<\/span><b>:\u00a0 <\/b><\/span> <span style=\"font-size: xx-small;\"><b> <a href=\"http:\/\/www.linkedin.com\/in\/mfipata\"> http:\/\/www.linkedin.com\/in\/mfipata<\/a><\/b><\/span><span style=\"font-size: xx-small;\"><br \/>\n<\/span><span style=\"color: #ff0000; font-size: xx-small;\"> Web:<\/span><b><\/b> <a href=\"http:\/\/www.quasarcomunicacion.com.ar\/\"> <span style=\"font-size: xx-small;\">www.quasarcomunicacion.com.ar<\/span><\/a><span style=\"font-size: xx-small;\"><br \/>\n<\/span><span style=\"font-size: xx-small;\"> <span style=\"color: #ff0000;\">Mail<\/span><b>:<\/b><\/span><span style=\"font-size: xx-small;\"><a href=\"mailto:fernanda@quasarcomunicacion.com.ar\"> fernanda@quasarcomunicacion.com.ar<\/a><\/span><\/p>\n<\/td>\n<\/tr>\n<\/tbody>\n<\/table>\n<\/div>\n","protected":false},"excerpt":{"rendered":"<p>\u00a0La octava \u00a0edici\u00f3n de Pilar de Feria \u00abD\u00eda de la Mujer en La F\u00e1brica\u00bb tendr\u00e1 lugar el pr\u00f3ximo s\u00e1bado 05 [&hellip;]<\/p>\n","protected":false},"author":2,"featured_media":6713,"comment_status":"open","ping_status":"open","sticky":false,"template":"","format":"standard","meta":[],"categories":[2],"tags":[],"_links":{"self":[{"href":"https:\/\/quasarcomunicacion.com.ar\/web\/wp-json\/wp\/v2\/posts\/6854"}],"collection":[{"href":"https:\/\/quasarcomunicacion.com.ar\/web\/wp-json\/wp\/v2\/posts"}],"about":[{"href":"https:\/\/quasarcomunicacion.com.ar\/web\/wp-json\/wp\/v2\/types\/post"}],"author":[{"embeddable":true,"href":"https:\/\/quasarcomunicacion.com.ar\/web\/wp-json\/wp\/v2\/users\/2"}],"replies":[{"embeddable":true,"href":"https:\/\/quasarcomunicacion.com.ar\/web\/wp-json\/wp\/v2\/comments?post=6854"}],"version-history":[{"count":0,"href":"https:\/\/quasarcomunicacion.com.ar\/web\/wp-json\/wp\/v2\/posts\/6854\/revisions"}],"wp:featuredmedia":[{"embeddable":true,"href":"https:\/\/quasarcomunicacion.com.ar\/web\/wp-json\/wp\/v2\/media\/6713"}],"wp:attachment":[{"href":"https:\/\/quasarcomunicacion.com.ar\/web\/wp-json\/wp\/v2\/media?parent=6854"}],"wp:term":[{"taxonomy":"category","embeddable":true,"href":"https:\/\/quasarcomunicacion.com.ar\/web\/wp-json\/wp\/v2\/categories?post=6854"},{"taxonomy":"post_tag","embeddable":true,"href":"https:\/\/quasarcomunicacion.com.ar\/web\/wp-json\/wp\/v2\/tags?post=6854"}],"curies":[{"name":"wp","href":"https:\/\/api.w.org\/{rel}","templated":true}]}}