{"id":6825,"date":"2016-02-22T15:38:56","date_gmt":"2016-02-22T18:38:56","guid":{"rendered":"https:\/\/quasarcomunicacion.com.ar\/web\/?p=6825"},"modified":"2016-02-22T15:38:56","modified_gmt":"2016-02-22T18:38:56","slug":"tips-para-enfrentar-el-miedo-a-los-examanes-3","status":"publish","type":"post","link":"https:\/\/quasarcomunicacion.com.ar\/web\/tips-para-enfrentar-el-miedo-a-los-examanes-3\/","title":{"rendered":"Tips para enfrentar el miedo a los ex\u00e1menes"},"content":{"rendered":"<p style=\"text-align: left;\" align=\"center\"><i><span style=\"font-family: Verdana; font-size: small;\">Se viene el inicio de un nuevo ciclo lectivo y para que no te sorprenda con alg\u00fan problema para enfrentar el momento del ex\u00e1men, el\u00a0 <b>Centro de Estudios Especializado En Trastornos de Ansiedad (CEETA)<\/b> brinda algunos tips sobre c\u00f3mo tratar este problema que sufren algunas personas en este per\u00edodo del a\u00f1o en que los alumnos deber\u00e1n enfrentarse a la tan temida mesa examinadora. Esta realidad, no diagnosticada a tiempo, puede\u00a0 desencadenar en una situaci\u00f3n incapacitante que obligue al abandono de los estudios y deja truncas varias carreras y aspiraciones profesionales.<!--more--><a href=\"https:\/\/quasarcomunicacion.com.ar\/web\/wp-content\/uploads\/2016\/02\/examen.gif\"><img class=\"alignright\" alt=\"examen\" src=\"https:\/\/quasarcomunicacion.com.ar\/web\/wp-content\/uploads\/2016\/02\/examen.gif\" \/><\/a><\/span><\/i><\/p>\n<p><span style=\"font-family: Verdana; font-size: small;\">A esta altura del a\u00f1o un gran porcentaje de estudiantes de todas las edades y niveles educativos deben enfrentarse a los ex\u00e1menes que les permitir\u00e1n avanzar en sus carreras. <\/span><\/p>\n<p><span style=\"font-family: Verdana; font-size: small;\">Es bueno comenzar a prepararse para enfrentar esa instancia decisiva en la vida de cualquier ser humano. Los estudiantes ven que los tiempos se acortan, el nerviosismo crece y la ansiedad aumenta. <\/span><\/p>\n<p><span style=\"font-family: Verdana; font-size: small;\">Esta situaci\u00f3n es hist\u00f3rica y se ha vivido por generaciones. Pero, si al cl\u00e1sico nerviosismo y mente en blanco, se le suman temblores, aceleraci\u00f3n de la tasa card\u00edaca y respiratoria, n\u00e1useas y v\u00f3mitos se convierten en factores que indican la presencia de un cuadro de Fobia. <\/span><\/p>\n<div align=\"center\"><center><\/p>\n<table width=\"90%\" border=\"0\" cellspacing=\"4\" cellpadding=\"4\">\n<tbody>\n<tr>\n<td bgcolor=\"#ECFFF9\" width=\"100%\"><i> <span style=\"font-family: Verdana; font-size: xx-small;\">La licenciada Gabriela Mart\u00ed<\/span><\/i><span style=\"font-family: Verdana; font-size: xx-small;\"><i>nez Castro, directora del CEETA, est\u00e1 disponible para consultas o entrevistas sobre el tema. Comunicarse al 011-15-6096-4656 para concretarlas o enviar un mail a <a href=\"mailto:gabriela@quasarcomunicacion.com.ar\"> fernanda@quasarcomunicacion.com.ar <\/a>\u00a0<\/i><\/span><\/td>\n<\/tr>\n<\/tbody>\n<\/table>\n<p>&nbsp;<\/p>\n<p><\/center><\/div>\n<p><span style=\"font-family: Verdana; font-size: small;\">Si estos s\u00edntomas se manifiestan frente a una situaci\u00f3n de examen, en muchos de los casos termina provocando que el alumno directamente no se presente a rendir la evaluaci\u00f3n y abandone su proceso de capacitaci\u00f3n.<\/span><\/p>\n<p><span style=\"font-family: Verdana; font-size: small;\">La Licenciada Gabriela Mart\u00ednez Castro, directora del <b>Centro de Estudios Especializado en Trastornos de Ansiedad (CEETA),<\/b> se\u00f1al\u00f3 al respecto que \u00abeste cuadro, tambi\u00e9n llamado Ansiedad Social Discreta, se caracteriza por incapacitar cada vez m\u00e1s la vida acad\u00e9mica de quienes lo padecen, llegando en el peor de los casos a que la persona abandone sus estudios por temor a la evaluaci\u00f3n negativa, desaprobaci\u00f3n o a hacer el rid\u00edculo, a pesar de haber estudiado lo suficiente\u00bb.<\/span><\/p>\n<p><span style=\"font-family: Verdana; font-size: small;\">Por lo general no se llega a la consulta con un especialista, sino que se lo obliga a intensificar las clases particulares, entre otros paliativos. Por este motivo es importante que los padres detecten el problema y lo traten adecuadamente con un especialista en trastornos de ansiedad.<\/span><\/p>\n<p><span style=\"font-family: Verdana; font-size: small;\">Quienes padecen esta fobia tienen caracter\u00edsticas comunes: altas exigencias con respecto a sus est\u00e1ndares personales, perfeccionismo, preocupaci\u00f3n desmedida por los errores y gran vulnerabilidad a las cr\u00edticas de los dem\u00e1s.<\/span><\/p>\n<p><span style=\"font-family: Verdana; font-size: small;\">El origen de dicha Fobia, cont\u00f3 la Directora del <b>CEETA<\/b>, puede basarse en tres causas diferentes, las cuales se relacionan con la <b>gen\u00e9tica<\/b>, la herencia familiar; con los factores <b>socio ambientales<\/b>, al haber crecido rodeado de personas temerosas, sobreprotectoras, t\u00edmidas y altamente exigentes; o por presenciar o haber presenciado <b>situaciones desencadenantes<\/b>, como haber pasado el rid\u00edculo o haber sido rechazado o desaprobado en forma traum\u00e1tica para el individuo.<\/span><\/p>\n<p>En cuanto al tratamiento de la Fobia a los Ex\u00e1menes, la Licenciada Mart\u00ednez Castro recomienda el de la Terapia Cognitivo-Conductual (TCC), que consiste en el trabajo directo sobre la forma en que la persona procesa la informaci\u00f3n -como si fuese un ordenador- y sobre la conducta desadaptativa, como por ejemplo las evitaciones a la hora de rendir.<\/p>\n<p>El tratamiento para este tipo de Fobia, concluy\u00f3 la Licenciada, \u00abes breve y activo, tanto por parte del terapeuta como del paciente. Adem\u00e1s, se recomienda que se realice de manera inmediata apenas se lo diagnostica, pues se trata de un cuadro que evoluciona hasta incapacitar la vida acad\u00e9mica del individuo oblig\u00e1ndolo muchas veces a abandonar su capacitaci\u00f3n\u00bb.<\/p>\n<div align=\"center\"><center><\/p>\n<table width=\"90%\" border=\"0\" cellspacing=\"4\" cellpadding=\"4\">\n<tbody>\n<tr>\n<td bgcolor=\"#ECFFF9\" width=\"100%\"><i> <span style=\"font-family: Verdana; font-size: xx-small;\">Especialistas del CEETA<\/span><\/i><span style=\"font-family: Verdana; font-size: xx-small;\"><i> est\u00e1n disponible para consultas o entrevistas sobre el tema. Comunicarse al 0230-4664772 \u00f3 011-15-6096-4656 para concretarlas o enviar un mail a <a href=\"mailto:fernanda@quasarcomunicacion.com.ar\"> fernanda@quasarcomunicacion.com.ar<\/a> <\/i><\/span><\/td>\n<\/tr>\n<\/tbody>\n<\/table>\n<p>&nbsp;<\/p>\n<p><\/center><\/div>\n<p><span style=\"font-family: Verdana; font-size: small;\">El <b>Centro de Estudios Especializados en Trastornos de Ansiedad (CEETA)<\/b> tiene su sede central en el Edificio Concord-Sector Los Almendros-piso segundo Oficina 202. Km 50 de la ruta Panamericana ramal Pilar. Tel\u00e9fono: 0230-4667175 \u00f3 al Celular 15-4416-1578 <a href=\"http:\/\/www.ceeta.org\/\">www.ceeta.org<\/a>\u00a0 Tambi\u00e9n tiene sedes en\u00a0 Parque Patricios, Barrio Norte, Belgrano, San Isidro, Mor\u00f3n, Zona Sur y tambi\u00e9n en Madrid (Espa\u00f1a)<\/span><\/p>\n<p align=\"center\"><span style=\"font-family: Verdana; font-size: small;\">Acceso a toda la informaci\u00f3n ingresando en <a href=\"http:\/\/www.quasarcomunicacion.com.ar\/ceeta\"> www.quasarcomunicacion.com.ar\/web\/ceeta<\/a> <\/span><\/p>\n<p align=\"right\"><span style=\"font-size: small;\"><b><i><span style=\"font-family: Arial;\">Por\u00a0 im\u00e1genes, audios o entrevistas no dude en contactarse<\/span><\/i><\/b><\/span><\/p>\n<p align=\"center\"><span style=\"font-size: small;\"><b><i> Contactos de Prensa<\/i><\/b><\/span><\/p>\n<div align=\"left\">\n<table width=\"100%\" border=\"1\" cellpadding=\"2\" align=\"left\">\n<tbody>\n<tr>\n<td width=\"50%\">\n<p align=\"left\"><span style=\"font-size: medium;\"><strong> <span style=\"color: #808080; font-family: Arial; font-size: small;\"> Candela Villanueva &#8211; Asist. de Cuentas<\/span><\/strong><\/span><\/p>\n<p><span style=\"font-size: xx-small;\"><span style=\"color: #ff0000;\"> Directo<\/span><b>: <\/b> 0230<\/span><span style=\"font-size: xx-small;\">-4664772<br \/>\n<\/span><span style=\"color: #ff0000; font-size: xx-small;\"> Skype:<\/span><span style=\"font-size: xx-small;\"> quasarcomunicacion<br \/>\n<\/span><span style=\"color: #ff0000; font-size: xx-small;\"> Twitter:<\/span><span style=\"font-size: xx-small;\"> @quasarpilar<br \/>\n<\/span><span style=\"color: #ff0000; font-size: xx-small;\"> Gr<\/span><span style=\"color: #ff0000; font-size: xx-small;\">upo y p\u00e1gina en Facebook: <\/span> <span style=\"color: #808080; font-size: xx-small;\">www.facebook.com\/<\/span><a href=\"mailto:mfipata@gmail.com\"><span style=\"font-size: xx-small;\">Quasar<\/span><\/a><span style=\"font-size: xx-small;\">Comunicacion<br \/>\n<\/span><span style=\"color: #ff0000; font-size: xx-small;\"> Web:<\/span><b><\/b> <a href=\"http:\/\/www.quasarcomunicacion.com.ar\/\"> <span style=\"font-size: xx-small;\">www.quasarcomunicacion.com.ar<\/span><\/a><\/p>\n<p align=\"left\"><span style=\"font-size: xx-small;\"> <span style=\"color: #ff0000;\">Mail<\/span><b>:<\/b><\/span><span style=\"font-size: xx-small;\"> <a href=\"mailto:fernanda@quasarcomunicacion.com.ar\"> candela<\/a><a href=\"mailto:fernanda@quasarcomunicacion.com.ar\">@quasarcomunicacion.com.ar<\/a><\/span><\/p>\n<\/td>\n<td width=\"50%\">\n<p align=\"right\"><span style=\"font-size: medium;\"><strong> <span style=\"color: #808080; font-family: Arial; font-size: small;\"> Lic. Mar\u00eda Fernanda Ipata &#8211; Directora<br \/>\n<\/span> <\/strong><\/span> <span style=\"font-size: xx-small;\"><span style=\"color: #ff0000;\"><br \/>\nDirecto<\/span><b>: <\/b> 0230<\/span><span style=\"font-size: xx-small;\">-4664772<\/span><span style=\"font-size: xx-small;\"><br \/>\n<\/span><span style=\"font-size: xx-small;\"> <span style=\"color: #ff0000;\">M\u00f3vil:<\/span><b> <\/b> 0230<\/span><span style=\"font-size: xx-small;\">-15-4584535<br \/>\n011-15-6096-4656 ID 558*3763<br \/>\n<\/span><span style=\"color: #ff0000; font-size: xx-small;\"> Skype:<\/span><span style=\"font-size: xx-small;\"> quasarcomunicacion<br \/>\n<\/span><span style=\"color: #ff0000; font-size: xx-small;\"> Twitter:<\/span><span style=\"font-size: xx-small;\"> @quasarpilar<br \/>\n<\/span><span style=\"color: #ff0000; font-size: xx-small;\"> Gr<\/span><span style=\"color: #ff0000; font-size: xx-small;\">upo y p\u00e1gina en Facebook: <\/span> <span style=\"color: #808080; font-size: xx-small;\">www.facebook.com\/<\/span><a href=\"mailto:mfipata@gmail.com\"><span style=\"font-size: xx-small;\">Quasar<\/span><\/a><span style=\"font-size: xx-small;\">Comunicacion<br \/>\n<\/span><span style=\"font-size: xx-small;\"> <span style=\"color: #ff0000;\">LinkedIn<\/span><b>:\u00a0 <\/b><\/span> <span style=\"font-size: xx-small;\"><b> <a href=\"http:\/\/www.linkedin.com\/in\/mfipata\"> http:\/\/www.linkedin.com\/in\/mfipata<\/a><\/b><\/span><span style=\"font-size: xx-small;\"><br \/>\n<\/span><span style=\"color: #ff0000; font-size: xx-small;\"> Web:<\/span><b><\/b> <a href=\"http:\/\/www.quasarcomunicacion.com.ar\/\"> <span style=\"font-size: xx-small;\">www.quasarcomunicacion.com.ar<\/span><\/a><span style=\"font-size: xx-small;\"><br \/>\n<\/span><span style=\"font-size: xx-small;\"> <span style=\"color: #ff0000;\"> Mail<\/span><b>:<\/b><\/span><span style=\"font-size: xx-small;\"><a href=\"mailto:fernanda@quasarcomunicacion.com.ar\"> fernanda@quasarcomunicacion.com.ar<\/a><\/span><\/p>\n<\/td>\n<\/tr>\n<\/tbody>\n<\/table>\n<\/div>\n","protected":false},"excerpt":{"rendered":"<p>Se viene el inicio de un nuevo ciclo lectivo y para que no te sorprenda con alg\u00fan problema para enfrentar [&hellip;]<\/p>\n","protected":false},"author":2,"featured_media":6826,"comment_status":"open","ping_status":"open","sticky":false,"template":"","format":"standard","meta":[],"categories":[2],"tags":[],"_links":{"self":[{"href":"https:\/\/quasarcomunicacion.com.ar\/web\/wp-json\/wp\/v2\/posts\/6825"}],"collection":[{"href":"https:\/\/quasarcomunicacion.com.ar\/web\/wp-json\/wp\/v2\/posts"}],"about":[{"href":"https:\/\/quasarcomunicacion.com.ar\/web\/wp-json\/wp\/v2\/types\/post"}],"author":[{"embeddable":true,"href":"https:\/\/quasarcomunicacion.com.ar\/web\/wp-json\/wp\/v2\/users\/2"}],"replies":[{"embeddable":true,"href":"https:\/\/quasarcomunicacion.com.ar\/web\/wp-json\/wp\/v2\/comments?post=6825"}],"version-history":[{"count":0,"href":"https:\/\/quasarcomunicacion.com.ar\/web\/wp-json\/wp\/v2\/posts\/6825\/revisions"}],"wp:featuredmedia":[{"embeddable":true,"href":"https:\/\/quasarcomunicacion.com.ar\/web\/wp-json\/wp\/v2\/media\/6826"}],"wp:attachment":[{"href":"https:\/\/quasarcomunicacion.com.ar\/web\/wp-json\/wp\/v2\/media?parent=6825"}],"wp:term":[{"taxonomy":"category","embeddable":true,"href":"https:\/\/quasarcomunicacion.com.ar\/web\/wp-json\/wp\/v2\/categories?post=6825"},{"taxonomy":"post_tag","embeddable":true,"href":"https:\/\/quasarcomunicacion.com.ar\/web\/wp-json\/wp\/v2\/tags?post=6825"}],"curies":[{"name":"wp","href":"https:\/\/api.w.org\/{rel}","templated":true}]}}